{"id":36980,"date":"2013-05-15T01:20:55","date_gmt":"2013-05-15T01:20:55","guid":{"rendered":"http:\/\/desarrollo.mcvicious.com\/aero2020\/2013\/05\/15\/pj-evaluan-apelaciones-contra-polemico-fallo-de-juez-urbina-sobre-la-parada\/"},"modified":"2013-05-15T01:20:55","modified_gmt":"2013-05-15T01:20:55","slug":"pj-evaluan-apelaciones-contra-polemico-fallo-de-juez-urbina-sobre-la-parada","status":"publish","type":"post","link":"https:\/\/aeronoticias.com.pe\/noticiero\/49\/pj-evaluan-apelaciones-contra-polemico-fallo-de-juez-urbina-sobre-la-parada\/","title":{"rendered":"PJ eval\u00faan apelaciones contra pol\u00e9mico fallo de juez Urbina sobre La Parada"},"content":{"rendered":"<p><p><strong>(Aeronoticias).-<\/strong>Hoy martes se viene evaluando si se deja o no sin efecto la pol\u00e9mica resoluci\u00f3n judicial que permitir\u00eda la reapertura del exmercado mayorista La Parada, emitida por el juez Malzon Urbina, \u00a0est\u00e1 decisi\u00f3n se encuentra en manos de la Cuarta Sala Penal de Lima.<\/p>\n<p>Cabe precisar que en audiencia p\u00fablica, el tribunal analiza las apelaciones presentadas por los abogados del municipio de Lima y del Ministerio del Interior, que intentan eliminar el fallo del magistrado antes mencionado, quien como todos sabemos orden\u00f3 el retiro de los bloques de concreto que impiden el ingreso de camiones de carga al centro de abastos y que adem\u00e1s ordena el retiro de la Polic\u00eda que custodia la zona.<\/p>\n<p>En la diligencia, la primera en hacer uso de la palabra fue Ida D\u00e1vila Sedano, representante legal de los comerciantes, quien defendi\u00f3 la decisi\u00f3n del juez Urbina, al precisar que fueron desalojados intempestivamente, sin previo aviso.<\/p>\n<p>Mientras que el abogado del Mininter, Gustavo Ram\u00edrez, afirm\u00f3 que el titular del sector, Wilfredo Pedraza, no realiz\u00f3 coordinaci\u00f3n alguna con la alcaldesa capitalina, Susana Villar\u00e1n, para el desalojo y subray\u00f3 que el ministro es solo una autoridad pol\u00edtica.<\/p>\n<p>El otro abogado del Mininter, C\u00e9sar Augusto Segura Calle, rechaz\u00f3 lo argumentado en el fallo de Urbina en lo referente a la participaci\u00f3n de la Polic\u00eda durante el desalojo y que la misma haya constituido una vulneraci\u00f3n a los derechos fundamentales de los comerciantes.<\/p>\n<p>Por su parte, el Procurador de la comuna lime\u00f1a, Amado Enco Tirado, manifest\u00f3 que la actuaci\u00f3n de la MML se dio en funci\u00f3n al inter\u00e9s colectivo de la ciudad y neg\u00f3 que se haya cometido alguna irregularidad.<\/p>\n<p>Tras escuchar los informes orales de las partes, el colegiado dejar\u00e1 al voto las apelaciones, con la finalidad de emitir un fallo en los siguientes d\u00edas.<\/p>\n<p><img decoding=\"async\" src=\"images\/stories\/13\/05\/140513\/juezmalzonu.jpg\" border=\"0\" alt=\"parada\" title=\"parada\" \/><\/p><\/p>\n","protected":false},"excerpt":{"rendered":"<p>(Aeronoticias).-Hoy martes se viene evaluando si se deja o no sin efecto la pol\u00e9mica resoluci\u00f3n judicial que permitir\u00eda la reapertura del exmercado mayorista La Parada, emitida por el juez Malzon Urbina, \u00a0est\u00e1 decisi\u00f3n se encuentra en manos de la Cuarta Sala Penal de Lima. Cabe precisar que en audiencia p\u00fablica, el tribunal analiza las apelaciones [&hellip;]<\/p>\n","protected":false},"author":1,"featured_media":0,"comment_status":"open","ping_status":"open","sticky":false,"template":"","format":"standard","meta":{"tdm_status":"","tdm_grid_status":"","footnotes":""},"categories":[39],"tags":[],"class_list":{"0":"post-36980","1":"post","2":"type-post","3":"status-publish","4":"format-standard","6":"category-39"},"yoast_head":"<!-- This site is optimized with the Yoast SEO plugin v25.1 - https:\/\/yoast.com\/wordpress\/plugins\/seo\/ -->\n<title>PJ eval\u00faan apelaciones contra pol\u00e9mico fallo de juez Urbina sobre La Parada<\/title>\n<meta name=\"description\" content=\"Portal de noticias del Per\u00fa sobre el transporte a\u00e9reo, aviaci\u00f3n, turismo, hoteleria, actualidad.\" \/>\n<meta name=\"robots\" content=\"index, follow, max-snippet:-1, max-image-preview:large, max-video-preview:-1\" \/>\n<link rel=\"canonical\" href=\"https:\/\/aeronoticias.com.pe\/noticiero\/49\/pj-evaluan-apelaciones-contra-polemico-fallo-de-juez-urbina-sobre-la-parada\/\" \/>\n<meta property=\"og:locale\" content=\"es_ES\" \/>\n<meta property=\"og:type\" content=\"article\" \/>\n<meta property=\"og:title\" content=\"PJ eval\u00faan apelaciones contra pol\u00e9mico fallo de juez Urbina sobre La Parada\" \/>\n<meta property=\"og:description\" content=\"Portal de noticias del Per\u00fa sobre el transporte a\u00e9reo, aviaci\u00f3n, turismo, hoteleria, actualidad.\" \/>\n<meta property=\"og:url\" content=\"https:\/\/aeronoticias.com.pe\/noticiero\/49\/pj-evaluan-apelaciones-contra-polemico-fallo-de-juez-urbina-sobre-la-parada\/\" \/>\n<meta property=\"og:site_name\" content=\"Aeronoticias.com.pe\" \/>\n<meta property=\"article:publisher\" content=\"https:\/\/www.facebook.com\/Aeronoticias.com.pe\/\" \/>\n<meta property=\"article:published_time\" content=\"2013-05-15T01:20:55+00:00\" \/>\n<meta name=\"author\" content=\"Redacci\u00f3n Aeronoticias\" \/>\n<meta name=\"twitter:card\" content=\"summary_large_image\" \/>\n<meta name=\"twitter:creator\" content=\"@aeronoticias\" \/>\n<meta name=\"twitter:site\" content=\"@aeronoticias\" \/>\n<meta name=\"twitter:label1\" content=\"Escrito por\" \/>\n\t<meta name=\"twitter:data1\" content=\"Redacci\u00f3n Aeronoticias\" \/>\n\t<meta name=\"twitter:label2\" content=\"Tiempo de lectura\" \/>\n\t<meta name=\"twitter:data2\" content=\"2 minutos\" \/>\n<script type=\"application\/ld+json\" class=\"yoast-schema-graph\">{\"@context\":\"https:\/\/schema.org\",\"@graph\":[{\"@type\":\"WebPage\",\"@id\":\"https:\/\/aeronoticias.com.pe\/noticiero\/49\/pj-evaluan-apelaciones-contra-polemico-fallo-de-juez-urbina-sobre-la-parada\/\",\"url\":\"https:\/\/aeronoticias.com.pe\/noticiero\/49\/pj-evaluan-apelaciones-contra-polemico-fallo-de-juez-urbina-sobre-la-parada\/\",\"name\":\"PJ eval\u00faan apelaciones contra pol\u00e9mico fallo de juez Urbina sobre La Parada\",\"isPartOf\":{\"@id\":\"https:\/\/aeronoticias.com.pe\/noticiero\/#website\"},\"datePublished\":\"2013-05-15T01:20:55+00:00\",\"author\":{\"@id\":\"https:\/\/aeronoticias.com.pe\/noticiero\/#\/schema\/person\/fc1e5d578f4b62ba1cf7ac2bba1170a0\"},\"description\":\"Portal de noticias del Per\u00fa sobre el transporte a\u00e9reo, aviaci\u00f3n, turismo, hoteleria, actualidad.\",\"breadcrumb\":{\"@id\":\"https:\/\/aeronoticias.com.pe\/noticiero\/49\/pj-evaluan-apelaciones-contra-polemico-fallo-de-juez-urbina-sobre-la-parada\/#breadcrumb\"},\"inLanguage\":\"es\",\"potentialAction\":[{\"@type\":\"ReadAction\",\"target\":[\"https:\/\/aeronoticias.com.pe\/noticiero\/49\/pj-evaluan-apelaciones-contra-polemico-fallo-de-juez-urbina-sobre-la-parada\/\"]}]},{\"@type\":\"BreadcrumbList\",\"@id\":\"https:\/\/aeronoticias.com.pe\/noticiero\/49\/pj-evaluan-apelaciones-contra-polemico-fallo-de-juez-urbina-sobre-la-parada\/#breadcrumb\",\"itemListElement\":[{\"@type\":\"ListItem\",\"position\":1,\"name\":\"Portada\",\"item\":\"https:\/\/aeronoticias.com.pe\/noticiero\/\"},{\"@type\":\"ListItem\",\"position\":2,\"name\":\"PJ eval\u00faan apelaciones contra pol\u00e9mico fallo de juez Urbina sobre La Parada\"}]},{\"@type\":\"WebSite\",\"@id\":\"https:\/\/aeronoticias.com.pe\/noticiero\/#website\",\"url\":\"https:\/\/aeronoticias.com.pe\/noticiero\/\",\"name\":\"Aeronoticias.com.pe\",\"description\":\"Noticias de tranporte aereo, turismo, hoteles, gastronomia, actualidad, internacional\",\"potentialAction\":[{\"@type\":\"SearchAction\",\"target\":{\"@type\":\"EntryPoint\",\"urlTemplate\":\"https:\/\/aeronoticias.com.pe\/noticiero\/?s={search_term_string}\"},\"query-input\":{\"@type\":\"PropertyValueSpecification\",\"valueRequired\":true,\"valueName\":\"search_term_string\"}}],\"inLanguage\":\"es\"},{\"@type\":\"Person\",\"@id\":\"https:\/\/aeronoticias.com.pe\/noticiero\/#\/schema\/person\/fc1e5d578f4b62ba1cf7ac2bba1170a0\",\"name\":\"Redacci\u00f3n Aeronoticias\",\"url\":\"https:\/\/aeronoticias.com.pe\/noticiero\/author\/piloto\/\"}]}<\/script>\n<!-- \/ Yoast SEO plugin. -->","yoast_head_json":{"title":"PJ eval\u00faan apelaciones contra pol\u00e9mico fallo de juez Urbina sobre La Parada","description":"Portal de noticias del Per\u00fa sobre el transporte a\u00e9reo, aviaci\u00f3n, turismo, hoteleria, actualidad.","robots":{"index":"index","follow":"follow","max-snippet":"max-snippet:-1","max-image-preview":"max-image-preview:large","max-video-preview":"max-video-preview:-1"},"canonical":"https:\/\/aeronoticias.com.pe\/noticiero\/49\/pj-evaluan-apelaciones-contra-polemico-fallo-de-juez-urbina-sobre-la-parada\/","og_locale":"es_ES","og_type":"article","og_title":"PJ eval\u00faan apelaciones contra pol\u00e9mico fallo de juez Urbina sobre La Parada","og_description":"Portal de noticias del Per\u00fa sobre el transporte a\u00e9reo, aviaci\u00f3n, turismo, hoteleria, actualidad.","og_url":"https:\/\/aeronoticias.com.pe\/noticiero\/49\/pj-evaluan-apelaciones-contra-polemico-fallo-de-juez-urbina-sobre-la-parada\/","og_site_name":"Aeronoticias.com.pe","article_publisher":"https:\/\/www.facebook.com\/Aeronoticias.com.pe\/","article_published_time":"2013-05-15T01:20:55+00:00","author":"Redacci\u00f3n Aeronoticias","twitter_card":"summary_large_image","twitter_creator":"@aeronoticias","twitter_site":"@aeronoticias","twitter_misc":{"Escrito por":"Redacci\u00f3n Aeronoticias","Tiempo de lectura":"2 minutos"},"schema":{"@context":"https:\/\/schema.org","@graph":[{"@type":"WebPage","@id":"https:\/\/aeronoticias.com.pe\/noticiero\/49\/pj-evaluan-apelaciones-contra-polemico-fallo-de-juez-urbina-sobre-la-parada\/","url":"https:\/\/aeronoticias.com.pe\/noticiero\/49\/pj-evaluan-apelaciones-contra-polemico-fallo-de-juez-urbina-sobre-la-parada\/","name":"PJ eval\u00faan apelaciones contra pol\u00e9mico fallo de juez Urbina sobre La Parada","isPartOf":{"@id":"https:\/\/aeronoticias.com.pe\/noticiero\/#website"},"datePublished":"2013-05-15T01:20:55+00:00","author":{"@id":"https:\/\/aeronoticias.com.pe\/noticiero\/#\/schema\/person\/fc1e5d578f4b62ba1cf7ac2bba1170a0"},"description":"Portal de noticias del Per\u00fa sobre el transporte a\u00e9reo, aviaci\u00f3n, turismo, hoteleria, actualidad.","breadcrumb":{"@id":"https:\/\/aeronoticias.com.pe\/noticiero\/49\/pj-evaluan-apelaciones-contra-polemico-fallo-de-juez-urbina-sobre-la-parada\/#breadcrumb"},"inLanguage":"es","potentialAction":[{"@type":"ReadAction","target":["https:\/\/aeronoticias.com.pe\/noticiero\/49\/pj-evaluan-apelaciones-contra-polemico-fallo-de-juez-urbina-sobre-la-parada\/"]}]},{"@type":"BreadcrumbList","@id":"https:\/\/aeronoticias.com.pe\/noticiero\/49\/pj-evaluan-apelaciones-contra-polemico-fallo-de-juez-urbina-sobre-la-parada\/#breadcrumb","itemListElement":[{"@type":"ListItem","position":1,"name":"Portada","item":"https:\/\/aeronoticias.com.pe\/noticiero\/"},{"@type":"ListItem","position":2,"name":"PJ eval\u00faan apelaciones contra pol\u00e9mico fallo de juez Urbina sobre La Parada"}]},{"@type":"WebSite","@id":"https:\/\/aeronoticias.com.pe\/noticiero\/#website","url":"https:\/\/aeronoticias.com.pe\/noticiero\/","name":"Aeronoticias.com.pe","description":"Noticias de tranporte aereo, turismo, hoteles, gastronomia, actualidad, internacional","potentialAction":[{"@type":"SearchAction","target":{"@type":"EntryPoint","urlTemplate":"https:\/\/aeronoticias.com.pe\/noticiero\/?s={search_term_string}"},"query-input":{"@type":"PropertyValueSpecification","valueRequired":true,"valueName":"search_term_string"}}],"inLanguage":"es"},{"@type":"Person","@id":"https:\/\/aeronoticias.com.pe\/noticiero\/#\/schema\/person\/fc1e5d578f4b62ba1cf7ac2bba1170a0","name":"Redacci\u00f3n Aeronoticias","url":"https:\/\/aeronoticias.com.pe\/noticiero\/author\/piloto\/"}]}},"_links":{"self":[{"href":"https:\/\/aeronoticias.com.pe\/noticiero\/wp-json\/wp\/v2\/posts\/36980","targetHints":{"allow":["GET"]}}],"collection":[{"href":"https:\/\/aeronoticias.com.pe\/noticiero\/wp-json\/wp\/v2\/posts"}],"about":[{"href":"https:\/\/aeronoticias.com.pe\/noticiero\/wp-json\/wp\/v2\/types\/post"}],"author":[{"embeddable":true,"href":"https:\/\/aeronoticias.com.pe\/noticiero\/wp-json\/wp\/v2\/users\/1"}],"replies":[{"embeddable":true,"href":"https:\/\/aeronoticias.com.pe\/noticiero\/wp-json\/wp\/v2\/comments?post=36980"}],"version-history":[{"count":0,"href":"https:\/\/aeronoticias.com.pe\/noticiero\/wp-json\/wp\/v2\/posts\/36980\/revisions"}],"wp:attachment":[{"href":"https:\/\/aeronoticias.com.pe\/noticiero\/wp-json\/wp\/v2\/media?parent=36980"}],"wp:term":[{"taxonomy":"category","embeddable":true,"href":"https:\/\/aeronoticias.com.pe\/noticiero\/wp-json\/wp\/v2\/categories?post=36980"},{"taxonomy":"post_tag","embeddable":true,"href":"https:\/\/aeronoticias.com.pe\/noticiero\/wp-json\/wp\/v2\/tags?post=36980"}],"curies":[{"name":"wp","href":"https:\/\/api.w.org\/{rel}","templated":true}]}}