{"id":37249,"date":"2016-02-24T16:45:00","date_gmt":"2016-02-24T16:45:00","guid":{"rendered":"http:\/\/desarrollo.mcvicious.com\/aero2020\/2016\/02\/24\/tribunal-de-honor-del-cal-dejo-sin-piso-a-tinajeros\/"},"modified":"2016-02-24T16:45:00","modified_gmt":"2016-02-24T16:45:00","slug":"tribunal-de-honor-del-cal-dejo-sin-piso-a-tinajeros","status":"publish","type":"post","link":"https:\/\/aeronoticias.com.pe\/noticiero\/49\/tribunal-de-honor-del-cal-dejo-sin-piso-a-tinajeros\/","title":{"rendered":"Tribunal de Honor del CAL dej\u00f3 sin piso a Antonio Tinajeros"},"content":{"rendered":"<p style=\"text-align: justify;\"><strong>(Aeronoticias)<\/strong> Los Delegados representantes del gremio del Colegio de Abogados de Lima, tienen que tomar conocimiento que el Tribunal de Honor del CAL, que preside el ex Decano Fernando Vidal Ram\u00edrez, el 26 de agosto del 2015 expidi\u00f3 la Resoluci\u00f3n Final Exp. 269-2012, que se resuelve imponer la medida disciplinaria de 2 a\u00f1os de suspensi\u00f3n al abogado V\u00edctor Octavio Girao Alatrista (VER RESOLUCION DEL TRIBUNAL DE HONOR DEL CAL QUE DEJA SIN PISO A ANTONIO TINAJEROS).<\/p>\n<p style=\"text-align: justify;\">Debemos recordar, que el abogado Antonio Tinajeros Aguirre en este proceso disciplinario hizo un voto vergonzoso \u00e9ticamente hablando, apoyando a V\u00edctor Girao Alatrista, y desacatando el C\u00f3digo de \u00c9tica de los Colegios de Abogados del Per\u00fa, que dice que las sanciones rigen en todo el territorio nacional. Hoy Girao es el abogado con m\u00e1s sanciones \u00e9ticas vigentes en la historia del Derecho peruano, con hasta 9 a\u00f1os de suspensi\u00f3n impuestas por el Colegio de Abogados de Lima y el Colegio de Abogados del Callao.<\/p>\n<p style=\"text-align: justify;\">El denunciante y agraviado Pablo Castillo Bardales, desde Iquitos manifest\u00f3, que denunciar\u00eda a la Coordinadora de Delegados al nuevamente candidato al Consejo de \u00c9tica del CAL, el ex Consejero Antonio Tinajeros, pidiendo que se lo investigue ya que su voto en este proceso disciplinario fue vergonzoso, felizmente todos los Consejeros de \u00c9tica del CAL, la Direcci\u00f3n de \u00c9tica Profesional del CAL y el Tribunal de Honor le quitaron el piso a la opini\u00f3n anti\u00e9tica de este abogado \u00abTinajeros\u00bb, que pretendi\u00f3 salvar de la justa sanci\u00f3n \u00e9tica a V\u00edctor Octavio Girao Alatrista, este voto en discordia, dijo Pablo Castillo Bardales lo tacha y descalifica a Antonio Tinajeros Aguirre para integrar de por vida cualquier Consejo de \u00c9tica del CAL, ya que lejos de defender la \u00e9tica Tinajeros defendi\u00f3 la anti\u00e9tica de V\u00edctor Girao Alatrista y eso desmerece el prestigio de la abogac\u00eda peruana, dijo el agraviado \u00e9tico.<\/p>\n<p style=\"text-align: justify;\"><span style=\"font-size: 12.16px; line-height: 1.3em;\">Debemos recordar, que el 26 de setiembre del 2012 el ciudadano Pablo Castillo formul\u00f3 denuncia contra el Abogado V\u00edctor Girao Alatrista por violaci\u00f3n al c\u00f3digo de \u00e9tica profesional indicando que los antecedentes se remontan 1998 en donde el abogado V\u00edctor Girao se le presento como supuesto abogado (en esa \u00e9poca era un simple estudiante de derecho) y se hizo dar un poder por escritura p\u00fablica para litigar y con ese poder se qued\u00f3 con su indemnizaci\u00f3n. Pablo Castillo denunci\u00f3 penalmente a V\u00edctor Girao y el Segundo Juzgado Penal de Lima lo conden\u00f3 a 4 a\u00f1os de c\u00e1rcel, luego se anul\u00f3 la Sentencia \u00a0porque el autoapertorio fue solo por apropiaci\u00f3n il\u00edcita y en la Sentencia se incluy\u00f3 la estafa y luego la 43\u00b0 Fiscal\u00eda pidi\u00f3 5 a\u00f1os de \u00a0c\u00e1rcel para V\u00edctor Girao y ya cuando lo llamaron para lectura de Sentencia en noviembre del 2011 pidi\u00f3 la prescripci\u00f3n aduciendo que ten\u00eda m\u00e1s de 65 a\u00f1os. (<\/span><a href=\"images\/stories\/13\/05\/160513\/pablo_castillo_poder_escritura_publica_v  ictor_girao2.pdf\" target=\"_blank\" style=\"font-size: 12.16px; line-height: 1.3em;\" rel=\"noopener noreferrer\">anexo 1 poder<\/a><span style=\"font-size: 12.16px; line-height: 1.3em;\">).<\/span><\/p>\n<p style=\"text-align: justify;\">Los hechos de relevancia \u00e9tica se inician el 8\/11\/11 en virtud de la Resoluci\u00f3n del Tribunal de Honor del CAL que sancion\u00f3 disciplinariamente en el caso del asesinato de Juliana Villacorta a V\u00edctor Girao suspendi\u00e9ndolo en el ejercicio de la profesi\u00f3n en todo el territorio nacional hasta el 8 de noviembre del 2012. (<a href=\"index.php\/images\/stories\/11\/08\/290811\/resolucion_consejo_etica_14_09  _10.pdf\" target=\"_blank\" rel=\"noopener noreferrer\">anexo 2<\/a>) y que hoy terminaron con una sanci\u00f3n de 5 a\u00f1os de separaci\u00f3n del CAL de V\u00edctor Girao Alatrista.<\/p>\n<p style=\"text-align: justify;\"><span style=\"line-height: 1.3em;\">El abogado denunciado no acato la Resoluci\u00f3n de Tribunal de Honor del CAL y sigui\u00f3 firmando como abogado supuesta mente habilitado por el Colegio de Abogados del Callao Reg. CAC 7591, interponi\u00e9ndole una acci\u00f3n de amparo al Tribunal de Honor de CAL Exp. N\u00b0 23553-2011 firmando como abogado habilitado estando suspendido, perdi\u00f3 este proceso ante el Juez Constitucional, la 5\u00b0 Sala Civil y el Tribunal Constitucional. (<a href=\"images\/stories\/12\/11\/281112\/victor_girao_demanda_amparo_cal.pdf\" target=\"_blank\" rel=\"noopener noreferrer\">anexo 3)<\/a>. Debemos recordar, que el Colegio de Abogados del Callao lo sancion\u00f3 2 a\u00f1os y Girao para no acatar la sanci\u00f3n se incorpor\u00f3 al Colegio de Abogados de Huancavelica, incumpliendo el Art. 53 del C\u00f3digo de \u00c9tica de los Colegios de Abogados del Per\u00fa.<\/span><\/p>\n<p style=\"text-align: justify;\"><span style=\"line-height: 1.3em; font-size: 12.16px;\">La 43 Fiscal\u00eda provincial penal de Lima pidi\u00f3 5 a\u00f1os de c\u00e1rcel para Victor Girao, pero para un ex consejero de \u00c9tica del CAL que en los pr\u00f3ximos d\u00edas se revelara su nombre, los hechos relatados por la Fiscal no tendrian connotaci\u00f3n \u00e9tica, ni a\u00fan el hecho de que el abogado denunciado haya firmado como abogado habilitado denunciando al CAL, firmando y sorprendiendo al Poder judicial como abogado supuesta mente habilitado estando suspendido por Resoluci\u00f3n del Tribunal de Honor del CAL en todo el territorio nacional (<\/span><a href=\"index.php\/images\/stories\/11\/08\/290811\/dictamen_fiscal_05_08_11.pdf\" target=\"_blank\" style=\"line-height: 1.3em; font-size: 12.16px;\" rel=\"noopener noreferrer\">Ver dictamen fiscal<\/a><span style=\"line-height: 1.3em; font-size: 12.16px;\">).<\/span><\/p>\n<p style=\"text-align: justify;\"><span style=\"line-height: 1.3em;\">El Colegio de Abogados del Callao al darse cuenta de la anti\u00e9tica conducta de V\u00edctor Girao Alatrista, expidi\u00f3 un acuerdo de junta directiva de fecha 24 de abril del 2012 en donde se acord\u00f3 por unanimidad su procesamiento disciplinario (<a href=\"images\/stories\/13\/04\/090413\/CAC_acuerdo_junta_directiva_003_2012CAC.  pdf\" target=\"_blank\" rel=\"noopener noreferrer\">anexo 5<\/a>) y fuentes de abogados chalacos nos informan que ya lo habr\u00edan sancionado, posteriormente el Tribunal de Honor de este gremio lo suspendi\u00f3 2 a\u00f1os hasta marzo del 2017.<\/span><\/p>\n<p style=\"text-align: justify;\"><span style=\"line-height: 1.3em; font-size: 12.16px;\">En s\u00edntesis consideramos que los Delegados del CAL 2016-2018, en las pr\u00f3ximas elecciones al Consejo de \u00c9tica deber\u00edan evalur estos hechos antes de dar su voto a los candidatos al Consejo de \u00c9tica (CAL) (<\/span><a href=\"images\/stories\/13\/05\/100513\/AUTO_APERTORIO_GIRAO.pdf\" target=\"_blank\" style=\"line-height: 1.3em; font-size: 12.16px;\" rel=\"noopener noreferrer\">anexo 6<\/a><span style=\"line-height: 1.3em; font-size: 12.16px;\">).<\/span><\/p>\n<p style=\"text-align: justify;\"><img decoding=\"async\" src=\"images\/stories\/16\/02\/240216\/tinajeross.jpg\" border=\"0\" \/><\/p>\n","protected":false},"excerpt":{"rendered":"<p>(Aeronoticias) Los Delegados representantes del gremio del Colegio de Abogados de Lima, tienen que tomar conocimiento que el Tribunal de Honor del CAL, que preside el ex Decano Fernando Vidal Ram\u00edrez, el 26 de agosto del 2015 expidi\u00f3 la Resoluci\u00f3n Final Exp. 269-2012, que se resuelve imponer la medida disciplinaria de 2 a\u00f1os de suspensi\u00f3n [&hellip;]<\/p>\n","protected":false},"author":1,"featured_media":0,"comment_status":"open","ping_status":"open","sticky":false,"template":"","format":"standard","meta":{"tdm_status":"","tdm_grid_status":"","footnotes":""},"categories":[39],"tags":[],"class_list":{"0":"post-37249","1":"post","2":"type-post","3":"status-publish","4":"format-standard","6":"category-39"},"yoast_head":"<!-- This site is optimized with the Yoast SEO plugin v25.1 - https:\/\/yoast.com\/wordpress\/plugins\/seo\/ -->\n<title>Tribunal de Honor del CAL dej\u00f3 sin piso a Antonio Tinajeros<\/title>\n<meta name=\"description\" content=\"Portal de noticias del Per\u00fa sobre el transporte a\u00e9reo, aviaci\u00f3n, turismo, hoteleria, actualidad.\" \/>\n<meta name=\"robots\" content=\"index, follow, max-snippet:-1, max-image-preview:large, max-video-preview:-1\" \/>\n<link rel=\"canonical\" href=\"https:\/\/aeronoticias.com.pe\/noticiero\/49\/tribunal-de-honor-del-cal-dejo-sin-piso-a-tinajeros\/\" \/>\n<meta property=\"og:locale\" content=\"es_ES\" \/>\n<meta property=\"og:type\" content=\"article\" \/>\n<meta property=\"og:title\" content=\"Tribunal de Honor del CAL dej\u00f3 sin piso a Antonio Tinajeros\" \/>\n<meta property=\"og:description\" content=\"Portal de noticias del Per\u00fa sobre el transporte a\u00e9reo, aviaci\u00f3n, turismo, hoteleria, actualidad.\" \/>\n<meta property=\"og:url\" content=\"https:\/\/aeronoticias.com.pe\/noticiero\/49\/tribunal-de-honor-del-cal-dejo-sin-piso-a-tinajeros\/\" \/>\n<meta property=\"og:site_name\" content=\"Aeronoticias.com.pe\" \/>\n<meta property=\"article:publisher\" content=\"https:\/\/www.facebook.com\/Aeronoticias.com.pe\/\" \/>\n<meta property=\"article:published_time\" content=\"2016-02-24T16:45:00+00:00\" \/>\n<meta name=\"author\" content=\"Redacci\u00f3n Aeronoticias\" \/>\n<meta name=\"twitter:card\" content=\"summary_large_image\" \/>\n<meta name=\"twitter:creator\" content=\"@aeronoticias\" \/>\n<meta name=\"twitter:site\" content=\"@aeronoticias\" \/>\n<meta name=\"twitter:label1\" content=\"Escrito por\" \/>\n\t<meta name=\"twitter:data1\" content=\"Redacci\u00f3n Aeronoticias\" \/>\n\t<meta name=\"twitter:label2\" content=\"Tiempo de lectura\" \/>\n\t<meta name=\"twitter:data2\" content=\"4 minutos\" \/>\n<script type=\"application\/ld+json\" class=\"yoast-schema-graph\">{\"@context\":\"https:\/\/schema.org\",\"@graph\":[{\"@type\":\"WebPage\",\"@id\":\"https:\/\/aeronoticias.com.pe\/noticiero\/49\/tribunal-de-honor-del-cal-dejo-sin-piso-a-tinajeros\/\",\"url\":\"https:\/\/aeronoticias.com.pe\/noticiero\/49\/tribunal-de-honor-del-cal-dejo-sin-piso-a-tinajeros\/\",\"name\":\"Tribunal de Honor del CAL dej\u00f3 sin piso a Antonio Tinajeros\",\"isPartOf\":{\"@id\":\"https:\/\/aeronoticias.com.pe\/noticiero\/#website\"},\"datePublished\":\"2016-02-24T16:45:00+00:00\",\"author\":{\"@id\":\"https:\/\/aeronoticias.com.pe\/noticiero\/#\/schema\/person\/fc1e5d578f4b62ba1cf7ac2bba1170a0\"},\"description\":\"Portal de noticias del Per\u00fa sobre el transporte a\u00e9reo, aviaci\u00f3n, turismo, hoteleria, actualidad.\",\"breadcrumb\":{\"@id\":\"https:\/\/aeronoticias.com.pe\/noticiero\/49\/tribunal-de-honor-del-cal-dejo-sin-piso-a-tinajeros\/#breadcrumb\"},\"inLanguage\":\"es\",\"potentialAction\":[{\"@type\":\"ReadAction\",\"target\":[\"https:\/\/aeronoticias.com.pe\/noticiero\/49\/tribunal-de-honor-del-cal-dejo-sin-piso-a-tinajeros\/\"]}]},{\"@type\":\"BreadcrumbList\",\"@id\":\"https:\/\/aeronoticias.com.pe\/noticiero\/49\/tribunal-de-honor-del-cal-dejo-sin-piso-a-tinajeros\/#breadcrumb\",\"itemListElement\":[{\"@type\":\"ListItem\",\"position\":1,\"name\":\"Portada\",\"item\":\"https:\/\/aeronoticias.com.pe\/noticiero\/\"},{\"@type\":\"ListItem\",\"position\":2,\"name\":\"Tribunal de Honor del CAL dej\u00f3 sin piso a Antonio Tinajeros\"}]},{\"@type\":\"WebSite\",\"@id\":\"https:\/\/aeronoticias.com.pe\/noticiero\/#website\",\"url\":\"https:\/\/aeronoticias.com.pe\/noticiero\/\",\"name\":\"Aeronoticias.com.pe\",\"description\":\"Noticias de tranporte aereo, turismo, hoteles, gastronomia, actualidad, internacional\",\"potentialAction\":[{\"@type\":\"SearchAction\",\"target\":{\"@type\":\"EntryPoint\",\"urlTemplate\":\"https:\/\/aeronoticias.com.pe\/noticiero\/?s={search_term_string}\"},\"query-input\":{\"@type\":\"PropertyValueSpecification\",\"valueRequired\":true,\"valueName\":\"search_term_string\"}}],\"inLanguage\":\"es\"},{\"@type\":\"Person\",\"@id\":\"https:\/\/aeronoticias.com.pe\/noticiero\/#\/schema\/person\/fc1e5d578f4b62ba1cf7ac2bba1170a0\",\"name\":\"Redacci\u00f3n Aeronoticias\",\"url\":\"https:\/\/aeronoticias.com.pe\/noticiero\/author\/piloto\/\"}]}<\/script>\n<!-- \/ Yoast SEO plugin. -->","yoast_head_json":{"title":"Tribunal de Honor del CAL dej\u00f3 sin piso a Antonio Tinajeros","description":"Portal de noticias del Per\u00fa sobre el transporte a\u00e9reo, aviaci\u00f3n, turismo, hoteleria, actualidad.","robots":{"index":"index","follow":"follow","max-snippet":"max-snippet:-1","max-image-preview":"max-image-preview:large","max-video-preview":"max-video-preview:-1"},"canonical":"https:\/\/aeronoticias.com.pe\/noticiero\/49\/tribunal-de-honor-del-cal-dejo-sin-piso-a-tinajeros\/","og_locale":"es_ES","og_type":"article","og_title":"Tribunal de Honor del CAL dej\u00f3 sin piso a Antonio Tinajeros","og_description":"Portal de noticias del Per\u00fa sobre el transporte a\u00e9reo, aviaci\u00f3n, turismo, hoteleria, actualidad.","og_url":"https:\/\/aeronoticias.com.pe\/noticiero\/49\/tribunal-de-honor-del-cal-dejo-sin-piso-a-tinajeros\/","og_site_name":"Aeronoticias.com.pe","article_publisher":"https:\/\/www.facebook.com\/Aeronoticias.com.pe\/","article_published_time":"2016-02-24T16:45:00+00:00","author":"Redacci\u00f3n Aeronoticias","twitter_card":"summary_large_image","twitter_creator":"@aeronoticias","twitter_site":"@aeronoticias","twitter_misc":{"Escrito por":"Redacci\u00f3n Aeronoticias","Tiempo de lectura":"4 minutos"},"schema":{"@context":"https:\/\/schema.org","@graph":[{"@type":"WebPage","@id":"https:\/\/aeronoticias.com.pe\/noticiero\/49\/tribunal-de-honor-del-cal-dejo-sin-piso-a-tinajeros\/","url":"https:\/\/aeronoticias.com.pe\/noticiero\/49\/tribunal-de-honor-del-cal-dejo-sin-piso-a-tinajeros\/","name":"Tribunal de Honor del CAL dej\u00f3 sin piso a Antonio Tinajeros","isPartOf":{"@id":"https:\/\/aeronoticias.com.pe\/noticiero\/#website"},"datePublished":"2016-02-24T16:45:00+00:00","author":{"@id":"https:\/\/aeronoticias.com.pe\/noticiero\/#\/schema\/person\/fc1e5d578f4b62ba1cf7ac2bba1170a0"},"description":"Portal de noticias del Per\u00fa sobre el transporte a\u00e9reo, aviaci\u00f3n, turismo, hoteleria, actualidad.","breadcrumb":{"@id":"https:\/\/aeronoticias.com.pe\/noticiero\/49\/tribunal-de-honor-del-cal-dejo-sin-piso-a-tinajeros\/#breadcrumb"},"inLanguage":"es","potentialAction":[{"@type":"ReadAction","target":["https:\/\/aeronoticias.com.pe\/noticiero\/49\/tribunal-de-honor-del-cal-dejo-sin-piso-a-tinajeros\/"]}]},{"@type":"BreadcrumbList","@id":"https:\/\/aeronoticias.com.pe\/noticiero\/49\/tribunal-de-honor-del-cal-dejo-sin-piso-a-tinajeros\/#breadcrumb","itemListElement":[{"@type":"ListItem","position":1,"name":"Portada","item":"https:\/\/aeronoticias.com.pe\/noticiero\/"},{"@type":"ListItem","position":2,"name":"Tribunal de Honor del CAL dej\u00f3 sin piso a Antonio Tinajeros"}]},{"@type":"WebSite","@id":"https:\/\/aeronoticias.com.pe\/noticiero\/#website","url":"https:\/\/aeronoticias.com.pe\/noticiero\/","name":"Aeronoticias.com.pe","description":"Noticias de tranporte aereo, turismo, hoteles, gastronomia, actualidad, internacional","potentialAction":[{"@type":"SearchAction","target":{"@type":"EntryPoint","urlTemplate":"https:\/\/aeronoticias.com.pe\/noticiero\/?s={search_term_string}"},"query-input":{"@type":"PropertyValueSpecification","valueRequired":true,"valueName":"search_term_string"}}],"inLanguage":"es"},{"@type":"Person","@id":"https:\/\/aeronoticias.com.pe\/noticiero\/#\/schema\/person\/fc1e5d578f4b62ba1cf7ac2bba1170a0","name":"Redacci\u00f3n Aeronoticias","url":"https:\/\/aeronoticias.com.pe\/noticiero\/author\/piloto\/"}]}},"_links":{"self":[{"href":"https:\/\/aeronoticias.com.pe\/noticiero\/wp-json\/wp\/v2\/posts\/37249","targetHints":{"allow":["GET"]}}],"collection":[{"href":"https:\/\/aeronoticias.com.pe\/noticiero\/wp-json\/wp\/v2\/posts"}],"about":[{"href":"https:\/\/aeronoticias.com.pe\/noticiero\/wp-json\/wp\/v2\/types\/post"}],"author":[{"embeddable":true,"href":"https:\/\/aeronoticias.com.pe\/noticiero\/wp-json\/wp\/v2\/users\/1"}],"replies":[{"embeddable":true,"href":"https:\/\/aeronoticias.com.pe\/noticiero\/wp-json\/wp\/v2\/comments?post=37249"}],"version-history":[{"count":0,"href":"https:\/\/aeronoticias.com.pe\/noticiero\/wp-json\/wp\/v2\/posts\/37249\/revisions"}],"wp:attachment":[{"href":"https:\/\/aeronoticias.com.pe\/noticiero\/wp-json\/wp\/v2\/media?parent=37249"}],"wp:term":[{"taxonomy":"category","embeddable":true,"href":"https:\/\/aeronoticias.com.pe\/noticiero\/wp-json\/wp\/v2\/categories?post=37249"},{"taxonomy":"post_tag","embeddable":true,"href":"https:\/\/aeronoticias.com.pe\/noticiero\/wp-json\/wp\/v2\/tags?post=37249"}],"curies":[{"name":"wp","href":"https:\/\/api.w.org\/{rel}","templated":true}]}}