{"id":37479,"date":"2013-05-31T16:08:41","date_gmt":"2013-05-31T16:08:41","guid":{"rendered":"http:\/\/desarrollo.mcvicious.com\/aero2020\/2013\/05\/31\/cusco-corpus-christi-maravilla-a-turistas\/"},"modified":"2013-05-31T16:08:41","modified_gmt":"2013-05-31T16:08:41","slug":"cusco-corpus-christi-maravilla-a-turistas","status":"publish","type":"post","link":"https:\/\/aeronoticias.com.pe\/noticiero\/turismo\/13\/cusco-corpus-christi-maravilla-a-turistas\/","title":{"rendered":"Cusco: Corpus Christi maravilla a turistas"},"content":{"rendered":"<p style=\"text-align: justify;\"><strong>(Aeronoticias).-<\/strong> Miles de fieles cat\u00f3licos cusque\u00f1os, turistas nacionales y extranjeros viven un ambiente de fiesta religiosa y cultural al participar del tradicional Corpus Christi que se desarrolla con la procesi\u00f3n de 15 v\u00edrgenes y santos en la Plaza Mayor de la ciudad del Cusco.<\/p>\n<p style=\"text-align: justify;\">Bajo un radiante sol y al ritmo de bandas de m\u00fasicos, hermandades y congregaciones, algunas vestidas con ropa t\u00edpica de las zonas altoandinas de esta regi\u00f3n y otros trajes de gala, llevan en hombros a las efigies luego que esta ma\u00f1ana se realizara la misa en el atrio de la Bas\u00edlica Catedral.<\/p>\n<p>  <!--more-->  <\/p>\n<p style=\"text-align: justify;\">La homil\u00eda lit\u00fargica oficiada por monse\u00f1or Juan Antonio Ugarte P\u00e9rez, arzobispo de Cusco, que se prolong\u00f3 hasta el mediod\u00eda fue con la participaci\u00f3n de autoridades locales, regionales, fuerzas castrenses, eclesi\u00e1sticas, delegaciones estudiantiles y la poblaci\u00f3n en su conjunto.<\/p>\n<p style=\"text-align: justify;\">Durante su discurso, la m\u00e1xima autoridad de la iglesia Cat\u00f3lica en Cusco, destac\u00f3 que esta fiesta religiosa es especial y \u00fanica en el mundo. Record\u00f3 que antes se llevaba en procesi\u00f3n a momias de las panacas reales, pero con los a\u00f1os, y como parte de la evangelizaci\u00f3n, se cambi\u00f3 por las efigies de v\u00edrgenes y santos.<\/p>\n<p style=\"text-align: justify;\">La procesi\u00f3n fue encabezada por el sant\u00edsimo sacramento que representa el cuerpo de nuestro Se\u00f1or Jesucristo, que fue llevaba por todo el per\u00edmetro en una carroza de plata, fieles cat\u00f3licos y autoridades la acompa\u00f1aron hasta La catedral.<\/p>\n<p style=\"text-align: justify;\">En la procesi\u00f3n participan San Antonio Abad, San Jer\u00f3nimo, San Crist\u00f3bal, Santa B\u00e1rbara, Santa Ana, San Blas, San Pedro, San Jos\u00e9, Virgen de la Natividad, Virgen de los Remedios, Virgen Purificada y Virgen de Bel\u00e9n.<\/p>\n<p style=\"text-align: justify;\">Tambi\u00e9n la Virgen de la Inmaculada Concepci\u00f3n, conocida tambi\u00e9n como \u201cLa Linda\u201d de la Catedral, San Sebasti\u00e1n y Santiago Ap\u00f3stol, estos dos \u00faltimos santos son acompa\u00f1ados de los alcaldes distritales de San Sebasti\u00e1n y Santiago, Juli\u00e1n Incaroca y Ferm\u00edn Garc\u00eda Fuentes, respectivamente.<\/p>\n<p style=\"text-align: justify;\">Todos los santos, tras la procesi\u00f3n, permanecer\u00e1n en la Catedral hasta la octava donde se tiene previsto otra peregrinaci\u00f3n, en esta ocasi\u00f3n las im\u00e1genes retornar\u00e1n a sus iglesias y parroquias de procedencia.<\/p>\n<p style=\"text-align: justify;\">Por ejemplo, Santa B\u00e1rbara regresar\u00e1 al distrito de Poroy, San Jer\u00f3nimo y San Sebasti\u00e1n a los distritos que llevan sus nombres y que se ubican en zonas un poco alejadas del centro de la ciudad.<\/p>\n<p style=\"text-align: justify;\">En esta tradicional festividad tambi\u00e9n se degusta del tradicional Chiriuchu, plato de bandera de Cusco preparado a base de carne de cuy, gallina, tortilla, ma\u00edz, rocoto, cecina, yuyo, cau cau, entre otros productos de esta zona.<\/p>\n<p style=\"text-align: justify;\">Decenas de vendedores y vivanderas se apostaron en la plaza San Francisco a dos cuadras de la Plaza Mayor.<\/p>\n<p style=\"text-align: justify;\">Otros comerciantes optan por ofrecer frutas como coco, ca\u00f1a, pacae, chirimoya, l\u00facuma, mandarina, granada, entre otras, provenientes de la selva cusque\u00f1a.<\/p>\n<p style=\"text-align: justify;\">Agencia Andina.<\/p>\n<p style=\"text-align: justify;\"><img decoding=\"async\" src=\"images\/stories\/11\/06\/100611\/corpuschristi.jpg\" border=\"0\" alt=\"Cusco: Corpus Christi maravilla a turistas\" title=\"Cusco: Corpus Christi maravilla a turistas\" \/><\/p>\n","protected":false},"excerpt":{"rendered":"<p>(Aeronoticias).- Miles de fieles cat\u00f3licos cusque\u00f1os, turistas nacionales y extranjeros viven un ambiente de fiesta religiosa y cultural al participar del tradicional Corpus Christi que se desarrolla con la procesi\u00f3n de 15 v\u00edrgenes y santos en la Plaza Mayor de la ciudad del Cusco. Bajo un radiante sol y al ritmo de bandas de m\u00fasicos, [&hellip;]<\/p>\n","protected":false},"author":1,"featured_media":0,"comment_status":"open","ping_status":"open","sticky":false,"template":"","format":"standard","meta":{"tdm_status":"","tdm_grid_status":"","footnotes":""},"categories":[31],"tags":[],"class_list":{"0":"post-37479","1":"post","2":"type-post","3":"status-publish","4":"format-standard","6":"category-31"},"yoast_head":"<!-- This site is optimized with the Yoast SEO plugin v25.1 - https:\/\/yoast.com\/wordpress\/plugins\/seo\/ -->\n<title>Cusco: Corpus Christi maravilla a turistas<\/title>\n<meta name=\"description\" content=\"Portal de noticias del Per\u00fa sobre el transporte a\u00e9reo, aviaci\u00f3n, turismo, hoteleria, actualidad.\" \/>\n<meta name=\"robots\" content=\"index, follow, max-snippet:-1, max-image-preview:large, max-video-preview:-1\" \/>\n<link rel=\"canonical\" href=\"https:\/\/aeronoticias.com.pe\/noticiero\/turismo\/13\/cusco-corpus-christi-maravilla-a-turistas\/\" \/>\n<meta property=\"og:locale\" content=\"es_ES\" \/>\n<meta property=\"og:type\" content=\"article\" \/>\n<meta property=\"og:title\" content=\"Cusco: Corpus Christi maravilla a turistas\" \/>\n<meta property=\"og:description\" content=\"Portal de noticias del Per\u00fa sobre el transporte a\u00e9reo, aviaci\u00f3n, turismo, hoteleria, actualidad.\" \/>\n<meta property=\"og:url\" content=\"https:\/\/aeronoticias.com.pe\/noticiero\/turismo\/13\/cusco-corpus-christi-maravilla-a-turistas\/\" \/>\n<meta property=\"og:site_name\" content=\"Aeronoticias.com.pe\" \/>\n<meta property=\"article:publisher\" content=\"https:\/\/www.facebook.com\/Aeronoticias.com.pe\/\" \/>\n<meta property=\"article:published_time\" content=\"2013-05-31T16:08:41+00:00\" \/>\n<meta name=\"author\" content=\"Redacci\u00f3n Aeronoticias\" \/>\n<meta name=\"twitter:card\" content=\"summary_large_image\" \/>\n<meta name=\"twitter:creator\" content=\"@aeronoticias\" \/>\n<meta name=\"twitter:site\" content=\"@aeronoticias\" \/>\n<meta name=\"twitter:label1\" content=\"Escrito por\" \/>\n\t<meta name=\"twitter:data1\" content=\"Redacci\u00f3n Aeronoticias\" \/>\n\t<meta name=\"twitter:label2\" content=\"Tiempo de lectura\" \/>\n\t<meta name=\"twitter:data2\" content=\"3 minutos\" \/>\n<script type=\"application\/ld+json\" class=\"yoast-schema-graph\">{\"@context\":\"https:\/\/schema.org\",\"@graph\":[{\"@type\":\"WebPage\",\"@id\":\"https:\/\/aeronoticias.com.pe\/noticiero\/turismo\/13\/cusco-corpus-christi-maravilla-a-turistas\/\",\"url\":\"https:\/\/aeronoticias.com.pe\/noticiero\/turismo\/13\/cusco-corpus-christi-maravilla-a-turistas\/\",\"name\":\"Cusco: Corpus Christi maravilla a turistas\",\"isPartOf\":{\"@id\":\"https:\/\/aeronoticias.com.pe\/noticiero\/#website\"},\"datePublished\":\"2013-05-31T16:08:41+00:00\",\"author\":{\"@id\":\"https:\/\/aeronoticias.com.pe\/noticiero\/#\/schema\/person\/fc1e5d578f4b62ba1cf7ac2bba1170a0\"},\"description\":\"Portal de noticias del Per\u00fa sobre el transporte a\u00e9reo, aviaci\u00f3n, turismo, hoteleria, actualidad.\",\"breadcrumb\":{\"@id\":\"https:\/\/aeronoticias.com.pe\/noticiero\/turismo\/13\/cusco-corpus-christi-maravilla-a-turistas\/#breadcrumb\"},\"inLanguage\":\"es\",\"potentialAction\":[{\"@type\":\"ReadAction\",\"target\":[\"https:\/\/aeronoticias.com.pe\/noticiero\/turismo\/13\/cusco-corpus-christi-maravilla-a-turistas\/\"]}]},{\"@type\":\"BreadcrumbList\",\"@id\":\"https:\/\/aeronoticias.com.pe\/noticiero\/turismo\/13\/cusco-corpus-christi-maravilla-a-turistas\/#breadcrumb\",\"itemListElement\":[{\"@type\":\"ListItem\",\"position\":1,\"name\":\"Portada\",\"item\":\"https:\/\/aeronoticias.com.pe\/noticiero\/\"},{\"@type\":\"ListItem\",\"position\":2,\"name\":\"Cusco: Corpus Christi maravilla a turistas\"}]},{\"@type\":\"WebSite\",\"@id\":\"https:\/\/aeronoticias.com.pe\/noticiero\/#website\",\"url\":\"https:\/\/aeronoticias.com.pe\/noticiero\/\",\"name\":\"Aeronoticias.com.pe\",\"description\":\"Noticias de tranporte aereo, turismo, hoteles, gastronomia, actualidad, internacional\",\"potentialAction\":[{\"@type\":\"SearchAction\",\"target\":{\"@type\":\"EntryPoint\",\"urlTemplate\":\"https:\/\/aeronoticias.com.pe\/noticiero\/?s={search_term_string}\"},\"query-input\":{\"@type\":\"PropertyValueSpecification\",\"valueRequired\":true,\"valueName\":\"search_term_string\"}}],\"inLanguage\":\"es\"},{\"@type\":\"Person\",\"@id\":\"https:\/\/aeronoticias.com.pe\/noticiero\/#\/schema\/person\/fc1e5d578f4b62ba1cf7ac2bba1170a0\",\"name\":\"Redacci\u00f3n Aeronoticias\",\"url\":\"https:\/\/aeronoticias.com.pe\/noticiero\/author\/piloto\/\"}]}<\/script>\n<!-- \/ Yoast SEO plugin. -->","yoast_head_json":{"title":"Cusco: Corpus Christi maravilla a turistas","description":"Portal de noticias del Per\u00fa sobre el transporte a\u00e9reo, aviaci\u00f3n, turismo, hoteleria, actualidad.","robots":{"index":"index","follow":"follow","max-snippet":"max-snippet:-1","max-image-preview":"max-image-preview:large","max-video-preview":"max-video-preview:-1"},"canonical":"https:\/\/aeronoticias.com.pe\/noticiero\/turismo\/13\/cusco-corpus-christi-maravilla-a-turistas\/","og_locale":"es_ES","og_type":"article","og_title":"Cusco: Corpus Christi maravilla a turistas","og_description":"Portal de noticias del Per\u00fa sobre el transporte a\u00e9reo, aviaci\u00f3n, turismo, hoteleria, actualidad.","og_url":"https:\/\/aeronoticias.com.pe\/noticiero\/turismo\/13\/cusco-corpus-christi-maravilla-a-turistas\/","og_site_name":"Aeronoticias.com.pe","article_publisher":"https:\/\/www.facebook.com\/Aeronoticias.com.pe\/","article_published_time":"2013-05-31T16:08:41+00:00","author":"Redacci\u00f3n Aeronoticias","twitter_card":"summary_large_image","twitter_creator":"@aeronoticias","twitter_site":"@aeronoticias","twitter_misc":{"Escrito por":"Redacci\u00f3n Aeronoticias","Tiempo de lectura":"3 minutos"},"schema":{"@context":"https:\/\/schema.org","@graph":[{"@type":"WebPage","@id":"https:\/\/aeronoticias.com.pe\/noticiero\/turismo\/13\/cusco-corpus-christi-maravilla-a-turistas\/","url":"https:\/\/aeronoticias.com.pe\/noticiero\/turismo\/13\/cusco-corpus-christi-maravilla-a-turistas\/","name":"Cusco: Corpus Christi maravilla a turistas","isPartOf":{"@id":"https:\/\/aeronoticias.com.pe\/noticiero\/#website"},"datePublished":"2013-05-31T16:08:41+00:00","author":{"@id":"https:\/\/aeronoticias.com.pe\/noticiero\/#\/schema\/person\/fc1e5d578f4b62ba1cf7ac2bba1170a0"},"description":"Portal de noticias del Per\u00fa sobre el transporte a\u00e9reo, aviaci\u00f3n, turismo, hoteleria, actualidad.","breadcrumb":{"@id":"https:\/\/aeronoticias.com.pe\/noticiero\/turismo\/13\/cusco-corpus-christi-maravilla-a-turistas\/#breadcrumb"},"inLanguage":"es","potentialAction":[{"@type":"ReadAction","target":["https:\/\/aeronoticias.com.pe\/noticiero\/turismo\/13\/cusco-corpus-christi-maravilla-a-turistas\/"]}]},{"@type":"BreadcrumbList","@id":"https:\/\/aeronoticias.com.pe\/noticiero\/turismo\/13\/cusco-corpus-christi-maravilla-a-turistas\/#breadcrumb","itemListElement":[{"@type":"ListItem","position":1,"name":"Portada","item":"https:\/\/aeronoticias.com.pe\/noticiero\/"},{"@type":"ListItem","position":2,"name":"Cusco: Corpus Christi maravilla a turistas"}]},{"@type":"WebSite","@id":"https:\/\/aeronoticias.com.pe\/noticiero\/#website","url":"https:\/\/aeronoticias.com.pe\/noticiero\/","name":"Aeronoticias.com.pe","description":"Noticias de tranporte aereo, turismo, hoteles, gastronomia, actualidad, internacional","potentialAction":[{"@type":"SearchAction","target":{"@type":"EntryPoint","urlTemplate":"https:\/\/aeronoticias.com.pe\/noticiero\/?s={search_term_string}"},"query-input":{"@type":"PropertyValueSpecification","valueRequired":true,"valueName":"search_term_string"}}],"inLanguage":"es"},{"@type":"Person","@id":"https:\/\/aeronoticias.com.pe\/noticiero\/#\/schema\/person\/fc1e5d578f4b62ba1cf7ac2bba1170a0","name":"Redacci\u00f3n Aeronoticias","url":"https:\/\/aeronoticias.com.pe\/noticiero\/author\/piloto\/"}]}},"_links":{"self":[{"href":"https:\/\/aeronoticias.com.pe\/noticiero\/wp-json\/wp\/v2\/posts\/37479","targetHints":{"allow":["GET"]}}],"collection":[{"href":"https:\/\/aeronoticias.com.pe\/noticiero\/wp-json\/wp\/v2\/posts"}],"about":[{"href":"https:\/\/aeronoticias.com.pe\/noticiero\/wp-json\/wp\/v2\/types\/post"}],"author":[{"embeddable":true,"href":"https:\/\/aeronoticias.com.pe\/noticiero\/wp-json\/wp\/v2\/users\/1"}],"replies":[{"embeddable":true,"href":"https:\/\/aeronoticias.com.pe\/noticiero\/wp-json\/wp\/v2\/comments?post=37479"}],"version-history":[{"count":0,"href":"https:\/\/aeronoticias.com.pe\/noticiero\/wp-json\/wp\/v2\/posts\/37479\/revisions"}],"wp:attachment":[{"href":"https:\/\/aeronoticias.com.pe\/noticiero\/wp-json\/wp\/v2\/media?parent=37479"}],"wp:term":[{"taxonomy":"category","embeddable":true,"href":"https:\/\/aeronoticias.com.pe\/noticiero\/wp-json\/wp\/v2\/categories?post=37479"},{"taxonomy":"post_tag","embeddable":true,"href":"https:\/\/aeronoticias.com.pe\/noticiero\/wp-json\/wp\/v2\/tags?post=37479"}],"curies":[{"name":"wp","href":"https:\/\/api.w.org\/{rel}","templated":true}]}}