{"id":37483,"date":"2013-05-31T17:38:00","date_gmt":"2013-05-31T17:38:00","guid":{"rendered":"http:\/\/desarrollo.mcvicious.com\/aero2020\/2013\/05\/31\/tornado-en-chile-200-personas-afectadas\/"},"modified":"2013-05-31T17:38:00","modified_gmt":"2013-05-31T17:38:00","slug":"tornado-en-chile-200-personas-afectadas","status":"publish","type":"post","link":"https:\/\/aeronoticias.com.pe\/noticiero\/internacionales\/tornado-en-chile-200-personas-afectadas\/","title":{"rendered":"Tornado en Chile: 200 personas afectadas (VIDEO)"},"content":{"rendered":"<p style=\"text-align: justify;\"><img decoding=\"async\" src=\"images\/stories\/13\/05\/310513\/tornado.jpg\" border=\"0\" \/><\/p>\n<p style=\"text-align: justify;\"><strong>(Aeronoticias)<\/strong>.- Doscientas personas, hasta nuevo informe, han sido afectadas luego de que un tornado golpeara la zona de San Carlos, Regi\u00f3n de B\u00edo B\u00edo, al centro de la naci\u00f3n de Chile.<\/p>\n<p style=\"text-align: justify;\">Seg\u00fan la Direcci\u00f3n Meteorol\u00f3gica de Chile, el fen\u00f3meno atmosf\u00e9rico fue calificado como tornado.<\/p>\n<p>  <!--more-->  <\/p>\n<p style=\"text-align: justify;\">\u00abEstos fen\u00f3menos se originan en regiones de inestabilidad, son de escala muy local (&#8230;) la regi\u00f3n costera del B\u00edo B\u00edo parece propicia para este tipo de fen\u00f3menos, hay personas de la zona que se\u00f1alan que se registr\u00f3 algo similar el a\u00f1o 81, la diferencia es que ahora la gente lo pudo registrar\u00bb, report\u00f3 Jaime Leyton, Jefe de Pron\u00f3sticos de la\u00a0Direcci\u00f3n Meteorol\u00f3gica de Chile.<\/p>\n<p style=\"text-align: justify;\">Con informaci\u00f3n de <a href=\"http:\/\/www.emol.com\/noticias\/nacional\/2013\/05\/31\/601455\/destruccion-en-san-carlos.html\"><span style=\"text-decoration: underline;\"><em><strong>El Mercurio<\/strong><\/em><\/span><\/a>.<\/p>\n<p style=\"text-align: center;\"> <object width=\"610\" height=\"409\" type=\"application\/x-shockwave-flash\" data=\"http:\/\/www.youtube.com\/v\/PPDMAvPODSY?fs=1&amp;hl=en_US&amp;autoplay=0&amp;showinfo=0&amp;rel=0\"><param name=\"movie\" value=\"http:\/\/www.youtube.com\/v\/PPDMAvPODSY?fs=1&amp;hl=en_US&amp;autoplay=0&amp;showinfo=0&amp;rel=0\" \/><param name=\"wmode\" value=\"transparent\" \/><\/object> <\/p>\n<p>{jathumbnail off images=\u00bbimages\/stories\/13\/05\/310513\/tornado.jpg\u00bb}<\/p>\n","protected":false},"excerpt":{"rendered":"<p>(Aeronoticias).- Doscientas personas, hasta nuevo informe, han sido afectadas luego de que un tornado golpeara la zona de San Carlos, Regi\u00f3n de B\u00edo B\u00edo, al centro de la naci\u00f3n de Chile. Seg\u00fan la Direcci\u00f3n Meteorol\u00f3gica de Chile, el fen\u00f3meno atmosf\u00e9rico fue calificado como tornado.<\/p>\n","protected":false},"author":1,"featured_media":0,"comment_status":"open","ping_status":"open","sticky":false,"template":"","format":"standard","meta":{"tdm_status":"","tdm_grid_status":"","footnotes":""},"categories":[34],"tags":[],"class_list":{"0":"post-37483","1":"post","2":"type-post","3":"status-publish","4":"format-standard","6":"category-internacionales"},"yoast_head":"<!-- This site is optimized with the Yoast SEO plugin v25.1 - https:\/\/yoast.com\/wordpress\/plugins\/seo\/ -->\n<title>Tornado en Chile: 200 personas afectadas (VIDEO)<\/title>\n<meta name=\"description\" content=\"Portal de noticias del Per\u00fa sobre el transporte a\u00e9reo, aviaci\u00f3n, turismo, hoteleria, actualidad.\" \/>\n<meta name=\"robots\" content=\"index, follow, max-snippet:-1, max-image-preview:large, max-video-preview:-1\" \/>\n<link rel=\"canonical\" href=\"https:\/\/aeronoticias.com.pe\/noticiero\/internacionales\/tornado-en-chile-200-personas-afectadas\/\" \/>\n<meta property=\"og:locale\" content=\"es_ES\" \/>\n<meta property=\"og:type\" content=\"article\" \/>\n<meta property=\"og:title\" content=\"Tornado en Chile: 200 personas afectadas (VIDEO)\" \/>\n<meta property=\"og:description\" content=\"Portal de noticias del Per\u00fa sobre el transporte a\u00e9reo, aviaci\u00f3n, turismo, hoteleria, actualidad.\" \/>\n<meta property=\"og:url\" content=\"https:\/\/aeronoticias.com.pe\/noticiero\/internacionales\/tornado-en-chile-200-personas-afectadas\/\" \/>\n<meta property=\"og:site_name\" content=\"Aeronoticias.com.pe\" \/>\n<meta property=\"article:publisher\" content=\"https:\/\/www.facebook.com\/Aeronoticias.com.pe\/\" \/>\n<meta property=\"article:published_time\" content=\"2013-05-31T17:38:00+00:00\" \/>\n<meta name=\"author\" content=\"Redacci\u00f3n Aeronoticias\" \/>\n<meta name=\"twitter:card\" content=\"summary_large_image\" \/>\n<meta name=\"twitter:creator\" content=\"@aeronoticias\" \/>\n<meta name=\"twitter:site\" content=\"@aeronoticias\" \/>\n<meta name=\"twitter:label1\" content=\"Escrito por\" \/>\n\t<meta name=\"twitter:data1\" content=\"Redacci\u00f3n Aeronoticias\" \/>\n\t<meta name=\"twitter:label2\" content=\"Tiempo de lectura\" \/>\n\t<meta name=\"twitter:data2\" content=\"1 minuto\" \/>\n<script type=\"application\/ld+json\" class=\"yoast-schema-graph\">{\"@context\":\"https:\/\/schema.org\",\"@graph\":[{\"@type\":\"WebPage\",\"@id\":\"https:\/\/aeronoticias.com.pe\/noticiero\/internacionales\/tornado-en-chile-200-personas-afectadas\/\",\"url\":\"https:\/\/aeronoticias.com.pe\/noticiero\/internacionales\/tornado-en-chile-200-personas-afectadas\/\",\"name\":\"Tornado en Chile: 200 personas afectadas (VIDEO)\",\"isPartOf\":{\"@id\":\"https:\/\/aeronoticias.com.pe\/noticiero\/#website\"},\"datePublished\":\"2013-05-31T17:38:00+00:00\",\"author\":{\"@id\":\"https:\/\/aeronoticias.com.pe\/noticiero\/#\/schema\/person\/fc1e5d578f4b62ba1cf7ac2bba1170a0\"},\"description\":\"Portal de noticias del Per\u00fa sobre el transporte a\u00e9reo, aviaci\u00f3n, turismo, hoteleria, actualidad.\",\"breadcrumb\":{\"@id\":\"https:\/\/aeronoticias.com.pe\/noticiero\/internacionales\/tornado-en-chile-200-personas-afectadas\/#breadcrumb\"},\"inLanguage\":\"es\",\"potentialAction\":[{\"@type\":\"ReadAction\",\"target\":[\"https:\/\/aeronoticias.com.pe\/noticiero\/internacionales\/tornado-en-chile-200-personas-afectadas\/\"]}]},{\"@type\":\"BreadcrumbList\",\"@id\":\"https:\/\/aeronoticias.com.pe\/noticiero\/internacionales\/tornado-en-chile-200-personas-afectadas\/#breadcrumb\",\"itemListElement\":[{\"@type\":\"ListItem\",\"position\":1,\"name\":\"Portada\",\"item\":\"https:\/\/aeronoticias.com.pe\/noticiero\/\"},{\"@type\":\"ListItem\",\"position\":2,\"name\":\"Tornado en Chile: 200 personas afectadas (VIDEO)\"}]},{\"@type\":\"WebSite\",\"@id\":\"https:\/\/aeronoticias.com.pe\/noticiero\/#website\",\"url\":\"https:\/\/aeronoticias.com.pe\/noticiero\/\",\"name\":\"Aeronoticias.com.pe\",\"description\":\"Noticias de tranporte aereo, turismo, hoteles, gastronomia, actualidad, internacional\",\"potentialAction\":[{\"@type\":\"SearchAction\",\"target\":{\"@type\":\"EntryPoint\",\"urlTemplate\":\"https:\/\/aeronoticias.com.pe\/noticiero\/?s={search_term_string}\"},\"query-input\":{\"@type\":\"PropertyValueSpecification\",\"valueRequired\":true,\"valueName\":\"search_term_string\"}}],\"inLanguage\":\"es\"},{\"@type\":\"Person\",\"@id\":\"https:\/\/aeronoticias.com.pe\/noticiero\/#\/schema\/person\/fc1e5d578f4b62ba1cf7ac2bba1170a0\",\"name\":\"Redacci\u00f3n Aeronoticias\",\"url\":\"https:\/\/aeronoticias.com.pe\/noticiero\/author\/piloto\/\"}]}<\/script>\n<!-- \/ Yoast SEO plugin. -->","yoast_head_json":{"title":"Tornado en Chile: 200 personas afectadas (VIDEO)","description":"Portal de noticias del Per\u00fa sobre el transporte a\u00e9reo, aviaci\u00f3n, turismo, hoteleria, actualidad.","robots":{"index":"index","follow":"follow","max-snippet":"max-snippet:-1","max-image-preview":"max-image-preview:large","max-video-preview":"max-video-preview:-1"},"canonical":"https:\/\/aeronoticias.com.pe\/noticiero\/internacionales\/tornado-en-chile-200-personas-afectadas\/","og_locale":"es_ES","og_type":"article","og_title":"Tornado en Chile: 200 personas afectadas (VIDEO)","og_description":"Portal de noticias del Per\u00fa sobre el transporte a\u00e9reo, aviaci\u00f3n, turismo, hoteleria, actualidad.","og_url":"https:\/\/aeronoticias.com.pe\/noticiero\/internacionales\/tornado-en-chile-200-personas-afectadas\/","og_site_name":"Aeronoticias.com.pe","article_publisher":"https:\/\/www.facebook.com\/Aeronoticias.com.pe\/","article_published_time":"2013-05-31T17:38:00+00:00","author":"Redacci\u00f3n Aeronoticias","twitter_card":"summary_large_image","twitter_creator":"@aeronoticias","twitter_site":"@aeronoticias","twitter_misc":{"Escrito por":"Redacci\u00f3n Aeronoticias","Tiempo de lectura":"1 minuto"},"schema":{"@context":"https:\/\/schema.org","@graph":[{"@type":"WebPage","@id":"https:\/\/aeronoticias.com.pe\/noticiero\/internacionales\/tornado-en-chile-200-personas-afectadas\/","url":"https:\/\/aeronoticias.com.pe\/noticiero\/internacionales\/tornado-en-chile-200-personas-afectadas\/","name":"Tornado en Chile: 200 personas afectadas (VIDEO)","isPartOf":{"@id":"https:\/\/aeronoticias.com.pe\/noticiero\/#website"},"datePublished":"2013-05-31T17:38:00+00:00","author":{"@id":"https:\/\/aeronoticias.com.pe\/noticiero\/#\/schema\/person\/fc1e5d578f4b62ba1cf7ac2bba1170a0"},"description":"Portal de noticias del Per\u00fa sobre el transporte a\u00e9reo, aviaci\u00f3n, turismo, hoteleria, actualidad.","breadcrumb":{"@id":"https:\/\/aeronoticias.com.pe\/noticiero\/internacionales\/tornado-en-chile-200-personas-afectadas\/#breadcrumb"},"inLanguage":"es","potentialAction":[{"@type":"ReadAction","target":["https:\/\/aeronoticias.com.pe\/noticiero\/internacionales\/tornado-en-chile-200-personas-afectadas\/"]}]},{"@type":"BreadcrumbList","@id":"https:\/\/aeronoticias.com.pe\/noticiero\/internacionales\/tornado-en-chile-200-personas-afectadas\/#breadcrumb","itemListElement":[{"@type":"ListItem","position":1,"name":"Portada","item":"https:\/\/aeronoticias.com.pe\/noticiero\/"},{"@type":"ListItem","position":2,"name":"Tornado en Chile: 200 personas afectadas (VIDEO)"}]},{"@type":"WebSite","@id":"https:\/\/aeronoticias.com.pe\/noticiero\/#website","url":"https:\/\/aeronoticias.com.pe\/noticiero\/","name":"Aeronoticias.com.pe","description":"Noticias de tranporte aereo, turismo, hoteles, gastronomia, actualidad, internacional","potentialAction":[{"@type":"SearchAction","target":{"@type":"EntryPoint","urlTemplate":"https:\/\/aeronoticias.com.pe\/noticiero\/?s={search_term_string}"},"query-input":{"@type":"PropertyValueSpecification","valueRequired":true,"valueName":"search_term_string"}}],"inLanguage":"es"},{"@type":"Person","@id":"https:\/\/aeronoticias.com.pe\/noticiero\/#\/schema\/person\/fc1e5d578f4b62ba1cf7ac2bba1170a0","name":"Redacci\u00f3n Aeronoticias","url":"https:\/\/aeronoticias.com.pe\/noticiero\/author\/piloto\/"}]}},"_links":{"self":[{"href":"https:\/\/aeronoticias.com.pe\/noticiero\/wp-json\/wp\/v2\/posts\/37483","targetHints":{"allow":["GET"]}}],"collection":[{"href":"https:\/\/aeronoticias.com.pe\/noticiero\/wp-json\/wp\/v2\/posts"}],"about":[{"href":"https:\/\/aeronoticias.com.pe\/noticiero\/wp-json\/wp\/v2\/types\/post"}],"author":[{"embeddable":true,"href":"https:\/\/aeronoticias.com.pe\/noticiero\/wp-json\/wp\/v2\/users\/1"}],"replies":[{"embeddable":true,"href":"https:\/\/aeronoticias.com.pe\/noticiero\/wp-json\/wp\/v2\/comments?post=37483"}],"version-history":[{"count":0,"href":"https:\/\/aeronoticias.com.pe\/noticiero\/wp-json\/wp\/v2\/posts\/37483\/revisions"}],"wp:attachment":[{"href":"https:\/\/aeronoticias.com.pe\/noticiero\/wp-json\/wp\/v2\/media?parent=37483"}],"wp:term":[{"taxonomy":"category","embeddable":true,"href":"https:\/\/aeronoticias.com.pe\/noticiero\/wp-json\/wp\/v2\/categories?post=37483"},{"taxonomy":"post_tag","embeddable":true,"href":"https:\/\/aeronoticias.com.pe\/noticiero\/wp-json\/wp\/v2\/tags?post=37483"}],"curies":[{"name":"wp","href":"https:\/\/api.w.org\/{rel}","templated":true}]}}