{"id":37942,"date":"2013-06-17T16:01:47","date_gmt":"2013-06-17T16:01:47","guid":{"rendered":"http:\/\/desarrollo.mcvicious.com\/aero2020\/2013\/06\/17\/peru-es-destacado-como-lugar-para-avistamiento-de-aves\/"},"modified":"2013-06-17T16:01:47","modified_gmt":"2013-06-17T16:01:47","slug":"peru-es-destacado-como-lugar-para-avistamiento-de-aves","status":"publish","type":"post","link":"https:\/\/aeronoticias.com.pe\/noticiero\/turismo\/13\/peru-es-destacado-como-lugar-para-avistamiento-de-aves\/","title":{"rendered":"Per\u00fa es destacado como lugar para avistamiento de aves"},"content":{"rendered":"<p style=\"text-align: justify;\"><strong>(Aeronoticias).-<\/strong> El Per\u00fa es uno de los mejores sitios del mundo para realizar el avistamiento de aves, opinaron este lunes los ornit\u00f3logos y competidores del Birding Rally Challenge 2013, que se realiza en la zona Nor \u2013 Amaz\u00f3nica del pa\u00eds.<\/p>\n<p style=\"text-align: justify;\">Seg\u00fan Deli Saavedra, capit\u00e1n del equipo espa\u00f1ol Tramuntana, es bueno que el Per\u00fa realice una competencia de este tipo y, sobre todo, \u201cque se haya adelantado a otras naciones del mundo\u201d.<\/p>\n<p>  <!--more-->  <\/p>\n<p style=\"text-align: justify;\">\u201cLo m\u00e1s importante es que el Per\u00fa es el mejor sitio del mundo para ver la mayor cantidad de aves, hay otros pa\u00edses que tienen muchas aves, pero por la facilidad del transporte, las zonas de conservaciones, los espacios protegidos es el mejor sitio del mundo para ver un m\u00e1ximo n\u00famero de aves\u201d, dijo a la Agencia Andina.<\/p>\n<p style=\"text-align: justify;\">Saavedra, que lidera al equipo que m\u00e1s aves vio en Europa, manifest\u00f3 que estuvo en muchos pa\u00edses de Sudam\u00e9rica, pero que como el Per\u00fa, en su calidad de sede de avistamiento de aves, \u201cno hay ning\u00fan otro\u201d.<\/p>\n<p style=\"text-align: justify;\">Por su parte, Dan Lane, integrante del equipo estadounidense Tigrisomas de Lousiana State University, resalt\u00f3 que el Per\u00fa, junto con Colombia y Brasil, congregan los lugares donde se pueden encontrar m\u00e1s aves en el mundo.<\/p>\n<p style=\"text-align: justify;\">\u201cEn estos momentos, lidera Colombia como pa\u00eds con mayor n\u00famero de aves, pero es posible que con m\u00e1s estudios, cambie este ranking\u201d, asegur\u00f3, para luego agregar que visita el Per\u00fa desde 1996 y le encanta la zona de San Mart\u00edn y Amazonas.<\/p>\n<p style=\"text-align: justify;\">Asimismo, se mostr\u00f3 a favor de que en corto plazo nuestro pa\u00eds se convierta en una sede de un campeonato mundial, oficial, de avistamiento de aves.<\/p>\n<p style=\"text-align: justify;\">\u201cCreo que s\u00ed se puede y ser\u00eda excelente, pero quiz\u00e1s no con una duraci\u00f3n de ocho d\u00edas, sino en el estilo de avistamiento en 24 horas, creo que se puede hacer ac\u00e1 m\u00e1s efectivamente. Ser\u00eda excelente\u201d, asegur\u00f3.<\/p>\n<p style=\"text-align: justify;\">El Birding Rally Challenge es una competencia de observaci\u00f3n de aves que se desarrolla por equipos, los cuales, est\u00e1n conformados por renombrados especialistas.<\/p>\n<p style=\"text-align: justify;\">Esta competencia es organizada por el Ministerio de Comercio Exterior y Turismo (Mincetur), la Comisi\u00f3n para la Promoci\u00f3n del Per\u00fa (Promper\u00fa) y la ONG Inka Terra Asociaci\u00f3n.<\/p>\n<p style=\"text-align: justify;\">Agencia Andina.<\/p>\n<p style=\"text-align: justify;\"><img decoding=\"async\" src=\"images\/stories\/12\/09\/140912\/aviturismo_mince.jpg\" border=\"0\" alt=\"Per\u00fa es destacado como lugar para avistamiento de aves\" title=\"Per\u00fa es destacado como lugar para avistamiento de aves\" \/><\/p>\n","protected":false},"excerpt":{"rendered":"<p>(Aeronoticias).- El Per\u00fa es uno de los mejores sitios del mundo para realizar el avistamiento de aves, opinaron este lunes los ornit\u00f3logos y competidores del Birding Rally Challenge 2013, que se realiza en la zona Nor \u2013 Amaz\u00f3nica del pa\u00eds. Seg\u00fan Deli Saavedra, capit\u00e1n del equipo espa\u00f1ol Tramuntana, es bueno que el Per\u00fa realice una [&hellip;]<\/p>\n","protected":false},"author":1,"featured_media":0,"comment_status":"open","ping_status":"open","sticky":false,"template":"","format":"standard","meta":{"tdm_status":"","tdm_grid_status":"","footnotes":""},"categories":[31],"tags":[],"class_list":{"0":"post-37942","1":"post","2":"type-post","3":"status-publish","4":"format-standard","6":"category-31"},"yoast_head":"<!-- This site is optimized with the Yoast SEO plugin v25.1 - https:\/\/yoast.com\/wordpress\/plugins\/seo\/ -->\n<title>Per\u00fa es destacado como lugar para avistamiento de aves<\/title>\n<meta name=\"description\" content=\"Portal de noticias del Per\u00fa sobre el transporte a\u00e9reo, aviaci\u00f3n, turismo, hoteleria, actualidad.\" \/>\n<meta name=\"robots\" content=\"index, follow, max-snippet:-1, max-image-preview:large, max-video-preview:-1\" \/>\n<link rel=\"canonical\" href=\"https:\/\/aeronoticias.com.pe\/noticiero\/turismo\/13\/peru-es-destacado-como-lugar-para-avistamiento-de-aves\/\" \/>\n<meta property=\"og:locale\" content=\"es_ES\" \/>\n<meta property=\"og:type\" content=\"article\" \/>\n<meta property=\"og:title\" content=\"Per\u00fa es destacado como lugar para avistamiento de aves\" \/>\n<meta property=\"og:description\" content=\"Portal de noticias del Per\u00fa sobre el transporte a\u00e9reo, aviaci\u00f3n, turismo, hoteleria, actualidad.\" \/>\n<meta property=\"og:url\" content=\"https:\/\/aeronoticias.com.pe\/noticiero\/turismo\/13\/peru-es-destacado-como-lugar-para-avistamiento-de-aves\/\" \/>\n<meta property=\"og:site_name\" content=\"Aeronoticias.com.pe\" \/>\n<meta property=\"article:publisher\" content=\"https:\/\/www.facebook.com\/Aeronoticias.com.pe\/\" \/>\n<meta property=\"article:published_time\" content=\"2013-06-17T16:01:47+00:00\" \/>\n<meta name=\"author\" content=\"Redacci\u00f3n Aeronoticias\" \/>\n<meta name=\"twitter:card\" content=\"summary_large_image\" \/>\n<meta name=\"twitter:creator\" content=\"@aeronoticias\" \/>\n<meta name=\"twitter:site\" content=\"@aeronoticias\" \/>\n<meta name=\"twitter:label1\" content=\"Escrito por\" \/>\n\t<meta name=\"twitter:data1\" content=\"Redacci\u00f3n Aeronoticias\" \/>\n\t<meta name=\"twitter:label2\" content=\"Tiempo de lectura\" \/>\n\t<meta name=\"twitter:data2\" content=\"2 minutos\" \/>\n<script type=\"application\/ld+json\" class=\"yoast-schema-graph\">{\"@context\":\"https:\/\/schema.org\",\"@graph\":[{\"@type\":\"WebPage\",\"@id\":\"https:\/\/aeronoticias.com.pe\/noticiero\/turismo\/13\/peru-es-destacado-como-lugar-para-avistamiento-de-aves\/\",\"url\":\"https:\/\/aeronoticias.com.pe\/noticiero\/turismo\/13\/peru-es-destacado-como-lugar-para-avistamiento-de-aves\/\",\"name\":\"Per\u00fa es destacado como lugar para avistamiento de aves\",\"isPartOf\":{\"@id\":\"https:\/\/aeronoticias.com.pe\/noticiero\/#website\"},\"datePublished\":\"2013-06-17T16:01:47+00:00\",\"author\":{\"@id\":\"https:\/\/aeronoticias.com.pe\/noticiero\/#\/schema\/person\/fc1e5d578f4b62ba1cf7ac2bba1170a0\"},\"description\":\"Portal de noticias del Per\u00fa sobre el transporte a\u00e9reo, aviaci\u00f3n, turismo, hoteleria, actualidad.\",\"breadcrumb\":{\"@id\":\"https:\/\/aeronoticias.com.pe\/noticiero\/turismo\/13\/peru-es-destacado-como-lugar-para-avistamiento-de-aves\/#breadcrumb\"},\"inLanguage\":\"es\",\"potentialAction\":[{\"@type\":\"ReadAction\",\"target\":[\"https:\/\/aeronoticias.com.pe\/noticiero\/turismo\/13\/peru-es-destacado-como-lugar-para-avistamiento-de-aves\/\"]}]},{\"@type\":\"BreadcrumbList\",\"@id\":\"https:\/\/aeronoticias.com.pe\/noticiero\/turismo\/13\/peru-es-destacado-como-lugar-para-avistamiento-de-aves\/#breadcrumb\",\"itemListElement\":[{\"@type\":\"ListItem\",\"position\":1,\"name\":\"Portada\",\"item\":\"https:\/\/aeronoticias.com.pe\/noticiero\/\"},{\"@type\":\"ListItem\",\"position\":2,\"name\":\"Per\u00fa es destacado como lugar para avistamiento de aves\"}]},{\"@type\":\"WebSite\",\"@id\":\"https:\/\/aeronoticias.com.pe\/noticiero\/#website\",\"url\":\"https:\/\/aeronoticias.com.pe\/noticiero\/\",\"name\":\"Aeronoticias.com.pe\",\"description\":\"Noticias de tranporte aereo, turismo, hoteles, gastronomia, actualidad, internacional\",\"potentialAction\":[{\"@type\":\"SearchAction\",\"target\":{\"@type\":\"EntryPoint\",\"urlTemplate\":\"https:\/\/aeronoticias.com.pe\/noticiero\/?s={search_term_string}\"},\"query-input\":{\"@type\":\"PropertyValueSpecification\",\"valueRequired\":true,\"valueName\":\"search_term_string\"}}],\"inLanguage\":\"es\"},{\"@type\":\"Person\",\"@id\":\"https:\/\/aeronoticias.com.pe\/noticiero\/#\/schema\/person\/fc1e5d578f4b62ba1cf7ac2bba1170a0\",\"name\":\"Redacci\u00f3n Aeronoticias\",\"url\":\"https:\/\/aeronoticias.com.pe\/noticiero\/author\/piloto\/\"}]}<\/script>\n<!-- \/ Yoast SEO plugin. -->","yoast_head_json":{"title":"Per\u00fa es destacado como lugar para avistamiento de aves","description":"Portal de noticias del Per\u00fa sobre el transporte a\u00e9reo, aviaci\u00f3n, turismo, hoteleria, actualidad.","robots":{"index":"index","follow":"follow","max-snippet":"max-snippet:-1","max-image-preview":"max-image-preview:large","max-video-preview":"max-video-preview:-1"},"canonical":"https:\/\/aeronoticias.com.pe\/noticiero\/turismo\/13\/peru-es-destacado-como-lugar-para-avistamiento-de-aves\/","og_locale":"es_ES","og_type":"article","og_title":"Per\u00fa es destacado como lugar para avistamiento de aves","og_description":"Portal de noticias del Per\u00fa sobre el transporte a\u00e9reo, aviaci\u00f3n, turismo, hoteleria, actualidad.","og_url":"https:\/\/aeronoticias.com.pe\/noticiero\/turismo\/13\/peru-es-destacado-como-lugar-para-avistamiento-de-aves\/","og_site_name":"Aeronoticias.com.pe","article_publisher":"https:\/\/www.facebook.com\/Aeronoticias.com.pe\/","article_published_time":"2013-06-17T16:01:47+00:00","author":"Redacci\u00f3n Aeronoticias","twitter_card":"summary_large_image","twitter_creator":"@aeronoticias","twitter_site":"@aeronoticias","twitter_misc":{"Escrito por":"Redacci\u00f3n Aeronoticias","Tiempo de lectura":"2 minutos"},"schema":{"@context":"https:\/\/schema.org","@graph":[{"@type":"WebPage","@id":"https:\/\/aeronoticias.com.pe\/noticiero\/turismo\/13\/peru-es-destacado-como-lugar-para-avistamiento-de-aves\/","url":"https:\/\/aeronoticias.com.pe\/noticiero\/turismo\/13\/peru-es-destacado-como-lugar-para-avistamiento-de-aves\/","name":"Per\u00fa es destacado como lugar para avistamiento de aves","isPartOf":{"@id":"https:\/\/aeronoticias.com.pe\/noticiero\/#website"},"datePublished":"2013-06-17T16:01:47+00:00","author":{"@id":"https:\/\/aeronoticias.com.pe\/noticiero\/#\/schema\/person\/fc1e5d578f4b62ba1cf7ac2bba1170a0"},"description":"Portal de noticias del Per\u00fa sobre el transporte a\u00e9reo, aviaci\u00f3n, turismo, hoteleria, actualidad.","breadcrumb":{"@id":"https:\/\/aeronoticias.com.pe\/noticiero\/turismo\/13\/peru-es-destacado-como-lugar-para-avistamiento-de-aves\/#breadcrumb"},"inLanguage":"es","potentialAction":[{"@type":"ReadAction","target":["https:\/\/aeronoticias.com.pe\/noticiero\/turismo\/13\/peru-es-destacado-como-lugar-para-avistamiento-de-aves\/"]}]},{"@type":"BreadcrumbList","@id":"https:\/\/aeronoticias.com.pe\/noticiero\/turismo\/13\/peru-es-destacado-como-lugar-para-avistamiento-de-aves\/#breadcrumb","itemListElement":[{"@type":"ListItem","position":1,"name":"Portada","item":"https:\/\/aeronoticias.com.pe\/noticiero\/"},{"@type":"ListItem","position":2,"name":"Per\u00fa es destacado como lugar para avistamiento de aves"}]},{"@type":"WebSite","@id":"https:\/\/aeronoticias.com.pe\/noticiero\/#website","url":"https:\/\/aeronoticias.com.pe\/noticiero\/","name":"Aeronoticias.com.pe","description":"Noticias de tranporte aereo, turismo, hoteles, gastronomia, actualidad, internacional","potentialAction":[{"@type":"SearchAction","target":{"@type":"EntryPoint","urlTemplate":"https:\/\/aeronoticias.com.pe\/noticiero\/?s={search_term_string}"},"query-input":{"@type":"PropertyValueSpecification","valueRequired":true,"valueName":"search_term_string"}}],"inLanguage":"es"},{"@type":"Person","@id":"https:\/\/aeronoticias.com.pe\/noticiero\/#\/schema\/person\/fc1e5d578f4b62ba1cf7ac2bba1170a0","name":"Redacci\u00f3n Aeronoticias","url":"https:\/\/aeronoticias.com.pe\/noticiero\/author\/piloto\/"}]}},"_links":{"self":[{"href":"https:\/\/aeronoticias.com.pe\/noticiero\/wp-json\/wp\/v2\/posts\/37942","targetHints":{"allow":["GET"]}}],"collection":[{"href":"https:\/\/aeronoticias.com.pe\/noticiero\/wp-json\/wp\/v2\/posts"}],"about":[{"href":"https:\/\/aeronoticias.com.pe\/noticiero\/wp-json\/wp\/v2\/types\/post"}],"author":[{"embeddable":true,"href":"https:\/\/aeronoticias.com.pe\/noticiero\/wp-json\/wp\/v2\/users\/1"}],"replies":[{"embeddable":true,"href":"https:\/\/aeronoticias.com.pe\/noticiero\/wp-json\/wp\/v2\/comments?post=37942"}],"version-history":[{"count":0,"href":"https:\/\/aeronoticias.com.pe\/noticiero\/wp-json\/wp\/v2\/posts\/37942\/revisions"}],"wp:attachment":[{"href":"https:\/\/aeronoticias.com.pe\/noticiero\/wp-json\/wp\/v2\/media?parent=37942"}],"wp:term":[{"taxonomy":"category","embeddable":true,"href":"https:\/\/aeronoticias.com.pe\/noticiero\/wp-json\/wp\/v2\/categories?post=37942"},{"taxonomy":"post_tag","embeddable":true,"href":"https:\/\/aeronoticias.com.pe\/noticiero\/wp-json\/wp\/v2\/tags?post=37942"}],"curies":[{"name":"wp","href":"https:\/\/api.w.org\/{rel}","templated":true}]}}