{"id":37947,"date":"2013-06-17T17:52:21","date_gmt":"2013-06-17T17:52:21","guid":{"rendered":"http:\/\/desarrollo.mcvicious.com\/aero2020\/2013\/06\/17\/paris-air-show-2013-boeing-y-airbus-a-la-caza-del-mercado-de-ancho-fuselaje\/"},"modified":"2013-06-17T17:52:21","modified_gmt":"2013-06-17T17:52:21","slug":"paris-air-show-2013-boeing-y-airbus-a-la-caza-del-mercado-de-ancho-fuselaje","status":"publish","type":"post","link":"https:\/\/aeronoticias.com.pe\/noticiero\/transporte-aereo\/internacional\/paris-air-show-2013-boeing-y-airbus-a-la-caza-del-mercado-de-ancho-fuselaje\/","title":{"rendered":"Paris Air Show 2013: Boeing y Airbus a la caza del mercado de ancho fuselaje"},"content":{"rendered":"<p style=\"text-align: justify;\"><strong>(Aeronoticias)<\/strong>.- Desde esta semana arranc\u00f3 la competencia entre los dos constructores aeron\u00e1uticos m\u00e1s grandes del mundo por hacerse con una gran tajada del mercado a\u00e9reo. Con m\u00e1s detalle, del lucrativo sector de naves de ancho fuselaje.<\/p>\n<p style=\"text-align: justify;\">Seg\u00fan evoca el diario ingl\u00e9s Financial Times, el Paris Air Show de 2011 se volvi\u00f3 virtualmente \u00abEl\u00bb evento para Airbus. En la edici\u00f3n 2013, la firma europea busca hacerse con el liderazgo comercial de Boeing en el mercado a\u00e9reo de aviones de ancho fuselaje, y para ello cuenta con su mascar\u00f3n de proa llamado A350.\u00a0<span style=\"line-height: 1.3em;\">Desde su enclave, Boeing busca mantener su espacio con la nov\u00edsima versi\u00f3n del constructor a\u00e9reo norteamericano, el B-787-10.<\/span><\/p>\n<p style=\"text-align: justify;\">No obstante, queda ver si la recesi\u00f3n en la eurozona y el crecimiento econ\u00f3mico mundial fam\u00e9lico alimenta la sospecha de los analistas, quienes apuntan a un riesgo de sobresaturar el mercado aeron\u00e1utico si siguen fabricando aeronaves al ritmo actual.<\/p>\n<p style=\"text-align: justify;\">Respecto a las propuestas que se vienen, Fabrice Br\u00e9gier, Jefe Ejecutivo de Airbus, se\u00f1al\u00f3 que la aeronave A350-1000 \u00abes real &#8211; esta aeronave no es un tigre de papel&#8230; estar\u00e1 vivo en 2017\u00bb; esto, en referencia al nuevo dise\u00f1o 777 de ancho fuselaje de Boeing, la que todav\u00eda no tienen todos los detalles revelados seg\u00fan Br\u00e9gier.<\/p>\n<p style=\"text-align: justify;\">Con informaci\u00f3n de Financial Times.<\/p>\n<p style=\"text-align: justify;\"><img decoding=\"async\" src=\"images\/stories\/13\/06\/170613\/ft.jpg\" border=\"0\" \/><\/p>\n","protected":false},"excerpt":{"rendered":"<p>(Aeronoticias).- Desde esta semana arranc\u00f3 la competencia entre los dos constructores aeron\u00e1uticos m\u00e1s grandes del mundo por hacerse con una gran tajada del mercado a\u00e9reo. Con m\u00e1s detalle, del lucrativo sector de naves de ancho fuselaje. Seg\u00fan evoca el diario ingl\u00e9s Financial Times, el Paris Air Show de 2011 se volvi\u00f3 virtualmente \u00abEl\u00bb evento para [&hellip;]<\/p>\n","protected":false},"author":1,"featured_media":0,"comment_status":"open","ping_status":"open","sticky":false,"template":"","format":"standard","meta":{"tdm_status":"","tdm_grid_status":"","footnotes":""},"categories":[32],"tags":[],"class_list":{"0":"post-37947","1":"post","2":"type-post","3":"status-publish","4":"format-standard","6":"category-internacional"},"yoast_head":"<!-- This site is optimized with the Yoast SEO plugin v25.1 - https:\/\/yoast.com\/wordpress\/plugins\/seo\/ -->\n<title>Paris Air Show 2013: Boeing y Airbus a la caza del mercado de ancho fuselaje<\/title>\n<meta name=\"description\" content=\"Portal de noticias del Per\u00fa sobre el transporte a\u00e9reo, aviaci\u00f3n, turismo, hoteleria, actualidad.\" \/>\n<meta name=\"robots\" content=\"index, follow, max-snippet:-1, max-image-preview:large, max-video-preview:-1\" \/>\n<link rel=\"canonical\" href=\"https:\/\/aeronoticias.com.pe\/noticiero\/transporte-aereo\/internacional\/paris-air-show-2013-boeing-y-airbus-a-la-caza-del-mercado-de-ancho-fuselaje\/\" \/>\n<meta property=\"og:locale\" content=\"es_ES\" \/>\n<meta property=\"og:type\" content=\"article\" \/>\n<meta property=\"og:title\" content=\"Paris Air Show 2013: Boeing y Airbus a la caza del mercado de ancho fuselaje\" \/>\n<meta property=\"og:description\" content=\"Portal de noticias del Per\u00fa sobre el transporte a\u00e9reo, aviaci\u00f3n, turismo, hoteleria, actualidad.\" \/>\n<meta property=\"og:url\" content=\"https:\/\/aeronoticias.com.pe\/noticiero\/transporte-aereo\/internacional\/paris-air-show-2013-boeing-y-airbus-a-la-caza-del-mercado-de-ancho-fuselaje\/\" \/>\n<meta property=\"og:site_name\" content=\"Aeronoticias.com.pe\" \/>\n<meta property=\"article:publisher\" content=\"https:\/\/www.facebook.com\/Aeronoticias.com.pe\/\" \/>\n<meta property=\"article:published_time\" content=\"2013-06-17T17:52:21+00:00\" \/>\n<meta name=\"author\" content=\"Redacci\u00f3n Aeronoticias\" \/>\n<meta name=\"twitter:card\" content=\"summary_large_image\" \/>\n<meta name=\"twitter:creator\" content=\"@aeronoticias\" \/>\n<meta name=\"twitter:site\" content=\"@aeronoticias\" \/>\n<meta name=\"twitter:label1\" content=\"Escrito por\" \/>\n\t<meta name=\"twitter:data1\" content=\"Redacci\u00f3n Aeronoticias\" \/>\n\t<meta name=\"twitter:label2\" content=\"Tiempo de lectura\" \/>\n\t<meta name=\"twitter:data2\" content=\"1 minuto\" \/>\n<script type=\"application\/ld+json\" class=\"yoast-schema-graph\">{\"@context\":\"https:\/\/schema.org\",\"@graph\":[{\"@type\":\"WebPage\",\"@id\":\"https:\/\/aeronoticias.com.pe\/noticiero\/transporte-aereo\/internacional\/paris-air-show-2013-boeing-y-airbus-a-la-caza-del-mercado-de-ancho-fuselaje\/\",\"url\":\"https:\/\/aeronoticias.com.pe\/noticiero\/transporte-aereo\/internacional\/paris-air-show-2013-boeing-y-airbus-a-la-caza-del-mercado-de-ancho-fuselaje\/\",\"name\":\"Paris Air Show 2013: Boeing y Airbus a la caza del mercado de ancho fuselaje\",\"isPartOf\":{\"@id\":\"https:\/\/aeronoticias.com.pe\/noticiero\/#website\"},\"datePublished\":\"2013-06-17T17:52:21+00:00\",\"author\":{\"@id\":\"https:\/\/aeronoticias.com.pe\/noticiero\/#\/schema\/person\/fc1e5d578f4b62ba1cf7ac2bba1170a0\"},\"description\":\"Portal de noticias del Per\u00fa sobre el transporte a\u00e9reo, aviaci\u00f3n, turismo, hoteleria, actualidad.\",\"breadcrumb\":{\"@id\":\"https:\/\/aeronoticias.com.pe\/noticiero\/transporte-aereo\/internacional\/paris-air-show-2013-boeing-y-airbus-a-la-caza-del-mercado-de-ancho-fuselaje\/#breadcrumb\"},\"inLanguage\":\"es\",\"potentialAction\":[{\"@type\":\"ReadAction\",\"target\":[\"https:\/\/aeronoticias.com.pe\/noticiero\/transporte-aereo\/internacional\/paris-air-show-2013-boeing-y-airbus-a-la-caza-del-mercado-de-ancho-fuselaje\/\"]}]},{\"@type\":\"BreadcrumbList\",\"@id\":\"https:\/\/aeronoticias.com.pe\/noticiero\/transporte-aereo\/internacional\/paris-air-show-2013-boeing-y-airbus-a-la-caza-del-mercado-de-ancho-fuselaje\/#breadcrumb\",\"itemListElement\":[{\"@type\":\"ListItem\",\"position\":1,\"name\":\"Portada\",\"item\":\"https:\/\/aeronoticias.com.pe\/noticiero\/\"},{\"@type\":\"ListItem\",\"position\":2,\"name\":\"Paris Air Show 2013: Boeing y Airbus a la caza del mercado de ancho fuselaje\"}]},{\"@type\":\"WebSite\",\"@id\":\"https:\/\/aeronoticias.com.pe\/noticiero\/#website\",\"url\":\"https:\/\/aeronoticias.com.pe\/noticiero\/\",\"name\":\"Aeronoticias.com.pe\",\"description\":\"Noticias de tranporte aereo, turismo, hoteles, gastronomia, actualidad, internacional\",\"potentialAction\":[{\"@type\":\"SearchAction\",\"target\":{\"@type\":\"EntryPoint\",\"urlTemplate\":\"https:\/\/aeronoticias.com.pe\/noticiero\/?s={search_term_string}\"},\"query-input\":{\"@type\":\"PropertyValueSpecification\",\"valueRequired\":true,\"valueName\":\"search_term_string\"}}],\"inLanguage\":\"es\"},{\"@type\":\"Person\",\"@id\":\"https:\/\/aeronoticias.com.pe\/noticiero\/#\/schema\/person\/fc1e5d578f4b62ba1cf7ac2bba1170a0\",\"name\":\"Redacci\u00f3n Aeronoticias\",\"url\":\"https:\/\/aeronoticias.com.pe\/noticiero\/author\/piloto\/\"}]}<\/script>\n<!-- \/ Yoast SEO plugin. -->","yoast_head_json":{"title":"Paris Air Show 2013: Boeing y Airbus a la caza del mercado de ancho fuselaje","description":"Portal de noticias del Per\u00fa sobre el transporte a\u00e9reo, aviaci\u00f3n, turismo, hoteleria, actualidad.","robots":{"index":"index","follow":"follow","max-snippet":"max-snippet:-1","max-image-preview":"max-image-preview:large","max-video-preview":"max-video-preview:-1"},"canonical":"https:\/\/aeronoticias.com.pe\/noticiero\/transporte-aereo\/internacional\/paris-air-show-2013-boeing-y-airbus-a-la-caza-del-mercado-de-ancho-fuselaje\/","og_locale":"es_ES","og_type":"article","og_title":"Paris Air Show 2013: Boeing y Airbus a la caza del mercado de ancho fuselaje","og_description":"Portal de noticias del Per\u00fa sobre el transporte a\u00e9reo, aviaci\u00f3n, turismo, hoteleria, actualidad.","og_url":"https:\/\/aeronoticias.com.pe\/noticiero\/transporte-aereo\/internacional\/paris-air-show-2013-boeing-y-airbus-a-la-caza-del-mercado-de-ancho-fuselaje\/","og_site_name":"Aeronoticias.com.pe","article_publisher":"https:\/\/www.facebook.com\/Aeronoticias.com.pe\/","article_published_time":"2013-06-17T17:52:21+00:00","author":"Redacci\u00f3n Aeronoticias","twitter_card":"summary_large_image","twitter_creator":"@aeronoticias","twitter_site":"@aeronoticias","twitter_misc":{"Escrito por":"Redacci\u00f3n Aeronoticias","Tiempo de lectura":"1 minuto"},"schema":{"@context":"https:\/\/schema.org","@graph":[{"@type":"WebPage","@id":"https:\/\/aeronoticias.com.pe\/noticiero\/transporte-aereo\/internacional\/paris-air-show-2013-boeing-y-airbus-a-la-caza-del-mercado-de-ancho-fuselaje\/","url":"https:\/\/aeronoticias.com.pe\/noticiero\/transporte-aereo\/internacional\/paris-air-show-2013-boeing-y-airbus-a-la-caza-del-mercado-de-ancho-fuselaje\/","name":"Paris Air Show 2013: Boeing y Airbus a la caza del mercado de ancho fuselaje","isPartOf":{"@id":"https:\/\/aeronoticias.com.pe\/noticiero\/#website"},"datePublished":"2013-06-17T17:52:21+00:00","author":{"@id":"https:\/\/aeronoticias.com.pe\/noticiero\/#\/schema\/person\/fc1e5d578f4b62ba1cf7ac2bba1170a0"},"description":"Portal de noticias del Per\u00fa sobre el transporte a\u00e9reo, aviaci\u00f3n, turismo, hoteleria, actualidad.","breadcrumb":{"@id":"https:\/\/aeronoticias.com.pe\/noticiero\/transporte-aereo\/internacional\/paris-air-show-2013-boeing-y-airbus-a-la-caza-del-mercado-de-ancho-fuselaje\/#breadcrumb"},"inLanguage":"es","potentialAction":[{"@type":"ReadAction","target":["https:\/\/aeronoticias.com.pe\/noticiero\/transporte-aereo\/internacional\/paris-air-show-2013-boeing-y-airbus-a-la-caza-del-mercado-de-ancho-fuselaje\/"]}]},{"@type":"BreadcrumbList","@id":"https:\/\/aeronoticias.com.pe\/noticiero\/transporte-aereo\/internacional\/paris-air-show-2013-boeing-y-airbus-a-la-caza-del-mercado-de-ancho-fuselaje\/#breadcrumb","itemListElement":[{"@type":"ListItem","position":1,"name":"Portada","item":"https:\/\/aeronoticias.com.pe\/noticiero\/"},{"@type":"ListItem","position":2,"name":"Paris Air Show 2013: Boeing y Airbus a la caza del mercado de ancho fuselaje"}]},{"@type":"WebSite","@id":"https:\/\/aeronoticias.com.pe\/noticiero\/#website","url":"https:\/\/aeronoticias.com.pe\/noticiero\/","name":"Aeronoticias.com.pe","description":"Noticias de tranporte aereo, turismo, hoteles, gastronomia, actualidad, internacional","potentialAction":[{"@type":"SearchAction","target":{"@type":"EntryPoint","urlTemplate":"https:\/\/aeronoticias.com.pe\/noticiero\/?s={search_term_string}"},"query-input":{"@type":"PropertyValueSpecification","valueRequired":true,"valueName":"search_term_string"}}],"inLanguage":"es"},{"@type":"Person","@id":"https:\/\/aeronoticias.com.pe\/noticiero\/#\/schema\/person\/fc1e5d578f4b62ba1cf7ac2bba1170a0","name":"Redacci\u00f3n Aeronoticias","url":"https:\/\/aeronoticias.com.pe\/noticiero\/author\/piloto\/"}]}},"_links":{"self":[{"href":"https:\/\/aeronoticias.com.pe\/noticiero\/wp-json\/wp\/v2\/posts\/37947","targetHints":{"allow":["GET"]}}],"collection":[{"href":"https:\/\/aeronoticias.com.pe\/noticiero\/wp-json\/wp\/v2\/posts"}],"about":[{"href":"https:\/\/aeronoticias.com.pe\/noticiero\/wp-json\/wp\/v2\/types\/post"}],"author":[{"embeddable":true,"href":"https:\/\/aeronoticias.com.pe\/noticiero\/wp-json\/wp\/v2\/users\/1"}],"replies":[{"embeddable":true,"href":"https:\/\/aeronoticias.com.pe\/noticiero\/wp-json\/wp\/v2\/comments?post=37947"}],"version-history":[{"count":0,"href":"https:\/\/aeronoticias.com.pe\/noticiero\/wp-json\/wp\/v2\/posts\/37947\/revisions"}],"wp:attachment":[{"href":"https:\/\/aeronoticias.com.pe\/noticiero\/wp-json\/wp\/v2\/media?parent=37947"}],"wp:term":[{"taxonomy":"category","embeddable":true,"href":"https:\/\/aeronoticias.com.pe\/noticiero\/wp-json\/wp\/v2\/categories?post=37947"},{"taxonomy":"post_tag","embeddable":true,"href":"https:\/\/aeronoticias.com.pe\/noticiero\/wp-json\/wp\/v2\/tags?post=37947"}],"curies":[{"name":"wp","href":"https:\/\/api.w.org\/{rel}","templated":true}]}}