{"id":37949,"date":"2013-06-17T21:00:28","date_gmt":"2013-06-17T21:00:28","guid":{"rendered":"http:\/\/desarrollo.mcvicious.com\/aero2020\/2013\/06\/17\/emirates-aviation-experience-parque-tematico-sobre-aviacion-abrira-en-julio\/"},"modified":"2013-06-17T21:00:28","modified_gmt":"2013-06-17T21:00:28","slug":"emirates-aviation-experience-parque-tematico-sobre-aviacion-abrira-en-julio","status":"publish","type":"post","link":"https:\/\/aeronoticias.com.pe\/noticiero\/transporte-aereo\/internacional\/emirates-aviation-experience-parque-tematico-sobre-aviacion-abrira-en-julio\/","title":{"rendered":"Emirates Aviation Experience: Parque tem\u00e1tico sobre aviaci\u00f3n abrir\u00e1 en julio"},"content":{"rendered":"<p style=\"text-align: justify;\"><strong>(Aeronoticias).-<\/strong> La compa\u00f1\u00eda a\u00e9rea Emirates ha anunciado que abrir\u00e1 el &#8216;Emirates Aviation Experience&#8217;, un parque de atracciones tem\u00e1tico de aviaci\u00f3n, el pr\u00f3ximo mes de julio en la ciudad de Londres.<\/p>\n<p style=\"text-align: justify;\">Las instalaciones del parque contar\u00e1n con m\u00e1s de 300 metros cuadrados, estar\u00e1 situado en la parte sur de la base donde se encuentra la compa\u00f1\u00eda a\u00e9rea en la ciudad y conectar\u00e1 con el telef\u00e9rico de la capital inglesa.<\/p>\n<p>  <!--more-->  <\/p>\n<p style=\"text-align: justify;\">\u00abEstas instalaciones de alta tecnolog\u00eda traer\u00e1 a Londres una parte de una visi\u00f3n tipo en el din\u00e1mico mundo de la aviaci\u00f3n\u00bb, se\u00f1al\u00f3 el presidente de Emirates Airline, \u00a0Tim Clark.<\/p>\n<p style=\"text-align: justify;\">El &#8216;Emirates Aviation Experience&#8217; contar\u00e1 con exhibiciones interactivas y modelos de aeronaves de tama\u00f1o real para proporcionar una visi\u00f3n de las operaciones y los logros modernos de transporte a\u00e9reo comercial, seg\u00fan indic\u00f3 la aerol\u00ednea en un comunicado.<\/p>\n<p style=\"text-align: justify;\">Tambi\u00e9n contar\u00e1 con p\u00fablico por primera vez en el mundo frente a los simuladores de vuelo comerciales incluyendo dos Airbus 380 y dos Boeing 777, con representaciones visuales del paisaje completo, que permitir\u00e1 a los participantes practicar sus habilidades de despegue y aterrizaje.<\/p>\n<p style=\"text-align: justify;\">\u00abEl prop\u00f3sito de este centro es proporcionar una diversi\u00f3n, sin olvidarnos de la educaci\u00f3n, que es lo que se necesita para conseguir con \u00e9xito un avi\u00f3n de 560 toneladas de la tierra y 40.000 metros en el cielo. Nuestro objetivo es explicar la compleja ciencia de la aviaci\u00f3n moderna, en un entorno pr\u00e1ctico, entretenido e instructivo \u00bb apuntaba \u00a0Tim Clark.<\/p>\n<p style=\"text-align: justify;\">Emirates ha venido fortaleciendo sus lazos de Londres en los \u00faltimos tiempos, ya que en junio del a\u00f1o pasado firm\u00f3 un acuerdo de patrocinio de 10 a\u00f1os del sistema de telef\u00e9rico de Londres, que ahora se llama la &#8216;aerol\u00ednea Emirates&#8217;<\/p>\n<p style=\"text-align: justify;\">Europa Press.<\/p>\n<p style=\"text-align: justify;\"><img decoding=\"async\" src=\"images\/stories\/13\/06\/170613\/eae.jpg\" border=\"0\" alt=\"Emirates Aviation Experience: Parque tem\u00e1tico sobre aviaci\u00f3n abrir\u00e1 en julio\" title=\"Emirates Aviation Experience: Parque tem\u00e1tico sobre aviaci\u00f3n abrir\u00e1 en julio\" \/><\/p>\n","protected":false},"excerpt":{"rendered":"<p>(Aeronoticias).- La compa\u00f1\u00eda a\u00e9rea Emirates ha anunciado que abrir\u00e1 el &#8216;Emirates Aviation Experience&#8217;, un parque de atracciones tem\u00e1tico de aviaci\u00f3n, el pr\u00f3ximo mes de julio en la ciudad de Londres. Las instalaciones del parque contar\u00e1n con m\u00e1s de 300 metros cuadrados, estar\u00e1 situado en la parte sur de la base donde se encuentra la compa\u00f1\u00eda [&hellip;]<\/p>\n","protected":false},"author":1,"featured_media":0,"comment_status":"open","ping_status":"open","sticky":false,"template":"","format":"standard","meta":{"tdm_status":"","tdm_grid_status":"","footnotes":""},"categories":[32],"tags":[],"class_list":{"0":"post-37949","1":"post","2":"type-post","3":"status-publish","4":"format-standard","6":"category-internacional"},"yoast_head":"<!-- This site is optimized with the Yoast SEO plugin v25.1 - https:\/\/yoast.com\/wordpress\/plugins\/seo\/ -->\n<title>Emirates Aviation Experience: Parque tem\u00e1tico sobre aviaci\u00f3n abrir\u00e1 en julio<\/title>\n<meta name=\"description\" content=\"Portal de noticias del Per\u00fa sobre el transporte a\u00e9reo, aviaci\u00f3n, turismo, hoteleria, actualidad.\" \/>\n<meta name=\"robots\" content=\"index, follow, max-snippet:-1, max-image-preview:large, max-video-preview:-1\" \/>\n<link rel=\"canonical\" href=\"https:\/\/aeronoticias.com.pe\/noticiero\/transporte-aereo\/internacional\/emirates-aviation-experience-parque-tematico-sobre-aviacion-abrira-en-julio\/\" \/>\n<meta property=\"og:locale\" content=\"es_ES\" \/>\n<meta property=\"og:type\" content=\"article\" \/>\n<meta property=\"og:title\" content=\"Emirates Aviation Experience: Parque tem\u00e1tico sobre aviaci\u00f3n abrir\u00e1 en julio\" \/>\n<meta property=\"og:description\" content=\"Portal de noticias del Per\u00fa sobre el transporte a\u00e9reo, aviaci\u00f3n, turismo, hoteleria, actualidad.\" \/>\n<meta property=\"og:url\" content=\"https:\/\/aeronoticias.com.pe\/noticiero\/transporte-aereo\/internacional\/emirates-aviation-experience-parque-tematico-sobre-aviacion-abrira-en-julio\/\" \/>\n<meta property=\"og:site_name\" content=\"Aeronoticias.com.pe\" \/>\n<meta property=\"article:publisher\" content=\"https:\/\/www.facebook.com\/Aeronoticias.com.pe\/\" \/>\n<meta property=\"article:published_time\" content=\"2013-06-17T21:00:28+00:00\" \/>\n<meta name=\"author\" content=\"Redacci\u00f3n Aeronoticias\" \/>\n<meta name=\"twitter:card\" content=\"summary_large_image\" \/>\n<meta name=\"twitter:creator\" content=\"@aeronoticias\" \/>\n<meta name=\"twitter:site\" content=\"@aeronoticias\" \/>\n<meta name=\"twitter:label1\" content=\"Escrito por\" \/>\n\t<meta name=\"twitter:data1\" content=\"Redacci\u00f3n Aeronoticias\" \/>\n\t<meta name=\"twitter:label2\" content=\"Tiempo de lectura\" \/>\n\t<meta name=\"twitter:data2\" content=\"2 minutos\" \/>\n<script type=\"application\/ld+json\" class=\"yoast-schema-graph\">{\"@context\":\"https:\/\/schema.org\",\"@graph\":[{\"@type\":\"WebPage\",\"@id\":\"https:\/\/aeronoticias.com.pe\/noticiero\/transporte-aereo\/internacional\/emirates-aviation-experience-parque-tematico-sobre-aviacion-abrira-en-julio\/\",\"url\":\"https:\/\/aeronoticias.com.pe\/noticiero\/transporte-aereo\/internacional\/emirates-aviation-experience-parque-tematico-sobre-aviacion-abrira-en-julio\/\",\"name\":\"Emirates Aviation Experience: Parque tem\u00e1tico sobre aviaci\u00f3n abrir\u00e1 en julio\",\"isPartOf\":{\"@id\":\"https:\/\/aeronoticias.com.pe\/noticiero\/#website\"},\"datePublished\":\"2013-06-17T21:00:28+00:00\",\"author\":{\"@id\":\"https:\/\/aeronoticias.com.pe\/noticiero\/#\/schema\/person\/fc1e5d578f4b62ba1cf7ac2bba1170a0\"},\"description\":\"Portal de noticias del Per\u00fa sobre el transporte a\u00e9reo, aviaci\u00f3n, turismo, hoteleria, actualidad.\",\"breadcrumb\":{\"@id\":\"https:\/\/aeronoticias.com.pe\/noticiero\/transporte-aereo\/internacional\/emirates-aviation-experience-parque-tematico-sobre-aviacion-abrira-en-julio\/#breadcrumb\"},\"inLanguage\":\"es\",\"potentialAction\":[{\"@type\":\"ReadAction\",\"target\":[\"https:\/\/aeronoticias.com.pe\/noticiero\/transporte-aereo\/internacional\/emirates-aviation-experience-parque-tematico-sobre-aviacion-abrira-en-julio\/\"]}]},{\"@type\":\"BreadcrumbList\",\"@id\":\"https:\/\/aeronoticias.com.pe\/noticiero\/transporte-aereo\/internacional\/emirates-aviation-experience-parque-tematico-sobre-aviacion-abrira-en-julio\/#breadcrumb\",\"itemListElement\":[{\"@type\":\"ListItem\",\"position\":1,\"name\":\"Portada\",\"item\":\"https:\/\/aeronoticias.com.pe\/noticiero\/\"},{\"@type\":\"ListItem\",\"position\":2,\"name\":\"Emirates Aviation Experience: Parque tem\u00e1tico sobre aviaci\u00f3n abrir\u00e1 en julio\"}]},{\"@type\":\"WebSite\",\"@id\":\"https:\/\/aeronoticias.com.pe\/noticiero\/#website\",\"url\":\"https:\/\/aeronoticias.com.pe\/noticiero\/\",\"name\":\"Aeronoticias.com.pe\",\"description\":\"Noticias de tranporte aereo, turismo, hoteles, gastronomia, actualidad, internacional\",\"potentialAction\":[{\"@type\":\"SearchAction\",\"target\":{\"@type\":\"EntryPoint\",\"urlTemplate\":\"https:\/\/aeronoticias.com.pe\/noticiero\/?s={search_term_string}\"},\"query-input\":{\"@type\":\"PropertyValueSpecification\",\"valueRequired\":true,\"valueName\":\"search_term_string\"}}],\"inLanguage\":\"es\"},{\"@type\":\"Person\",\"@id\":\"https:\/\/aeronoticias.com.pe\/noticiero\/#\/schema\/person\/fc1e5d578f4b62ba1cf7ac2bba1170a0\",\"name\":\"Redacci\u00f3n Aeronoticias\",\"url\":\"https:\/\/aeronoticias.com.pe\/noticiero\/author\/piloto\/\"}]}<\/script>\n<!-- \/ Yoast SEO plugin. -->","yoast_head_json":{"title":"Emirates Aviation Experience: Parque tem\u00e1tico sobre aviaci\u00f3n abrir\u00e1 en julio","description":"Portal de noticias del Per\u00fa sobre el transporte a\u00e9reo, aviaci\u00f3n, turismo, hoteleria, actualidad.","robots":{"index":"index","follow":"follow","max-snippet":"max-snippet:-1","max-image-preview":"max-image-preview:large","max-video-preview":"max-video-preview:-1"},"canonical":"https:\/\/aeronoticias.com.pe\/noticiero\/transporte-aereo\/internacional\/emirates-aviation-experience-parque-tematico-sobre-aviacion-abrira-en-julio\/","og_locale":"es_ES","og_type":"article","og_title":"Emirates Aviation Experience: Parque tem\u00e1tico sobre aviaci\u00f3n abrir\u00e1 en julio","og_description":"Portal de noticias del Per\u00fa sobre el transporte a\u00e9reo, aviaci\u00f3n, turismo, hoteleria, actualidad.","og_url":"https:\/\/aeronoticias.com.pe\/noticiero\/transporte-aereo\/internacional\/emirates-aviation-experience-parque-tematico-sobre-aviacion-abrira-en-julio\/","og_site_name":"Aeronoticias.com.pe","article_publisher":"https:\/\/www.facebook.com\/Aeronoticias.com.pe\/","article_published_time":"2013-06-17T21:00:28+00:00","author":"Redacci\u00f3n Aeronoticias","twitter_card":"summary_large_image","twitter_creator":"@aeronoticias","twitter_site":"@aeronoticias","twitter_misc":{"Escrito por":"Redacci\u00f3n Aeronoticias","Tiempo de lectura":"2 minutos"},"schema":{"@context":"https:\/\/schema.org","@graph":[{"@type":"WebPage","@id":"https:\/\/aeronoticias.com.pe\/noticiero\/transporte-aereo\/internacional\/emirates-aviation-experience-parque-tematico-sobre-aviacion-abrira-en-julio\/","url":"https:\/\/aeronoticias.com.pe\/noticiero\/transporte-aereo\/internacional\/emirates-aviation-experience-parque-tematico-sobre-aviacion-abrira-en-julio\/","name":"Emirates Aviation Experience: Parque tem\u00e1tico sobre aviaci\u00f3n abrir\u00e1 en julio","isPartOf":{"@id":"https:\/\/aeronoticias.com.pe\/noticiero\/#website"},"datePublished":"2013-06-17T21:00:28+00:00","author":{"@id":"https:\/\/aeronoticias.com.pe\/noticiero\/#\/schema\/person\/fc1e5d578f4b62ba1cf7ac2bba1170a0"},"description":"Portal de noticias del Per\u00fa sobre el transporte a\u00e9reo, aviaci\u00f3n, turismo, hoteleria, actualidad.","breadcrumb":{"@id":"https:\/\/aeronoticias.com.pe\/noticiero\/transporte-aereo\/internacional\/emirates-aviation-experience-parque-tematico-sobre-aviacion-abrira-en-julio\/#breadcrumb"},"inLanguage":"es","potentialAction":[{"@type":"ReadAction","target":["https:\/\/aeronoticias.com.pe\/noticiero\/transporte-aereo\/internacional\/emirates-aviation-experience-parque-tematico-sobre-aviacion-abrira-en-julio\/"]}]},{"@type":"BreadcrumbList","@id":"https:\/\/aeronoticias.com.pe\/noticiero\/transporte-aereo\/internacional\/emirates-aviation-experience-parque-tematico-sobre-aviacion-abrira-en-julio\/#breadcrumb","itemListElement":[{"@type":"ListItem","position":1,"name":"Portada","item":"https:\/\/aeronoticias.com.pe\/noticiero\/"},{"@type":"ListItem","position":2,"name":"Emirates Aviation Experience: Parque tem\u00e1tico sobre aviaci\u00f3n abrir\u00e1 en julio"}]},{"@type":"WebSite","@id":"https:\/\/aeronoticias.com.pe\/noticiero\/#website","url":"https:\/\/aeronoticias.com.pe\/noticiero\/","name":"Aeronoticias.com.pe","description":"Noticias de tranporte aereo, turismo, hoteles, gastronomia, actualidad, internacional","potentialAction":[{"@type":"SearchAction","target":{"@type":"EntryPoint","urlTemplate":"https:\/\/aeronoticias.com.pe\/noticiero\/?s={search_term_string}"},"query-input":{"@type":"PropertyValueSpecification","valueRequired":true,"valueName":"search_term_string"}}],"inLanguage":"es"},{"@type":"Person","@id":"https:\/\/aeronoticias.com.pe\/noticiero\/#\/schema\/person\/fc1e5d578f4b62ba1cf7ac2bba1170a0","name":"Redacci\u00f3n Aeronoticias","url":"https:\/\/aeronoticias.com.pe\/noticiero\/author\/piloto\/"}]}},"_links":{"self":[{"href":"https:\/\/aeronoticias.com.pe\/noticiero\/wp-json\/wp\/v2\/posts\/37949","targetHints":{"allow":["GET"]}}],"collection":[{"href":"https:\/\/aeronoticias.com.pe\/noticiero\/wp-json\/wp\/v2\/posts"}],"about":[{"href":"https:\/\/aeronoticias.com.pe\/noticiero\/wp-json\/wp\/v2\/types\/post"}],"author":[{"embeddable":true,"href":"https:\/\/aeronoticias.com.pe\/noticiero\/wp-json\/wp\/v2\/users\/1"}],"replies":[{"embeddable":true,"href":"https:\/\/aeronoticias.com.pe\/noticiero\/wp-json\/wp\/v2\/comments?post=37949"}],"version-history":[{"count":0,"href":"https:\/\/aeronoticias.com.pe\/noticiero\/wp-json\/wp\/v2\/posts\/37949\/revisions"}],"wp:attachment":[{"href":"https:\/\/aeronoticias.com.pe\/noticiero\/wp-json\/wp\/v2\/media?parent=37949"}],"wp:term":[{"taxonomy":"category","embeddable":true,"href":"https:\/\/aeronoticias.com.pe\/noticiero\/wp-json\/wp\/v2\/categories?post=37949"},{"taxonomy":"post_tag","embeddable":true,"href":"https:\/\/aeronoticias.com.pe\/noticiero\/wp-json\/wp\/v2\/tags?post=37949"}],"curies":[{"name":"wp","href":"https:\/\/api.w.org\/{rel}","templated":true}]}}