{"id":37950,"date":"2013-06-17T21:30:58","date_gmt":"2013-06-17T21:30:58","guid":{"rendered":"http:\/\/desarrollo.mcvicious.com\/aero2020\/2013\/06\/17\/arequipa-valle-del-colca-recibiria-6000-turistas-por-aniversario-de-caylloma\/"},"modified":"2013-06-17T21:30:58","modified_gmt":"2013-06-17T21:30:58","slug":"arequipa-valle-del-colca-recibiria-6000-turistas-por-aniversario-de-caylloma","status":"publish","type":"post","link":"https:\/\/aeronoticias.com.pe\/noticiero\/turismo\/13\/arequipa-valle-del-colca-recibiria-6000-turistas-por-aniversario-de-caylloma\/","title":{"rendered":"Arequipa: Valle del Colca recibir\u00eda 6,000 turistas por aniversario de Caylloma"},"content":{"rendered":"<p style=\"text-align: justify;\"><strong>(Aeronoticias).-<\/strong> El valle del Colca estima recibir m\u00e1s de 6 mil turistas durante la semana de aniversario de la provincia de Caylloma que se celebra este 21 de junio, inform\u00f3 el gerente de la Autoridad Nacional del Colca (Autocolca), Fredy Jim\u00e9nez.<\/p>\n<p style=\"text-align: justify;\">El funcionario refiri\u00f3 que las actividades por el 188 aniversario de la provincia de Caylloma se han programado diversas actividades art\u00edstico-culturales as\u00ed como inauguraci\u00f3n de obras que captar\u00e1n la atenci\u00f3n de los visitantes que se animen visitar la zona, coment\u00f3.<\/p>\n<p>  <!--more-->  <\/p>\n<p style=\"text-align: justify;\">Fredy Jim\u00e9nez, dijo que las actividades no solo se han promocionado en Arequipa sino tambi\u00e9n en el Cusco, a fin de atraer a los turistas que llegan a la zona para participar del Inti Raymi (24 de junio).<\/p>\n<p style=\"text-align: justify;\">\u201cSi bien muchos turistas llegan al Cusco para participar del Inti Raymi queremos atraer su inter\u00e9s por participar de los festejos de Caylloma y conocer sus atractivos tur\u00edsticos como el ca\u00f1\u00f3n del Colca, complejos arqueol\u00f3gicos, danzas, gastronom\u00eda, entre otros\u201d, manifest\u00f3 el gerente de Autocolca.<\/p>\n<p style=\"text-align: justify;\">Entre las actividades por aniversario de Caylloma destaca la exhibici\u00f3n y concurso de fotograf\u00edas antiguas de la provincia donde mostrar\u00e1n 22 fotos de viviendas, zonas arqueol\u00f3gicas y costumbres de gente que habit\u00f3 el Colca.<\/p>\n<p style=\"text-align: justify;\">Adem\u00e1s el lunes se entregar\u00e1 la primera etapa del Museo de la Momia Juanita, en Cabanaconde.<\/p>\n<p style=\"text-align: justify;\">El Primer Festival de la Wayllacha, corrida de toros, el Festi Wawa y otras actividades culturales se desarrollar\u00e1n esta semana en Chivay, capital de la provincia de Caylloma.<\/p>\n<p style=\"text-align: justify;\">Para el viernes 21 de junio d\u00eda central de las festividades se tiene previsto la ceremonia oficial con presencia de las autoridades del lugar en la plaza principal de Chivay.<\/p>\n<p style=\"text-align: justify;\">El pueblo de Chivay es la capital de la provincia de Caylloma la misma que se encuentra a cuatro horas de viaje de la ciudad de Arequipa, los visitantes en la zona pueden recorrer el valle del Colca y disfrutar de su belleza natural y otros atractivos tur\u00edsticos del lugar.<\/p>\n<p style=\"text-align: justify;\">Agencia Andina.<\/p>\n<p style=\"text-align: justify;\"><img decoding=\"async\" src=\"images\/stories\/10\/09\/060910\/colca.jpg\" border=\"0\" alt=\"Arequipa: Valle del Colca recibir\u00eda 6,000 turistas por aniversario de Caylloma\" title=\"Arequipa: Valle del Colca recibir\u00eda 6,000 turistas por aniversario de Caylloma\" \/><\/p>\n","protected":false},"excerpt":{"rendered":"<p>(Aeronoticias).- El valle del Colca estima recibir m\u00e1s de 6 mil turistas durante la semana de aniversario de la provincia de Caylloma que se celebra este 21 de junio, inform\u00f3 el gerente de la Autoridad Nacional del Colca (Autocolca), Fredy Jim\u00e9nez. El funcionario refiri\u00f3 que las actividades por el 188 aniversario de la provincia de [&hellip;]<\/p>\n","protected":false},"author":1,"featured_media":0,"comment_status":"open","ping_status":"open","sticky":false,"template":"","format":"standard","meta":{"tdm_status":"","tdm_grid_status":"","footnotes":""},"categories":[31],"tags":[],"class_list":{"0":"post-37950","1":"post","2":"type-post","3":"status-publish","4":"format-standard","6":"category-31"},"yoast_head":"<!-- This site is optimized with the Yoast SEO plugin v25.1 - https:\/\/yoast.com\/wordpress\/plugins\/seo\/ -->\n<title>Arequipa: Valle del Colca recibir\u00eda 6,000 turistas por aniversario de Caylloma<\/title>\n<meta name=\"description\" content=\"Portal de noticias del Per\u00fa sobre el transporte a\u00e9reo, aviaci\u00f3n, turismo, hoteleria, actualidad.\" \/>\n<meta name=\"robots\" content=\"index, follow, max-snippet:-1, max-image-preview:large, max-video-preview:-1\" \/>\n<link rel=\"canonical\" href=\"https:\/\/aeronoticias.com.pe\/noticiero\/turismo\/13\/arequipa-valle-del-colca-recibiria-6000-turistas-por-aniversario-de-caylloma\/\" \/>\n<meta property=\"og:locale\" content=\"es_ES\" \/>\n<meta property=\"og:type\" content=\"article\" \/>\n<meta property=\"og:title\" content=\"Arequipa: Valle del Colca recibir\u00eda 6,000 turistas por aniversario de Caylloma\" \/>\n<meta property=\"og:description\" content=\"Portal de noticias del Per\u00fa sobre el transporte a\u00e9reo, aviaci\u00f3n, turismo, hoteleria, actualidad.\" \/>\n<meta property=\"og:url\" content=\"https:\/\/aeronoticias.com.pe\/noticiero\/turismo\/13\/arequipa-valle-del-colca-recibiria-6000-turistas-por-aniversario-de-caylloma\/\" \/>\n<meta property=\"og:site_name\" content=\"Aeronoticias.com.pe\" \/>\n<meta property=\"article:publisher\" content=\"https:\/\/www.facebook.com\/Aeronoticias.com.pe\/\" \/>\n<meta property=\"article:published_time\" content=\"2013-06-17T21:30:58+00:00\" \/>\n<meta name=\"author\" content=\"Redacci\u00f3n Aeronoticias\" \/>\n<meta name=\"twitter:card\" content=\"summary_large_image\" \/>\n<meta name=\"twitter:creator\" content=\"@aeronoticias\" \/>\n<meta name=\"twitter:site\" content=\"@aeronoticias\" \/>\n<meta name=\"twitter:label1\" content=\"Escrito por\" \/>\n\t<meta name=\"twitter:data1\" content=\"Redacci\u00f3n Aeronoticias\" \/>\n\t<meta name=\"twitter:label2\" content=\"Tiempo de lectura\" \/>\n\t<meta name=\"twitter:data2\" content=\"2 minutos\" \/>\n<script type=\"application\/ld+json\" class=\"yoast-schema-graph\">{\"@context\":\"https:\/\/schema.org\",\"@graph\":[{\"@type\":\"WebPage\",\"@id\":\"https:\/\/aeronoticias.com.pe\/noticiero\/turismo\/13\/arequipa-valle-del-colca-recibiria-6000-turistas-por-aniversario-de-caylloma\/\",\"url\":\"https:\/\/aeronoticias.com.pe\/noticiero\/turismo\/13\/arequipa-valle-del-colca-recibiria-6000-turistas-por-aniversario-de-caylloma\/\",\"name\":\"Arequipa: Valle del Colca recibir\u00eda 6,000 turistas por aniversario de Caylloma\",\"isPartOf\":{\"@id\":\"https:\/\/aeronoticias.com.pe\/noticiero\/#website\"},\"datePublished\":\"2013-06-17T21:30:58+00:00\",\"author\":{\"@id\":\"https:\/\/aeronoticias.com.pe\/noticiero\/#\/schema\/person\/fc1e5d578f4b62ba1cf7ac2bba1170a0\"},\"description\":\"Portal de noticias del Per\u00fa sobre el transporte a\u00e9reo, aviaci\u00f3n, turismo, hoteleria, actualidad.\",\"breadcrumb\":{\"@id\":\"https:\/\/aeronoticias.com.pe\/noticiero\/turismo\/13\/arequipa-valle-del-colca-recibiria-6000-turistas-por-aniversario-de-caylloma\/#breadcrumb\"},\"inLanguage\":\"es\",\"potentialAction\":[{\"@type\":\"ReadAction\",\"target\":[\"https:\/\/aeronoticias.com.pe\/noticiero\/turismo\/13\/arequipa-valle-del-colca-recibiria-6000-turistas-por-aniversario-de-caylloma\/\"]}]},{\"@type\":\"BreadcrumbList\",\"@id\":\"https:\/\/aeronoticias.com.pe\/noticiero\/turismo\/13\/arequipa-valle-del-colca-recibiria-6000-turistas-por-aniversario-de-caylloma\/#breadcrumb\",\"itemListElement\":[{\"@type\":\"ListItem\",\"position\":1,\"name\":\"Portada\",\"item\":\"https:\/\/aeronoticias.com.pe\/noticiero\/\"},{\"@type\":\"ListItem\",\"position\":2,\"name\":\"Arequipa: Valle del Colca recibir\u00eda 6,000 turistas por aniversario de Caylloma\"}]},{\"@type\":\"WebSite\",\"@id\":\"https:\/\/aeronoticias.com.pe\/noticiero\/#website\",\"url\":\"https:\/\/aeronoticias.com.pe\/noticiero\/\",\"name\":\"Aeronoticias.com.pe\",\"description\":\"Noticias de tranporte aereo, turismo, hoteles, gastronomia, actualidad, internacional\",\"potentialAction\":[{\"@type\":\"SearchAction\",\"target\":{\"@type\":\"EntryPoint\",\"urlTemplate\":\"https:\/\/aeronoticias.com.pe\/noticiero\/?s={search_term_string}\"},\"query-input\":{\"@type\":\"PropertyValueSpecification\",\"valueRequired\":true,\"valueName\":\"search_term_string\"}}],\"inLanguage\":\"es\"},{\"@type\":\"Person\",\"@id\":\"https:\/\/aeronoticias.com.pe\/noticiero\/#\/schema\/person\/fc1e5d578f4b62ba1cf7ac2bba1170a0\",\"name\":\"Redacci\u00f3n Aeronoticias\",\"url\":\"https:\/\/aeronoticias.com.pe\/noticiero\/author\/piloto\/\"}]}<\/script>\n<!-- \/ Yoast SEO plugin. -->","yoast_head_json":{"title":"Arequipa: Valle del Colca recibir\u00eda 6,000 turistas por aniversario de Caylloma","description":"Portal de noticias del Per\u00fa sobre el transporte a\u00e9reo, aviaci\u00f3n, turismo, hoteleria, actualidad.","robots":{"index":"index","follow":"follow","max-snippet":"max-snippet:-1","max-image-preview":"max-image-preview:large","max-video-preview":"max-video-preview:-1"},"canonical":"https:\/\/aeronoticias.com.pe\/noticiero\/turismo\/13\/arequipa-valle-del-colca-recibiria-6000-turistas-por-aniversario-de-caylloma\/","og_locale":"es_ES","og_type":"article","og_title":"Arequipa: Valle del Colca recibir\u00eda 6,000 turistas por aniversario de Caylloma","og_description":"Portal de noticias del Per\u00fa sobre el transporte a\u00e9reo, aviaci\u00f3n, turismo, hoteleria, actualidad.","og_url":"https:\/\/aeronoticias.com.pe\/noticiero\/turismo\/13\/arequipa-valle-del-colca-recibiria-6000-turistas-por-aniversario-de-caylloma\/","og_site_name":"Aeronoticias.com.pe","article_publisher":"https:\/\/www.facebook.com\/Aeronoticias.com.pe\/","article_published_time":"2013-06-17T21:30:58+00:00","author":"Redacci\u00f3n Aeronoticias","twitter_card":"summary_large_image","twitter_creator":"@aeronoticias","twitter_site":"@aeronoticias","twitter_misc":{"Escrito por":"Redacci\u00f3n Aeronoticias","Tiempo de lectura":"2 minutos"},"schema":{"@context":"https:\/\/schema.org","@graph":[{"@type":"WebPage","@id":"https:\/\/aeronoticias.com.pe\/noticiero\/turismo\/13\/arequipa-valle-del-colca-recibiria-6000-turistas-por-aniversario-de-caylloma\/","url":"https:\/\/aeronoticias.com.pe\/noticiero\/turismo\/13\/arequipa-valle-del-colca-recibiria-6000-turistas-por-aniversario-de-caylloma\/","name":"Arequipa: Valle del Colca recibir\u00eda 6,000 turistas por aniversario de Caylloma","isPartOf":{"@id":"https:\/\/aeronoticias.com.pe\/noticiero\/#website"},"datePublished":"2013-06-17T21:30:58+00:00","author":{"@id":"https:\/\/aeronoticias.com.pe\/noticiero\/#\/schema\/person\/fc1e5d578f4b62ba1cf7ac2bba1170a0"},"description":"Portal de noticias del Per\u00fa sobre el transporte a\u00e9reo, aviaci\u00f3n, turismo, hoteleria, actualidad.","breadcrumb":{"@id":"https:\/\/aeronoticias.com.pe\/noticiero\/turismo\/13\/arequipa-valle-del-colca-recibiria-6000-turistas-por-aniversario-de-caylloma\/#breadcrumb"},"inLanguage":"es","potentialAction":[{"@type":"ReadAction","target":["https:\/\/aeronoticias.com.pe\/noticiero\/turismo\/13\/arequipa-valle-del-colca-recibiria-6000-turistas-por-aniversario-de-caylloma\/"]}]},{"@type":"BreadcrumbList","@id":"https:\/\/aeronoticias.com.pe\/noticiero\/turismo\/13\/arequipa-valle-del-colca-recibiria-6000-turistas-por-aniversario-de-caylloma\/#breadcrumb","itemListElement":[{"@type":"ListItem","position":1,"name":"Portada","item":"https:\/\/aeronoticias.com.pe\/noticiero\/"},{"@type":"ListItem","position":2,"name":"Arequipa: Valle del Colca recibir\u00eda 6,000 turistas por aniversario de Caylloma"}]},{"@type":"WebSite","@id":"https:\/\/aeronoticias.com.pe\/noticiero\/#website","url":"https:\/\/aeronoticias.com.pe\/noticiero\/","name":"Aeronoticias.com.pe","description":"Noticias de tranporte aereo, turismo, hoteles, gastronomia, actualidad, internacional","potentialAction":[{"@type":"SearchAction","target":{"@type":"EntryPoint","urlTemplate":"https:\/\/aeronoticias.com.pe\/noticiero\/?s={search_term_string}"},"query-input":{"@type":"PropertyValueSpecification","valueRequired":true,"valueName":"search_term_string"}}],"inLanguage":"es"},{"@type":"Person","@id":"https:\/\/aeronoticias.com.pe\/noticiero\/#\/schema\/person\/fc1e5d578f4b62ba1cf7ac2bba1170a0","name":"Redacci\u00f3n Aeronoticias","url":"https:\/\/aeronoticias.com.pe\/noticiero\/author\/piloto\/"}]}},"_links":{"self":[{"href":"https:\/\/aeronoticias.com.pe\/noticiero\/wp-json\/wp\/v2\/posts\/37950","targetHints":{"allow":["GET"]}}],"collection":[{"href":"https:\/\/aeronoticias.com.pe\/noticiero\/wp-json\/wp\/v2\/posts"}],"about":[{"href":"https:\/\/aeronoticias.com.pe\/noticiero\/wp-json\/wp\/v2\/types\/post"}],"author":[{"embeddable":true,"href":"https:\/\/aeronoticias.com.pe\/noticiero\/wp-json\/wp\/v2\/users\/1"}],"replies":[{"embeddable":true,"href":"https:\/\/aeronoticias.com.pe\/noticiero\/wp-json\/wp\/v2\/comments?post=37950"}],"version-history":[{"count":0,"href":"https:\/\/aeronoticias.com.pe\/noticiero\/wp-json\/wp\/v2\/posts\/37950\/revisions"}],"wp:attachment":[{"href":"https:\/\/aeronoticias.com.pe\/noticiero\/wp-json\/wp\/v2\/media?parent=37950"}],"wp:term":[{"taxonomy":"category","embeddable":true,"href":"https:\/\/aeronoticias.com.pe\/noticiero\/wp-json\/wp\/v2\/categories?post=37950"},{"taxonomy":"post_tag","embeddable":true,"href":"https:\/\/aeronoticias.com.pe\/noticiero\/wp-json\/wp\/v2\/tags?post=37950"}],"curies":[{"name":"wp","href":"https:\/\/api.w.org\/{rel}","templated":true}]}}