{"id":37953,"date":"2013-06-17T22:34:52","date_gmt":"2013-06-17T22:34:52","guid":{"rendered":"http:\/\/desarrollo.mcvicious.com\/aero2020\/2013\/06\/17\/usmp-presenta-dos-maestrias-exclusivas-en-el-peru\/"},"modified":"2013-06-17T22:34:52","modified_gmt":"2013-06-17T22:34:52","slug":"usmp-presenta-dos-maestrias-exclusivas-en-el-peru","status":"publish","type":"post","link":"https:\/\/aeronoticias.com.pe\/noticiero\/institucionales\/capacitacion\/usmp-presenta-dos-maestrias-exclusivas-en-el-peru\/","title":{"rendered":"USMP presenta dos maestr\u00edas exclusivas en el Per\u00fa"},"content":{"rendered":"<p style=\"text-align: justify;\"><strong>(Aeronoticias).-<\/strong> En respuesta a la complejidad de las demandas sociales actuales, se requieren profesionales capaces de actuar como gu\u00edas en los diferentes \u00e1mbitos, por ello la Secci\u00f3n Postgrado de la Escuela Profesional de Psicolog\u00eda \u00a0de la Universidad de San Mart\u00edn de Porres \u00a0(USMP) es la primera en el Per\u00fa en presentar dos nuevas maestr\u00edas exclusivas y de alta especializaci\u00f3n: Maestr\u00eda en Psicolog\u00eda de ni\u00f1os y adolescentes con problemas de aprendizaje y Maestr\u00eda en Psicolog\u00eda cl\u00ednica de ni\u00f1os para su segundo per\u00edodo acad\u00e9mico 2013.<\/p>\n<p style=\"text-align: justify;\">Estas maestr\u00edas ofrecen modernas t\u00e9cnicas e instrumentos psicom\u00e9tricos y proyectivos en la evaluaci\u00f3n e intervenci\u00f3n psicol\u00f3gica de ni\u00f1os y adolescentes permitiendo al realizar diagn\u00f3sticos e intervenciones eficientes a trav\u00e9s de un proceso que abarca la comprensi\u00f3n, el diagn\u00f3stico y la elaboraci\u00f3n de propuestas \u00a0viables y realizables.<\/p>\n<p>  <!--more-->  <\/p>\n<p style=\"text-align: justify;\">Son un total de cuatro especialidades que brinda la Secci\u00f3n de Postgrado de la Escuela de Psicolog\u00eda: Maestr\u00eda en Psicolog\u00eda Cl\u00ednica de ni\u00f1os, Maestr\u00eda en Psicolog\u00eda de Ni\u00f1os y Adolescentes con problemas de aprendizaje, Maestr\u00edas en Psicolog\u00eda del trabajo y las organizaciones y Maestr\u00eda en Psicolog\u00eda. En todas sus modalidades, las maestr\u00edas tienen como objetivo capacitar y formar profesionales competentes para desempe\u00f1arse en las diferentes especialidades de la Psicolog\u00eda generando conocimiento y desarrollando habilidades que maximicen el potencial del estudiante.<\/p>\n<p style=\"text-align: justify;\">Una plana docente especializada, suscripci\u00f3n a 33 bases de datos de actualidad agrupadas en EBSCO HOST, PROQUEST, HINARI Y PSICODOC, participaci\u00f3n en seminarios internacionales, adem\u00e1s de asesor\u00eda permanente son algunos de los beneficios que ofrece este programa acad\u00e9mico.<\/p>\n<p style=\"text-align: justify;\">Las maestr\u00edas est\u00e1n orientadas a bachilleres y profesionales en Psicolog\u00eda, Educaci\u00f3n, Administraci\u00f3n, Contabilidad, Derecho, Econom\u00eda, Ingenier\u00eda Industrial y carreras afines. Para mayor informaci\u00f3n, los interesados pueden ingresar a: www.fcctp.usmp.edu.pe\/postgrados\/psicologia\/ , llamar al 5136300 anexo 2012 \u2013 2015 \u00a0y\/o acudir a la Secci\u00f3n de Postgrado de la Escuela de Psicolog\u00eda de la \u00a0USMP en Av. Tom\u00e1s Marsano 242, 5\u00b0 piso, Surquillo.<\/p>\n<p style=\"text-align: justify;\"><img decoding=\"async\" src=\"images\/stories\/13\/06\/170613\/usmp.jpg\" border=\"0\" alt=\"USMP presenta dos maestr\u00edas exclusivas en el Per\u00fa\" title=\"USMP presenta dos maestr\u00edas exclusivas en el Per\u00fa\" \/><\/p>\n","protected":false},"excerpt":{"rendered":"<p>(Aeronoticias).- En respuesta a la complejidad de las demandas sociales actuales, se requieren profesionales capaces de actuar como gu\u00edas en los diferentes \u00e1mbitos, por ello la Secci\u00f3n Postgrado de la Escuela Profesional de Psicolog\u00eda \u00a0de la Universidad de San Mart\u00edn de Porres \u00a0(USMP) es la primera en el Per\u00fa en presentar dos nuevas maestr\u00edas exclusivas [&hellip;]<\/p>\n","protected":false},"author":1,"featured_media":0,"comment_status":"open","ping_status":"open","sticky":false,"template":"","format":"standard","meta":{"tdm_status":"","tdm_grid_status":"","footnotes":""},"categories":[52],"tags":[],"class_list":{"0":"post-37953","1":"post","2":"type-post","3":"status-publish","4":"format-standard","6":"category-capacitacion"},"yoast_head":"<!-- This site is optimized with the Yoast SEO plugin v25.1 - https:\/\/yoast.com\/wordpress\/plugins\/seo\/ -->\n<title>USMP presenta dos maestr\u00edas exclusivas en el Per\u00fa<\/title>\n<meta name=\"description\" content=\"Portal de noticias del Per\u00fa sobre el transporte a\u00e9reo, aviaci\u00f3n, turismo, hoteleria, actualidad.\" \/>\n<meta name=\"robots\" content=\"index, follow, max-snippet:-1, max-image-preview:large, max-video-preview:-1\" \/>\n<link rel=\"canonical\" href=\"https:\/\/aeronoticias.com.pe\/noticiero\/institucionales\/capacitacion\/usmp-presenta-dos-maestrias-exclusivas-en-el-peru\/\" \/>\n<meta property=\"og:locale\" content=\"es_ES\" \/>\n<meta property=\"og:type\" content=\"article\" \/>\n<meta property=\"og:title\" content=\"USMP presenta dos maestr\u00edas exclusivas en el Per\u00fa\" \/>\n<meta property=\"og:description\" content=\"Portal de noticias del Per\u00fa sobre el transporte a\u00e9reo, aviaci\u00f3n, turismo, hoteleria, actualidad.\" \/>\n<meta property=\"og:url\" content=\"https:\/\/aeronoticias.com.pe\/noticiero\/institucionales\/capacitacion\/usmp-presenta-dos-maestrias-exclusivas-en-el-peru\/\" \/>\n<meta property=\"og:site_name\" content=\"Aeronoticias.com.pe\" \/>\n<meta property=\"article:publisher\" content=\"https:\/\/www.facebook.com\/Aeronoticias.com.pe\/\" \/>\n<meta property=\"article:published_time\" content=\"2013-06-17T22:34:52+00:00\" \/>\n<meta name=\"author\" content=\"Redacci\u00f3n Aeronoticias\" \/>\n<meta name=\"twitter:card\" content=\"summary_large_image\" \/>\n<meta name=\"twitter:creator\" content=\"@aeronoticias\" \/>\n<meta name=\"twitter:site\" content=\"@aeronoticias\" \/>\n<meta name=\"twitter:label1\" content=\"Escrito por\" \/>\n\t<meta name=\"twitter:data1\" content=\"Redacci\u00f3n Aeronoticias\" \/>\n\t<meta name=\"twitter:label2\" content=\"Tiempo de lectura\" \/>\n\t<meta name=\"twitter:data2\" content=\"2 minutos\" \/>\n<script type=\"application\/ld+json\" class=\"yoast-schema-graph\">{\"@context\":\"https:\/\/schema.org\",\"@graph\":[{\"@type\":\"WebPage\",\"@id\":\"https:\/\/aeronoticias.com.pe\/noticiero\/institucionales\/capacitacion\/usmp-presenta-dos-maestrias-exclusivas-en-el-peru\/\",\"url\":\"https:\/\/aeronoticias.com.pe\/noticiero\/institucionales\/capacitacion\/usmp-presenta-dos-maestrias-exclusivas-en-el-peru\/\",\"name\":\"USMP presenta dos maestr\u00edas exclusivas en el Per\u00fa\",\"isPartOf\":{\"@id\":\"https:\/\/aeronoticias.com.pe\/noticiero\/#website\"},\"datePublished\":\"2013-06-17T22:34:52+00:00\",\"author\":{\"@id\":\"https:\/\/aeronoticias.com.pe\/noticiero\/#\/schema\/person\/fc1e5d578f4b62ba1cf7ac2bba1170a0\"},\"description\":\"Portal de noticias del Per\u00fa sobre el transporte a\u00e9reo, aviaci\u00f3n, turismo, hoteleria, actualidad.\",\"breadcrumb\":{\"@id\":\"https:\/\/aeronoticias.com.pe\/noticiero\/institucionales\/capacitacion\/usmp-presenta-dos-maestrias-exclusivas-en-el-peru\/#breadcrumb\"},\"inLanguage\":\"es\",\"potentialAction\":[{\"@type\":\"ReadAction\",\"target\":[\"https:\/\/aeronoticias.com.pe\/noticiero\/institucionales\/capacitacion\/usmp-presenta-dos-maestrias-exclusivas-en-el-peru\/\"]}]},{\"@type\":\"BreadcrumbList\",\"@id\":\"https:\/\/aeronoticias.com.pe\/noticiero\/institucionales\/capacitacion\/usmp-presenta-dos-maestrias-exclusivas-en-el-peru\/#breadcrumb\",\"itemListElement\":[{\"@type\":\"ListItem\",\"position\":1,\"name\":\"Portada\",\"item\":\"https:\/\/aeronoticias.com.pe\/noticiero\/\"},{\"@type\":\"ListItem\",\"position\":2,\"name\":\"USMP presenta dos maestr\u00edas exclusivas en el Per\u00fa\"}]},{\"@type\":\"WebSite\",\"@id\":\"https:\/\/aeronoticias.com.pe\/noticiero\/#website\",\"url\":\"https:\/\/aeronoticias.com.pe\/noticiero\/\",\"name\":\"Aeronoticias.com.pe\",\"description\":\"Noticias de tranporte aereo, turismo, hoteles, gastronomia, actualidad, internacional\",\"potentialAction\":[{\"@type\":\"SearchAction\",\"target\":{\"@type\":\"EntryPoint\",\"urlTemplate\":\"https:\/\/aeronoticias.com.pe\/noticiero\/?s={search_term_string}\"},\"query-input\":{\"@type\":\"PropertyValueSpecification\",\"valueRequired\":true,\"valueName\":\"search_term_string\"}}],\"inLanguage\":\"es\"},{\"@type\":\"Person\",\"@id\":\"https:\/\/aeronoticias.com.pe\/noticiero\/#\/schema\/person\/fc1e5d578f4b62ba1cf7ac2bba1170a0\",\"name\":\"Redacci\u00f3n Aeronoticias\",\"url\":\"https:\/\/aeronoticias.com.pe\/noticiero\/author\/piloto\/\"}]}<\/script>\n<!-- \/ Yoast SEO plugin. -->","yoast_head_json":{"title":"USMP presenta dos maestr\u00edas exclusivas en el Per\u00fa","description":"Portal de noticias del Per\u00fa sobre el transporte a\u00e9reo, aviaci\u00f3n, turismo, hoteleria, actualidad.","robots":{"index":"index","follow":"follow","max-snippet":"max-snippet:-1","max-image-preview":"max-image-preview:large","max-video-preview":"max-video-preview:-1"},"canonical":"https:\/\/aeronoticias.com.pe\/noticiero\/institucionales\/capacitacion\/usmp-presenta-dos-maestrias-exclusivas-en-el-peru\/","og_locale":"es_ES","og_type":"article","og_title":"USMP presenta dos maestr\u00edas exclusivas en el Per\u00fa","og_description":"Portal de noticias del Per\u00fa sobre el transporte a\u00e9reo, aviaci\u00f3n, turismo, hoteleria, actualidad.","og_url":"https:\/\/aeronoticias.com.pe\/noticiero\/institucionales\/capacitacion\/usmp-presenta-dos-maestrias-exclusivas-en-el-peru\/","og_site_name":"Aeronoticias.com.pe","article_publisher":"https:\/\/www.facebook.com\/Aeronoticias.com.pe\/","article_published_time":"2013-06-17T22:34:52+00:00","author":"Redacci\u00f3n Aeronoticias","twitter_card":"summary_large_image","twitter_creator":"@aeronoticias","twitter_site":"@aeronoticias","twitter_misc":{"Escrito por":"Redacci\u00f3n Aeronoticias","Tiempo de lectura":"2 minutos"},"schema":{"@context":"https:\/\/schema.org","@graph":[{"@type":"WebPage","@id":"https:\/\/aeronoticias.com.pe\/noticiero\/institucionales\/capacitacion\/usmp-presenta-dos-maestrias-exclusivas-en-el-peru\/","url":"https:\/\/aeronoticias.com.pe\/noticiero\/institucionales\/capacitacion\/usmp-presenta-dos-maestrias-exclusivas-en-el-peru\/","name":"USMP presenta dos maestr\u00edas exclusivas en el Per\u00fa","isPartOf":{"@id":"https:\/\/aeronoticias.com.pe\/noticiero\/#website"},"datePublished":"2013-06-17T22:34:52+00:00","author":{"@id":"https:\/\/aeronoticias.com.pe\/noticiero\/#\/schema\/person\/fc1e5d578f4b62ba1cf7ac2bba1170a0"},"description":"Portal de noticias del Per\u00fa sobre el transporte a\u00e9reo, aviaci\u00f3n, turismo, hoteleria, actualidad.","breadcrumb":{"@id":"https:\/\/aeronoticias.com.pe\/noticiero\/institucionales\/capacitacion\/usmp-presenta-dos-maestrias-exclusivas-en-el-peru\/#breadcrumb"},"inLanguage":"es","potentialAction":[{"@type":"ReadAction","target":["https:\/\/aeronoticias.com.pe\/noticiero\/institucionales\/capacitacion\/usmp-presenta-dos-maestrias-exclusivas-en-el-peru\/"]}]},{"@type":"BreadcrumbList","@id":"https:\/\/aeronoticias.com.pe\/noticiero\/institucionales\/capacitacion\/usmp-presenta-dos-maestrias-exclusivas-en-el-peru\/#breadcrumb","itemListElement":[{"@type":"ListItem","position":1,"name":"Portada","item":"https:\/\/aeronoticias.com.pe\/noticiero\/"},{"@type":"ListItem","position":2,"name":"USMP presenta dos maestr\u00edas exclusivas en el Per\u00fa"}]},{"@type":"WebSite","@id":"https:\/\/aeronoticias.com.pe\/noticiero\/#website","url":"https:\/\/aeronoticias.com.pe\/noticiero\/","name":"Aeronoticias.com.pe","description":"Noticias de tranporte aereo, turismo, hoteles, gastronomia, actualidad, internacional","potentialAction":[{"@type":"SearchAction","target":{"@type":"EntryPoint","urlTemplate":"https:\/\/aeronoticias.com.pe\/noticiero\/?s={search_term_string}"},"query-input":{"@type":"PropertyValueSpecification","valueRequired":true,"valueName":"search_term_string"}}],"inLanguage":"es"},{"@type":"Person","@id":"https:\/\/aeronoticias.com.pe\/noticiero\/#\/schema\/person\/fc1e5d578f4b62ba1cf7ac2bba1170a0","name":"Redacci\u00f3n Aeronoticias","url":"https:\/\/aeronoticias.com.pe\/noticiero\/author\/piloto\/"}]}},"_links":{"self":[{"href":"https:\/\/aeronoticias.com.pe\/noticiero\/wp-json\/wp\/v2\/posts\/37953","targetHints":{"allow":["GET"]}}],"collection":[{"href":"https:\/\/aeronoticias.com.pe\/noticiero\/wp-json\/wp\/v2\/posts"}],"about":[{"href":"https:\/\/aeronoticias.com.pe\/noticiero\/wp-json\/wp\/v2\/types\/post"}],"author":[{"embeddable":true,"href":"https:\/\/aeronoticias.com.pe\/noticiero\/wp-json\/wp\/v2\/users\/1"}],"replies":[{"embeddable":true,"href":"https:\/\/aeronoticias.com.pe\/noticiero\/wp-json\/wp\/v2\/comments?post=37953"}],"version-history":[{"count":0,"href":"https:\/\/aeronoticias.com.pe\/noticiero\/wp-json\/wp\/v2\/posts\/37953\/revisions"}],"wp:attachment":[{"href":"https:\/\/aeronoticias.com.pe\/noticiero\/wp-json\/wp\/v2\/media?parent=37953"}],"wp:term":[{"taxonomy":"category","embeddable":true,"href":"https:\/\/aeronoticias.com.pe\/noticiero\/wp-json\/wp\/v2\/categories?post=37953"},{"taxonomy":"post_tag","embeddable":true,"href":"https:\/\/aeronoticias.com.pe\/noticiero\/wp-json\/wp\/v2\/tags?post=37953"}],"curies":[{"name":"wp","href":"https:\/\/api.w.org\/{rel}","templated":true}]}}