{"id":37956,"date":"2013-06-18T01:26:05","date_gmt":"2013-06-18T01:26:05","guid":{"rendered":"http:\/\/desarrollo.mcvicious.com\/aero2020\/2013\/06\/18\/jenifer-lopez-participara-en-la-pelicula-que-narrara-historia-de-mineros-chilenos\/"},"modified":"2013-06-18T01:26:05","modified_gmt":"2013-06-18T01:26:05","slug":"jenifer-lopez-participara-en-la-pelicula-que-narrara-historia-de-mineros-chilenos","status":"publish","type":"post","link":"https:\/\/aeronoticias.com.pe\/noticiero\/espectaculos\/jenifer-lopez-participara-en-la-pelicula-que-narrara-historia-de-mineros-chilenos\/","title":{"rendered":"Jenifer L\u00f3pez participar\u00e1 en la pel\u00edcula que narrar\u00e1 historia de mineros chilenos"},"content":{"rendered":"<p>\u00a0<\/p>\n<p style=\"text-align: justify;\"><span style=\"line-height: 1.3em;\"><strong>(Aeronoticias).<\/strong>&#8211; Jennifer L\u00f3pez, artista estadounidense de origen portorrique\u00f1o, participar\u00e1 en la pel\u00edcula \u00abThe 33\u00bb, en donde se narrar\u00e1 la historia del rescate de los mineros que en 2010 quedaron atrapados en un yacimiento del desierto de Atacama, en Chile. <\/span><\/p>\n<p style=\"text-align: justify;\">La cinta ser\u00e1 dirigida por la mexicana Patricia Riggen y contar\u00e1 tambi\u00e9n con las actuaciones de Martin Sheen y Rodrigo Santoro, adem\u00e1s del reparto encabezado por el actor espa\u00f1ol, Antonio Banderas, indic\u00f3 la revista The Hollywood Reporter.<\/p>\n<p style=\"text-align: justify;\">La pel\u00edcula basada en hechos reales ocurridos en un centro minero en Chile, saldr\u00e1 en estreno el pr\u00f3ximo a\u00f1o en dicho pa\u00eds.<\/p>\n<div style=\"text-align: justify;\">Con informaci\u00f3n de <a href=\"http:\/\/www.elmundo.es\/elmundo\/2013\/06\/17\/cultura\/1371497182.html\" target=\"_blank\" rel=\"noopener noreferrer\"><strong><em><span style=\"text-decoration: underline;\">El Mundo es<\/span><\/em><\/strong><\/a>.<\/div>\n<div><img decoding=\"async\" src=\"images\/stories\/13\/06\/170613\/pelicula-chilena.jpg\" border=\"0\" align=\"left\" \/><\/div>\n<p>\u00a0<\/p>\n","protected":false},"excerpt":{"rendered":"<p>\u00a0 (Aeronoticias).&#8211; Jennifer L\u00f3pez, artista estadounidense de origen portorrique\u00f1o, participar\u00e1 en la pel\u00edcula \u00abThe 33\u00bb, en donde se narrar\u00e1 la historia del rescate de los mineros que en 2010 quedaron atrapados en un yacimiento del desierto de Atacama, en Chile. La cinta ser\u00e1 dirigida por la mexicana Patricia Riggen y contar\u00e1 tambi\u00e9n con las actuaciones [&hellip;]<\/p>\n","protected":false},"author":1,"featured_media":0,"comment_status":"open","ping_status":"open","sticky":false,"template":"","format":"standard","meta":{"tdm_status":"","tdm_grid_status":"","footnotes":""},"categories":[41],"tags":[],"class_list":{"0":"post-37956","1":"post","2":"type-post","3":"status-publish","4":"format-standard","6":"category-espectaculos"},"yoast_head":"<!-- This site is optimized with the Yoast SEO plugin v25.1 - https:\/\/yoast.com\/wordpress\/plugins\/seo\/ -->\n<title>Jenifer L\u00f3pez participar\u00e1 en la pel\u00edcula que narrar\u00e1 historia de mineros chilenos<\/title>\n<meta name=\"description\" content=\"Portal de noticias del Per\u00fa sobre el transporte a\u00e9reo, aviaci\u00f3n, turismo, hoteleria, actualidad.\" \/>\n<meta name=\"robots\" content=\"index, follow, max-snippet:-1, max-image-preview:large, max-video-preview:-1\" \/>\n<link rel=\"canonical\" href=\"https:\/\/aeronoticias.com.pe\/noticiero\/espectaculos\/jenifer-lopez-participara-en-la-pelicula-que-narrara-historia-de-mineros-chilenos\/\" \/>\n<meta property=\"og:locale\" content=\"es_ES\" \/>\n<meta property=\"og:type\" content=\"article\" \/>\n<meta property=\"og:title\" content=\"Jenifer L\u00f3pez participar\u00e1 en la pel\u00edcula que narrar\u00e1 historia de mineros chilenos\" \/>\n<meta property=\"og:description\" content=\"Portal de noticias del Per\u00fa sobre el transporte a\u00e9reo, aviaci\u00f3n, turismo, hoteleria, actualidad.\" \/>\n<meta property=\"og:url\" content=\"https:\/\/aeronoticias.com.pe\/noticiero\/espectaculos\/jenifer-lopez-participara-en-la-pelicula-que-narrara-historia-de-mineros-chilenos\/\" \/>\n<meta property=\"og:site_name\" content=\"Aeronoticias.com.pe\" \/>\n<meta property=\"article:publisher\" content=\"https:\/\/www.facebook.com\/Aeronoticias.com.pe\/\" \/>\n<meta property=\"article:published_time\" content=\"2013-06-18T01:26:05+00:00\" \/>\n<meta name=\"author\" content=\"Redacci\u00f3n Aeronoticias\" \/>\n<meta name=\"twitter:card\" content=\"summary_large_image\" \/>\n<meta name=\"twitter:creator\" content=\"@aeronoticias\" \/>\n<meta name=\"twitter:site\" content=\"@aeronoticias\" \/>\n<meta name=\"twitter:label1\" content=\"Escrito por\" \/>\n\t<meta name=\"twitter:data1\" content=\"Redacci\u00f3n Aeronoticias\" \/>\n\t<meta name=\"twitter:label2\" content=\"Tiempo de lectura\" \/>\n\t<meta name=\"twitter:data2\" content=\"1 minuto\" \/>\n<script type=\"application\/ld+json\" class=\"yoast-schema-graph\">{\"@context\":\"https:\/\/schema.org\",\"@graph\":[{\"@type\":\"WebPage\",\"@id\":\"https:\/\/aeronoticias.com.pe\/noticiero\/espectaculos\/jenifer-lopez-participara-en-la-pelicula-que-narrara-historia-de-mineros-chilenos\/\",\"url\":\"https:\/\/aeronoticias.com.pe\/noticiero\/espectaculos\/jenifer-lopez-participara-en-la-pelicula-que-narrara-historia-de-mineros-chilenos\/\",\"name\":\"Jenifer L\u00f3pez participar\u00e1 en la pel\u00edcula que narrar\u00e1 historia de mineros chilenos\",\"isPartOf\":{\"@id\":\"https:\/\/aeronoticias.com.pe\/noticiero\/#website\"},\"datePublished\":\"2013-06-18T01:26:05+00:00\",\"author\":{\"@id\":\"https:\/\/aeronoticias.com.pe\/noticiero\/#\/schema\/person\/fc1e5d578f4b62ba1cf7ac2bba1170a0\"},\"description\":\"Portal de noticias del Per\u00fa sobre el transporte a\u00e9reo, aviaci\u00f3n, turismo, hoteleria, actualidad.\",\"breadcrumb\":{\"@id\":\"https:\/\/aeronoticias.com.pe\/noticiero\/espectaculos\/jenifer-lopez-participara-en-la-pelicula-que-narrara-historia-de-mineros-chilenos\/#breadcrumb\"},\"inLanguage\":\"es\",\"potentialAction\":[{\"@type\":\"ReadAction\",\"target\":[\"https:\/\/aeronoticias.com.pe\/noticiero\/espectaculos\/jenifer-lopez-participara-en-la-pelicula-que-narrara-historia-de-mineros-chilenos\/\"]}]},{\"@type\":\"BreadcrumbList\",\"@id\":\"https:\/\/aeronoticias.com.pe\/noticiero\/espectaculos\/jenifer-lopez-participara-en-la-pelicula-que-narrara-historia-de-mineros-chilenos\/#breadcrumb\",\"itemListElement\":[{\"@type\":\"ListItem\",\"position\":1,\"name\":\"Portada\",\"item\":\"https:\/\/aeronoticias.com.pe\/noticiero\/\"},{\"@type\":\"ListItem\",\"position\":2,\"name\":\"Jenifer L\u00f3pez participar\u00e1 en la pel\u00edcula que narrar\u00e1 historia de mineros chilenos\"}]},{\"@type\":\"WebSite\",\"@id\":\"https:\/\/aeronoticias.com.pe\/noticiero\/#website\",\"url\":\"https:\/\/aeronoticias.com.pe\/noticiero\/\",\"name\":\"Aeronoticias.com.pe\",\"description\":\"Noticias de tranporte aereo, turismo, hoteles, gastronomia, actualidad, internacional\",\"potentialAction\":[{\"@type\":\"SearchAction\",\"target\":{\"@type\":\"EntryPoint\",\"urlTemplate\":\"https:\/\/aeronoticias.com.pe\/noticiero\/?s={search_term_string}\"},\"query-input\":{\"@type\":\"PropertyValueSpecification\",\"valueRequired\":true,\"valueName\":\"search_term_string\"}}],\"inLanguage\":\"es\"},{\"@type\":\"Person\",\"@id\":\"https:\/\/aeronoticias.com.pe\/noticiero\/#\/schema\/person\/fc1e5d578f4b62ba1cf7ac2bba1170a0\",\"name\":\"Redacci\u00f3n Aeronoticias\",\"url\":\"https:\/\/aeronoticias.com.pe\/noticiero\/author\/piloto\/\"}]}<\/script>\n<!-- \/ Yoast SEO plugin. -->","yoast_head_json":{"title":"Jenifer L\u00f3pez participar\u00e1 en la pel\u00edcula que narrar\u00e1 historia de mineros chilenos","description":"Portal de noticias del Per\u00fa sobre el transporte a\u00e9reo, aviaci\u00f3n, turismo, hoteleria, actualidad.","robots":{"index":"index","follow":"follow","max-snippet":"max-snippet:-1","max-image-preview":"max-image-preview:large","max-video-preview":"max-video-preview:-1"},"canonical":"https:\/\/aeronoticias.com.pe\/noticiero\/espectaculos\/jenifer-lopez-participara-en-la-pelicula-que-narrara-historia-de-mineros-chilenos\/","og_locale":"es_ES","og_type":"article","og_title":"Jenifer L\u00f3pez participar\u00e1 en la pel\u00edcula que narrar\u00e1 historia de mineros chilenos","og_description":"Portal de noticias del Per\u00fa sobre el transporte a\u00e9reo, aviaci\u00f3n, turismo, hoteleria, actualidad.","og_url":"https:\/\/aeronoticias.com.pe\/noticiero\/espectaculos\/jenifer-lopez-participara-en-la-pelicula-que-narrara-historia-de-mineros-chilenos\/","og_site_name":"Aeronoticias.com.pe","article_publisher":"https:\/\/www.facebook.com\/Aeronoticias.com.pe\/","article_published_time":"2013-06-18T01:26:05+00:00","author":"Redacci\u00f3n Aeronoticias","twitter_card":"summary_large_image","twitter_creator":"@aeronoticias","twitter_site":"@aeronoticias","twitter_misc":{"Escrito por":"Redacci\u00f3n Aeronoticias","Tiempo de lectura":"1 minuto"},"schema":{"@context":"https:\/\/schema.org","@graph":[{"@type":"WebPage","@id":"https:\/\/aeronoticias.com.pe\/noticiero\/espectaculos\/jenifer-lopez-participara-en-la-pelicula-que-narrara-historia-de-mineros-chilenos\/","url":"https:\/\/aeronoticias.com.pe\/noticiero\/espectaculos\/jenifer-lopez-participara-en-la-pelicula-que-narrara-historia-de-mineros-chilenos\/","name":"Jenifer L\u00f3pez participar\u00e1 en la pel\u00edcula que narrar\u00e1 historia de mineros chilenos","isPartOf":{"@id":"https:\/\/aeronoticias.com.pe\/noticiero\/#website"},"datePublished":"2013-06-18T01:26:05+00:00","author":{"@id":"https:\/\/aeronoticias.com.pe\/noticiero\/#\/schema\/person\/fc1e5d578f4b62ba1cf7ac2bba1170a0"},"description":"Portal de noticias del Per\u00fa sobre el transporte a\u00e9reo, aviaci\u00f3n, turismo, hoteleria, actualidad.","breadcrumb":{"@id":"https:\/\/aeronoticias.com.pe\/noticiero\/espectaculos\/jenifer-lopez-participara-en-la-pelicula-que-narrara-historia-de-mineros-chilenos\/#breadcrumb"},"inLanguage":"es","potentialAction":[{"@type":"ReadAction","target":["https:\/\/aeronoticias.com.pe\/noticiero\/espectaculos\/jenifer-lopez-participara-en-la-pelicula-que-narrara-historia-de-mineros-chilenos\/"]}]},{"@type":"BreadcrumbList","@id":"https:\/\/aeronoticias.com.pe\/noticiero\/espectaculos\/jenifer-lopez-participara-en-la-pelicula-que-narrara-historia-de-mineros-chilenos\/#breadcrumb","itemListElement":[{"@type":"ListItem","position":1,"name":"Portada","item":"https:\/\/aeronoticias.com.pe\/noticiero\/"},{"@type":"ListItem","position":2,"name":"Jenifer L\u00f3pez participar\u00e1 en la pel\u00edcula que narrar\u00e1 historia de mineros chilenos"}]},{"@type":"WebSite","@id":"https:\/\/aeronoticias.com.pe\/noticiero\/#website","url":"https:\/\/aeronoticias.com.pe\/noticiero\/","name":"Aeronoticias.com.pe","description":"Noticias de tranporte aereo, turismo, hoteles, gastronomia, actualidad, internacional","potentialAction":[{"@type":"SearchAction","target":{"@type":"EntryPoint","urlTemplate":"https:\/\/aeronoticias.com.pe\/noticiero\/?s={search_term_string}"},"query-input":{"@type":"PropertyValueSpecification","valueRequired":true,"valueName":"search_term_string"}}],"inLanguage":"es"},{"@type":"Person","@id":"https:\/\/aeronoticias.com.pe\/noticiero\/#\/schema\/person\/fc1e5d578f4b62ba1cf7ac2bba1170a0","name":"Redacci\u00f3n Aeronoticias","url":"https:\/\/aeronoticias.com.pe\/noticiero\/author\/piloto\/"}]}},"_links":{"self":[{"href":"https:\/\/aeronoticias.com.pe\/noticiero\/wp-json\/wp\/v2\/posts\/37956","targetHints":{"allow":["GET"]}}],"collection":[{"href":"https:\/\/aeronoticias.com.pe\/noticiero\/wp-json\/wp\/v2\/posts"}],"about":[{"href":"https:\/\/aeronoticias.com.pe\/noticiero\/wp-json\/wp\/v2\/types\/post"}],"author":[{"embeddable":true,"href":"https:\/\/aeronoticias.com.pe\/noticiero\/wp-json\/wp\/v2\/users\/1"}],"replies":[{"embeddable":true,"href":"https:\/\/aeronoticias.com.pe\/noticiero\/wp-json\/wp\/v2\/comments?post=37956"}],"version-history":[{"count":0,"href":"https:\/\/aeronoticias.com.pe\/noticiero\/wp-json\/wp\/v2\/posts\/37956\/revisions"}],"wp:attachment":[{"href":"https:\/\/aeronoticias.com.pe\/noticiero\/wp-json\/wp\/v2\/media?parent=37956"}],"wp:term":[{"taxonomy":"category","embeddable":true,"href":"https:\/\/aeronoticias.com.pe\/noticiero\/wp-json\/wp\/v2\/categories?post=37956"},{"taxonomy":"post_tag","embeddable":true,"href":"https:\/\/aeronoticias.com.pe\/noticiero\/wp-json\/wp\/v2\/tags?post=37956"}],"curies":[{"name":"wp","href":"https:\/\/api.w.org\/{rel}","templated":true}]}}