{"id":37957,"date":"2013-06-18T01:50:23","date_gmt":"2013-06-18T01:50:23","guid":{"rendered":"http:\/\/desarrollo.mcvicious.com\/aero2020\/2013\/06\/18\/miguel-bose-no-se-lo-que-es-el-pisco-sour-ni-el-cebiche-dijo-ironicamente\/"},"modified":"2013-06-18T01:50:23","modified_gmt":"2013-06-18T01:50:23","slug":"miguel-bose-no-se-lo-que-es-el-pisco-sour-ni-el-cebiche-dijo-ironicamente","status":"publish","type":"post","link":"https:\/\/aeronoticias.com.pe\/noticiero\/espectaculos\/miguel-bose-no-se-lo-que-es-el-pisco-sour-ni-el-cebiche-dijo-ironicamente\/","title":{"rendered":"Cuando Miguel Bos\u00e9 dio c\u00e1tedra de periodismo a unos dizque periodistas"},"content":{"rendered":"<p>\u00a0<\/p>\n<p style=\"text-align: justify;\"><strong>(Aeronoticias)<\/strong>.-\u00a0<span style=\"line-height: 1.3em;\">En una conferencia de prensa en nuestra capital ofrecida por el cantante espa\u00f1ol, Miguel Bos\u00e9, \u00e9ste fue consultado por las comidas y bebidas de nuestra tierra, entre otras menudencias. El cantante respondi\u00f3 con iron\u00eda que no sab\u00eda lo que era el pisco sour ni el cebiche.<\/span><\/p>\n<p style=\"text-align: justify;\">El famoso m\u00fasico y cantante continu\u00f3, esta \u00a0vez respondi\u00f3 a la pregunta sobre cu\u00e1l era su canci\u00f3n favorita, a lo que contest\u00f3 \u00a0que se deber\u00eda \u201cdesechar de una vez esas preguntas que se le hacen a una ni\u00f1a o ni\u00f1o de doce a\u00f1os\u201d.<\/p>\n<p style=\"text-align: justify;\">Bos\u00e9 indic\u00f3 que tiene una excelente cocinera peruana en su casa y que los presentes no podr\u00edan imaginarse cu\u00e1ntas veces se hab\u00eda emborrachado con pisco sour desde hac\u00eda ya 37 a\u00f1os.<\/p>\n<div style=\"text-align: justify;\">Con informaci\u00f3n de <a href=\"\u201cNo s\u00e9 lo que es el pisco sour ni el cebiche\u201d, dijo ir\u00f3nicamente  En una conferencia de prensa ofrecida por el cantante espa\u00f1ol, Miguel Bos\u00e9 en Lima, \u00e9ste fue consultado por las comidas y bebidas de nuestra tierra. El cantante respondi\u00f3 con una singular iron\u00eda que no sab\u00eda lo que era el pisco sour ni el cebiche.  Bos\u00e9, indic\u00f3 una periodista de televisi\u00f3n que tiene una excelente cocinera peruana en su casa y que los presentes no podr\u00edan imaginarse cu\u00e1ntas veces se hab\u00eda emborrachado con pisco sour desde hac\u00eda ya 37 a\u00f1os.   El famoso m\u00fasico y cantante continu\u00f3, esta  vez respondi\u00f3 a la pregunta sobre cu\u00e1l era su canci\u00f3n favorita, a lo que contest\u00f3  que se deber\u00eda \u201cdesechar de una vez esas preguntas que se le hacen a una ni\u00f1a o ni\u00f1o de doce a\u00f1os\u201d.\" target=\"_blank\" rel=\"noopener noreferrer\"><strong><em><span style=\"text-decoration: underline;\">El Comercio<\/span><\/em><\/strong><\/a>.<\/div>\n<div style=\"text-align: justify;\"><img decoding=\"async\" src=\"images\/stories\/13\/06\/170613\/bose.jpg\" border=\"0\" align=\"left\" \/><\/div>\n<p>\u00a0<\/p>\n","protected":false},"excerpt":{"rendered":"<p>\u00a0 (Aeronoticias).-\u00a0En una conferencia de prensa en nuestra capital ofrecida por el cantante espa\u00f1ol, Miguel Bos\u00e9, \u00e9ste fue consultado por las comidas y bebidas de nuestra tierra, entre otras menudencias. El cantante respondi\u00f3 con iron\u00eda que no sab\u00eda lo que era el pisco sour ni el cebiche. El famoso m\u00fasico y cantante continu\u00f3, esta \u00a0vez [&hellip;]<\/p>\n","protected":false},"author":1,"featured_media":0,"comment_status":"open","ping_status":"open","sticky":false,"template":"","format":"standard","meta":{"tdm_status":"","tdm_grid_status":"","footnotes":""},"categories":[41],"tags":[],"class_list":{"0":"post-37957","1":"post","2":"type-post","3":"status-publish","4":"format-standard","6":"category-espectaculos"},"yoast_head":"<!-- This site is optimized with the Yoast SEO plugin v25.1 - https:\/\/yoast.com\/wordpress\/plugins\/seo\/ -->\n<title>Cuando Miguel Bos\u00e9 dio c\u00e1tedra de periodismo a unos dizque periodistas<\/title>\n<meta name=\"description\" content=\"Portal de noticias del Per\u00fa sobre el transporte a\u00e9reo, aviaci\u00f3n, turismo, hoteleria, actualidad.\" \/>\n<meta name=\"robots\" content=\"index, follow, max-snippet:-1, max-image-preview:large, max-video-preview:-1\" \/>\n<link rel=\"canonical\" href=\"https:\/\/aeronoticias.com.pe\/noticiero\/espectaculos\/miguel-bose-no-se-lo-que-es-el-pisco-sour-ni-el-cebiche-dijo-ironicamente\/\" \/>\n<meta property=\"og:locale\" content=\"es_ES\" \/>\n<meta property=\"og:type\" content=\"article\" \/>\n<meta property=\"og:title\" content=\"Cuando Miguel Bos\u00e9 dio c\u00e1tedra de periodismo a unos dizque periodistas\" \/>\n<meta property=\"og:description\" content=\"Portal de noticias del Per\u00fa sobre el transporte a\u00e9reo, aviaci\u00f3n, turismo, hoteleria, actualidad.\" \/>\n<meta property=\"og:url\" content=\"https:\/\/aeronoticias.com.pe\/noticiero\/espectaculos\/miguel-bose-no-se-lo-que-es-el-pisco-sour-ni-el-cebiche-dijo-ironicamente\/\" \/>\n<meta property=\"og:site_name\" content=\"Aeronoticias.com.pe\" \/>\n<meta property=\"article:publisher\" content=\"https:\/\/www.facebook.com\/Aeronoticias.com.pe\/\" \/>\n<meta property=\"article:published_time\" content=\"2013-06-18T01:50:23+00:00\" \/>\n<meta name=\"author\" content=\"Redacci\u00f3n Aeronoticias\" \/>\n<meta name=\"twitter:card\" content=\"summary_large_image\" \/>\n<meta name=\"twitter:creator\" content=\"@aeronoticias\" \/>\n<meta name=\"twitter:site\" content=\"@aeronoticias\" \/>\n<meta name=\"twitter:label1\" content=\"Escrito por\" \/>\n\t<meta name=\"twitter:data1\" content=\"Redacci\u00f3n Aeronoticias\" \/>\n\t<meta name=\"twitter:label2\" content=\"Tiempo de lectura\" \/>\n\t<meta name=\"twitter:data2\" content=\"1 minuto\" \/>\n<script type=\"application\/ld+json\" class=\"yoast-schema-graph\">{\"@context\":\"https:\/\/schema.org\",\"@graph\":[{\"@type\":\"WebPage\",\"@id\":\"https:\/\/aeronoticias.com.pe\/noticiero\/espectaculos\/miguel-bose-no-se-lo-que-es-el-pisco-sour-ni-el-cebiche-dijo-ironicamente\/\",\"url\":\"https:\/\/aeronoticias.com.pe\/noticiero\/espectaculos\/miguel-bose-no-se-lo-que-es-el-pisco-sour-ni-el-cebiche-dijo-ironicamente\/\",\"name\":\"Cuando Miguel Bos\u00e9 dio c\u00e1tedra de periodismo a unos dizque periodistas\",\"isPartOf\":{\"@id\":\"https:\/\/aeronoticias.com.pe\/noticiero\/#website\"},\"datePublished\":\"2013-06-18T01:50:23+00:00\",\"author\":{\"@id\":\"https:\/\/aeronoticias.com.pe\/noticiero\/#\/schema\/person\/fc1e5d578f4b62ba1cf7ac2bba1170a0\"},\"description\":\"Portal de noticias del Per\u00fa sobre el transporte a\u00e9reo, aviaci\u00f3n, turismo, hoteleria, actualidad.\",\"breadcrumb\":{\"@id\":\"https:\/\/aeronoticias.com.pe\/noticiero\/espectaculos\/miguel-bose-no-se-lo-que-es-el-pisco-sour-ni-el-cebiche-dijo-ironicamente\/#breadcrumb\"},\"inLanguage\":\"es\",\"potentialAction\":[{\"@type\":\"ReadAction\",\"target\":[\"https:\/\/aeronoticias.com.pe\/noticiero\/espectaculos\/miguel-bose-no-se-lo-que-es-el-pisco-sour-ni-el-cebiche-dijo-ironicamente\/\"]}]},{\"@type\":\"BreadcrumbList\",\"@id\":\"https:\/\/aeronoticias.com.pe\/noticiero\/espectaculos\/miguel-bose-no-se-lo-que-es-el-pisco-sour-ni-el-cebiche-dijo-ironicamente\/#breadcrumb\",\"itemListElement\":[{\"@type\":\"ListItem\",\"position\":1,\"name\":\"Portada\",\"item\":\"https:\/\/aeronoticias.com.pe\/noticiero\/\"},{\"@type\":\"ListItem\",\"position\":2,\"name\":\"Cuando Miguel Bos\u00e9 dio c\u00e1tedra de periodismo a unos dizque periodistas\"}]},{\"@type\":\"WebSite\",\"@id\":\"https:\/\/aeronoticias.com.pe\/noticiero\/#website\",\"url\":\"https:\/\/aeronoticias.com.pe\/noticiero\/\",\"name\":\"Aeronoticias.com.pe\",\"description\":\"Noticias de tranporte aereo, turismo, hoteles, gastronomia, actualidad, internacional\",\"potentialAction\":[{\"@type\":\"SearchAction\",\"target\":{\"@type\":\"EntryPoint\",\"urlTemplate\":\"https:\/\/aeronoticias.com.pe\/noticiero\/?s={search_term_string}\"},\"query-input\":{\"@type\":\"PropertyValueSpecification\",\"valueRequired\":true,\"valueName\":\"search_term_string\"}}],\"inLanguage\":\"es\"},{\"@type\":\"Person\",\"@id\":\"https:\/\/aeronoticias.com.pe\/noticiero\/#\/schema\/person\/fc1e5d578f4b62ba1cf7ac2bba1170a0\",\"name\":\"Redacci\u00f3n Aeronoticias\",\"url\":\"https:\/\/aeronoticias.com.pe\/noticiero\/author\/piloto\/\"}]}<\/script>\n<!-- \/ Yoast SEO plugin. -->","yoast_head_json":{"title":"Cuando Miguel Bos\u00e9 dio c\u00e1tedra de periodismo a unos dizque periodistas","description":"Portal de noticias del Per\u00fa sobre el transporte a\u00e9reo, aviaci\u00f3n, turismo, hoteleria, actualidad.","robots":{"index":"index","follow":"follow","max-snippet":"max-snippet:-1","max-image-preview":"max-image-preview:large","max-video-preview":"max-video-preview:-1"},"canonical":"https:\/\/aeronoticias.com.pe\/noticiero\/espectaculos\/miguel-bose-no-se-lo-que-es-el-pisco-sour-ni-el-cebiche-dijo-ironicamente\/","og_locale":"es_ES","og_type":"article","og_title":"Cuando Miguel Bos\u00e9 dio c\u00e1tedra de periodismo a unos dizque periodistas","og_description":"Portal de noticias del Per\u00fa sobre el transporte a\u00e9reo, aviaci\u00f3n, turismo, hoteleria, actualidad.","og_url":"https:\/\/aeronoticias.com.pe\/noticiero\/espectaculos\/miguel-bose-no-se-lo-que-es-el-pisco-sour-ni-el-cebiche-dijo-ironicamente\/","og_site_name":"Aeronoticias.com.pe","article_publisher":"https:\/\/www.facebook.com\/Aeronoticias.com.pe\/","article_published_time":"2013-06-18T01:50:23+00:00","author":"Redacci\u00f3n Aeronoticias","twitter_card":"summary_large_image","twitter_creator":"@aeronoticias","twitter_site":"@aeronoticias","twitter_misc":{"Escrito por":"Redacci\u00f3n Aeronoticias","Tiempo de lectura":"1 minuto"},"schema":{"@context":"https:\/\/schema.org","@graph":[{"@type":"WebPage","@id":"https:\/\/aeronoticias.com.pe\/noticiero\/espectaculos\/miguel-bose-no-se-lo-que-es-el-pisco-sour-ni-el-cebiche-dijo-ironicamente\/","url":"https:\/\/aeronoticias.com.pe\/noticiero\/espectaculos\/miguel-bose-no-se-lo-que-es-el-pisco-sour-ni-el-cebiche-dijo-ironicamente\/","name":"Cuando Miguel Bos\u00e9 dio c\u00e1tedra de periodismo a unos dizque periodistas","isPartOf":{"@id":"https:\/\/aeronoticias.com.pe\/noticiero\/#website"},"datePublished":"2013-06-18T01:50:23+00:00","author":{"@id":"https:\/\/aeronoticias.com.pe\/noticiero\/#\/schema\/person\/fc1e5d578f4b62ba1cf7ac2bba1170a0"},"description":"Portal de noticias del Per\u00fa sobre el transporte a\u00e9reo, aviaci\u00f3n, turismo, hoteleria, actualidad.","breadcrumb":{"@id":"https:\/\/aeronoticias.com.pe\/noticiero\/espectaculos\/miguel-bose-no-se-lo-que-es-el-pisco-sour-ni-el-cebiche-dijo-ironicamente\/#breadcrumb"},"inLanguage":"es","potentialAction":[{"@type":"ReadAction","target":["https:\/\/aeronoticias.com.pe\/noticiero\/espectaculos\/miguel-bose-no-se-lo-que-es-el-pisco-sour-ni-el-cebiche-dijo-ironicamente\/"]}]},{"@type":"BreadcrumbList","@id":"https:\/\/aeronoticias.com.pe\/noticiero\/espectaculos\/miguel-bose-no-se-lo-que-es-el-pisco-sour-ni-el-cebiche-dijo-ironicamente\/#breadcrumb","itemListElement":[{"@type":"ListItem","position":1,"name":"Portada","item":"https:\/\/aeronoticias.com.pe\/noticiero\/"},{"@type":"ListItem","position":2,"name":"Cuando Miguel Bos\u00e9 dio c\u00e1tedra de periodismo a unos dizque periodistas"}]},{"@type":"WebSite","@id":"https:\/\/aeronoticias.com.pe\/noticiero\/#website","url":"https:\/\/aeronoticias.com.pe\/noticiero\/","name":"Aeronoticias.com.pe","description":"Noticias de tranporte aereo, turismo, hoteles, gastronomia, actualidad, internacional","potentialAction":[{"@type":"SearchAction","target":{"@type":"EntryPoint","urlTemplate":"https:\/\/aeronoticias.com.pe\/noticiero\/?s={search_term_string}"},"query-input":{"@type":"PropertyValueSpecification","valueRequired":true,"valueName":"search_term_string"}}],"inLanguage":"es"},{"@type":"Person","@id":"https:\/\/aeronoticias.com.pe\/noticiero\/#\/schema\/person\/fc1e5d578f4b62ba1cf7ac2bba1170a0","name":"Redacci\u00f3n Aeronoticias","url":"https:\/\/aeronoticias.com.pe\/noticiero\/author\/piloto\/"}]}},"_links":{"self":[{"href":"https:\/\/aeronoticias.com.pe\/noticiero\/wp-json\/wp\/v2\/posts\/37957","targetHints":{"allow":["GET"]}}],"collection":[{"href":"https:\/\/aeronoticias.com.pe\/noticiero\/wp-json\/wp\/v2\/posts"}],"about":[{"href":"https:\/\/aeronoticias.com.pe\/noticiero\/wp-json\/wp\/v2\/types\/post"}],"author":[{"embeddable":true,"href":"https:\/\/aeronoticias.com.pe\/noticiero\/wp-json\/wp\/v2\/users\/1"}],"replies":[{"embeddable":true,"href":"https:\/\/aeronoticias.com.pe\/noticiero\/wp-json\/wp\/v2\/comments?post=37957"}],"version-history":[{"count":0,"href":"https:\/\/aeronoticias.com.pe\/noticiero\/wp-json\/wp\/v2\/posts\/37957\/revisions"}],"wp:attachment":[{"href":"https:\/\/aeronoticias.com.pe\/noticiero\/wp-json\/wp\/v2\/media?parent=37957"}],"wp:term":[{"taxonomy":"category","embeddable":true,"href":"https:\/\/aeronoticias.com.pe\/noticiero\/wp-json\/wp\/v2\/categories?post=37957"},{"taxonomy":"post_tag","embeddable":true,"href":"https:\/\/aeronoticias.com.pe\/noticiero\/wp-json\/wp\/v2\/tags?post=37957"}],"curies":[{"name":"wp","href":"https:\/\/api.w.org\/{rel}","templated":true}]}}