{"id":37959,"date":"2013-06-18T03:19:41","date_gmt":"2013-06-18T03:19:41","guid":{"rendered":"http:\/\/desarrollo.mcvicious.com\/aero2020\/2013\/06\/18\/bolivia-revelan-imagenes-ineditas-del-che-guevara-a-traves-de-diario\/"},"modified":"2013-06-18T03:19:41","modified_gmt":"2013-06-18T03:19:41","slug":"bolivia-revelan-imagenes-ineditas-del-che-guevara-a-traves-de-diario","status":"publish","type":"post","link":"https:\/\/aeronoticias.com.pe\/noticiero\/internacionales\/bolivia-revelan-imagenes-ineditas-del-che-guevara-a-traves-de-diario\/","title":{"rendered":"Bolivia: Revelan Im\u00e1genes in\u00e9ditas del &#8216;Che&#8217; Guevara"},"content":{"rendered":"<p><strong style=\"line-height: 1.3em; text-align: justify;\">(Aeronoticias)<\/strong><span style=\"line-height: 1.3em; text-align: justify;\">.- Un diario boliviano public\u00f3 documentos de casi medio siglo y fotograf\u00edas in\u00e9ditas de la guerrilla que dirig\u00eda el combatiente argentino cubano Ernesto \u00abChe\u00bb Guevara en 1967 en el sureste de Bolivia.<\/span><\/p>\n<p style=\"text-align: justify;\">Seg\u00fan el propio diario, los documentos fueron obtenidos de fuentes militares y confidenciales, elaborando as\u00ed una compilaci\u00f3n de 20 p\u00e1ginas, casi medio siglo despu\u00e9s de la ejecuci\u00f3n de Guevara y a 85 a\u00f1os de su nacimiento.<\/p>\n<p style=\"text-align: justify;\">Por otro lado, una de las im\u00e1genes que m\u00e1s llam\u00f3 la atenci\u00f3n es la del cad\u00e1ver de la guerrillera argentino-alemana Hayd\u00e9e Tamara Bunke, alias \u00abTania\u00bb, quien en una fotograf\u00eda aparece con la cabeza rapada.<\/p>\n<div style=\"text-align: justify;\">Con informaci\u00f3n de <a href=\"http:\/\/www.bbc.co.uk\/mundo\/ultimas_noticias\/2013\/06\/130617_ultnot_diario_bolivia_che_guevara_jgc.shtml\" target=\"_blank\" rel=\"noopener noreferrer\"><strong><em><span style=\"text-decoration: underline;\">BBC<\/span><\/em><\/strong><\/a>.<\/div>\n<div style=\"text-align: justify;\"><img decoding=\"async\" src=\"images\/stories\/13\/06\/170613\/el-che.jpg\" border=\"0\" align=\"left\" \/><\/div>\n<p>\u00a0<\/p>\n","protected":false},"excerpt":{"rendered":"<p>(Aeronoticias).- Un diario boliviano public\u00f3 documentos de casi medio siglo y fotograf\u00edas in\u00e9ditas de la guerrilla que dirig\u00eda el combatiente argentino cubano Ernesto \u00abChe\u00bb Guevara en 1967 en el sureste de Bolivia. Seg\u00fan el propio diario, los documentos fueron obtenidos de fuentes militares y confidenciales, elaborando as\u00ed una compilaci\u00f3n de 20 p\u00e1ginas, casi medio siglo [&hellip;]<\/p>\n","protected":false},"author":1,"featured_media":0,"comment_status":"open","ping_status":"open","sticky":false,"template":"","format":"standard","meta":{"tdm_status":"","tdm_grid_status":"","footnotes":""},"categories":[34],"tags":[],"class_list":{"0":"post-37959","1":"post","2":"type-post","3":"status-publish","4":"format-standard","6":"category-internacionales"},"yoast_head":"<!-- This site is optimized with the Yoast SEO plugin v25.1 - https:\/\/yoast.com\/wordpress\/plugins\/seo\/ -->\n<title>Bolivia: Revelan Im\u00e1genes in\u00e9ditas del &#039;Che&#039; Guevara<\/title>\n<meta name=\"description\" content=\"Portal de noticias del Per\u00fa sobre el transporte a\u00e9reo, aviaci\u00f3n, turismo, hoteleria, actualidad.\" \/>\n<meta name=\"robots\" content=\"index, follow, max-snippet:-1, max-image-preview:large, max-video-preview:-1\" \/>\n<link rel=\"canonical\" href=\"https:\/\/aeronoticias.com.pe\/noticiero\/internacionales\/bolivia-revelan-imagenes-ineditas-del-che-guevara-a-traves-de-diario\/\" \/>\n<meta property=\"og:locale\" content=\"es_ES\" \/>\n<meta property=\"og:type\" content=\"article\" \/>\n<meta property=\"og:title\" content=\"Bolivia: Revelan Im\u00e1genes in\u00e9ditas del &#039;Che&#039; Guevara\" \/>\n<meta property=\"og:description\" content=\"Portal de noticias del Per\u00fa sobre el transporte a\u00e9reo, aviaci\u00f3n, turismo, hoteleria, actualidad.\" \/>\n<meta property=\"og:url\" content=\"https:\/\/aeronoticias.com.pe\/noticiero\/internacionales\/bolivia-revelan-imagenes-ineditas-del-che-guevara-a-traves-de-diario\/\" \/>\n<meta property=\"og:site_name\" content=\"Aeronoticias.com.pe\" \/>\n<meta property=\"article:publisher\" content=\"https:\/\/www.facebook.com\/Aeronoticias.com.pe\/\" \/>\n<meta property=\"article:published_time\" content=\"2013-06-18T03:19:41+00:00\" \/>\n<meta name=\"author\" content=\"Redacci\u00f3n Aeronoticias\" \/>\n<meta name=\"twitter:card\" content=\"summary_large_image\" \/>\n<meta name=\"twitter:creator\" content=\"@aeronoticias\" \/>\n<meta name=\"twitter:site\" content=\"@aeronoticias\" \/>\n<meta name=\"twitter:label1\" content=\"Escrito por\" \/>\n\t<meta name=\"twitter:data1\" content=\"Redacci\u00f3n Aeronoticias\" \/>\n\t<meta name=\"twitter:label2\" content=\"Tiempo de lectura\" \/>\n\t<meta name=\"twitter:data2\" content=\"1 minuto\" \/>\n<script type=\"application\/ld+json\" class=\"yoast-schema-graph\">{\"@context\":\"https:\/\/schema.org\",\"@graph\":[{\"@type\":\"WebPage\",\"@id\":\"https:\/\/aeronoticias.com.pe\/noticiero\/internacionales\/bolivia-revelan-imagenes-ineditas-del-che-guevara-a-traves-de-diario\/\",\"url\":\"https:\/\/aeronoticias.com.pe\/noticiero\/internacionales\/bolivia-revelan-imagenes-ineditas-del-che-guevara-a-traves-de-diario\/\",\"name\":\"Bolivia: Revelan Im\u00e1genes in\u00e9ditas del 'Che' Guevara\",\"isPartOf\":{\"@id\":\"https:\/\/aeronoticias.com.pe\/noticiero\/#website\"},\"datePublished\":\"2013-06-18T03:19:41+00:00\",\"author\":{\"@id\":\"https:\/\/aeronoticias.com.pe\/noticiero\/#\/schema\/person\/fc1e5d578f4b62ba1cf7ac2bba1170a0\"},\"description\":\"Portal de noticias del Per\u00fa sobre el transporte a\u00e9reo, aviaci\u00f3n, turismo, hoteleria, actualidad.\",\"breadcrumb\":{\"@id\":\"https:\/\/aeronoticias.com.pe\/noticiero\/internacionales\/bolivia-revelan-imagenes-ineditas-del-che-guevara-a-traves-de-diario\/#breadcrumb\"},\"inLanguage\":\"es\",\"potentialAction\":[{\"@type\":\"ReadAction\",\"target\":[\"https:\/\/aeronoticias.com.pe\/noticiero\/internacionales\/bolivia-revelan-imagenes-ineditas-del-che-guevara-a-traves-de-diario\/\"]}]},{\"@type\":\"BreadcrumbList\",\"@id\":\"https:\/\/aeronoticias.com.pe\/noticiero\/internacionales\/bolivia-revelan-imagenes-ineditas-del-che-guevara-a-traves-de-diario\/#breadcrumb\",\"itemListElement\":[{\"@type\":\"ListItem\",\"position\":1,\"name\":\"Portada\",\"item\":\"https:\/\/aeronoticias.com.pe\/noticiero\/\"},{\"@type\":\"ListItem\",\"position\":2,\"name\":\"Bolivia: Revelan Im\u00e1genes in\u00e9ditas del &#8216;Che&#8217; Guevara\"}]},{\"@type\":\"WebSite\",\"@id\":\"https:\/\/aeronoticias.com.pe\/noticiero\/#website\",\"url\":\"https:\/\/aeronoticias.com.pe\/noticiero\/\",\"name\":\"Aeronoticias.com.pe\",\"description\":\"Noticias de tranporte aereo, turismo, hoteles, gastronomia, actualidad, internacional\",\"potentialAction\":[{\"@type\":\"SearchAction\",\"target\":{\"@type\":\"EntryPoint\",\"urlTemplate\":\"https:\/\/aeronoticias.com.pe\/noticiero\/?s={search_term_string}\"},\"query-input\":{\"@type\":\"PropertyValueSpecification\",\"valueRequired\":true,\"valueName\":\"search_term_string\"}}],\"inLanguage\":\"es\"},{\"@type\":\"Person\",\"@id\":\"https:\/\/aeronoticias.com.pe\/noticiero\/#\/schema\/person\/fc1e5d578f4b62ba1cf7ac2bba1170a0\",\"name\":\"Redacci\u00f3n Aeronoticias\",\"url\":\"https:\/\/aeronoticias.com.pe\/noticiero\/author\/piloto\/\"}]}<\/script>\n<!-- \/ Yoast SEO plugin. -->","yoast_head_json":{"title":"Bolivia: Revelan Im\u00e1genes in\u00e9ditas del 'Che' Guevara","description":"Portal de noticias del Per\u00fa sobre el transporte a\u00e9reo, aviaci\u00f3n, turismo, hoteleria, actualidad.","robots":{"index":"index","follow":"follow","max-snippet":"max-snippet:-1","max-image-preview":"max-image-preview:large","max-video-preview":"max-video-preview:-1"},"canonical":"https:\/\/aeronoticias.com.pe\/noticiero\/internacionales\/bolivia-revelan-imagenes-ineditas-del-che-guevara-a-traves-de-diario\/","og_locale":"es_ES","og_type":"article","og_title":"Bolivia: Revelan Im\u00e1genes in\u00e9ditas del 'Che' Guevara","og_description":"Portal de noticias del Per\u00fa sobre el transporte a\u00e9reo, aviaci\u00f3n, turismo, hoteleria, actualidad.","og_url":"https:\/\/aeronoticias.com.pe\/noticiero\/internacionales\/bolivia-revelan-imagenes-ineditas-del-che-guevara-a-traves-de-diario\/","og_site_name":"Aeronoticias.com.pe","article_publisher":"https:\/\/www.facebook.com\/Aeronoticias.com.pe\/","article_published_time":"2013-06-18T03:19:41+00:00","author":"Redacci\u00f3n Aeronoticias","twitter_card":"summary_large_image","twitter_creator":"@aeronoticias","twitter_site":"@aeronoticias","twitter_misc":{"Escrito por":"Redacci\u00f3n Aeronoticias","Tiempo de lectura":"1 minuto"},"schema":{"@context":"https:\/\/schema.org","@graph":[{"@type":"WebPage","@id":"https:\/\/aeronoticias.com.pe\/noticiero\/internacionales\/bolivia-revelan-imagenes-ineditas-del-che-guevara-a-traves-de-diario\/","url":"https:\/\/aeronoticias.com.pe\/noticiero\/internacionales\/bolivia-revelan-imagenes-ineditas-del-che-guevara-a-traves-de-diario\/","name":"Bolivia: Revelan Im\u00e1genes in\u00e9ditas del 'Che' Guevara","isPartOf":{"@id":"https:\/\/aeronoticias.com.pe\/noticiero\/#website"},"datePublished":"2013-06-18T03:19:41+00:00","author":{"@id":"https:\/\/aeronoticias.com.pe\/noticiero\/#\/schema\/person\/fc1e5d578f4b62ba1cf7ac2bba1170a0"},"description":"Portal de noticias del Per\u00fa sobre el transporte a\u00e9reo, aviaci\u00f3n, turismo, hoteleria, actualidad.","breadcrumb":{"@id":"https:\/\/aeronoticias.com.pe\/noticiero\/internacionales\/bolivia-revelan-imagenes-ineditas-del-che-guevara-a-traves-de-diario\/#breadcrumb"},"inLanguage":"es","potentialAction":[{"@type":"ReadAction","target":["https:\/\/aeronoticias.com.pe\/noticiero\/internacionales\/bolivia-revelan-imagenes-ineditas-del-che-guevara-a-traves-de-diario\/"]}]},{"@type":"BreadcrumbList","@id":"https:\/\/aeronoticias.com.pe\/noticiero\/internacionales\/bolivia-revelan-imagenes-ineditas-del-che-guevara-a-traves-de-diario\/#breadcrumb","itemListElement":[{"@type":"ListItem","position":1,"name":"Portada","item":"https:\/\/aeronoticias.com.pe\/noticiero\/"},{"@type":"ListItem","position":2,"name":"Bolivia: Revelan Im\u00e1genes in\u00e9ditas del &#8216;Che&#8217; Guevara"}]},{"@type":"WebSite","@id":"https:\/\/aeronoticias.com.pe\/noticiero\/#website","url":"https:\/\/aeronoticias.com.pe\/noticiero\/","name":"Aeronoticias.com.pe","description":"Noticias de tranporte aereo, turismo, hoteles, gastronomia, actualidad, internacional","potentialAction":[{"@type":"SearchAction","target":{"@type":"EntryPoint","urlTemplate":"https:\/\/aeronoticias.com.pe\/noticiero\/?s={search_term_string}"},"query-input":{"@type":"PropertyValueSpecification","valueRequired":true,"valueName":"search_term_string"}}],"inLanguage":"es"},{"@type":"Person","@id":"https:\/\/aeronoticias.com.pe\/noticiero\/#\/schema\/person\/fc1e5d578f4b62ba1cf7ac2bba1170a0","name":"Redacci\u00f3n Aeronoticias","url":"https:\/\/aeronoticias.com.pe\/noticiero\/author\/piloto\/"}]}},"_links":{"self":[{"href":"https:\/\/aeronoticias.com.pe\/noticiero\/wp-json\/wp\/v2\/posts\/37959","targetHints":{"allow":["GET"]}}],"collection":[{"href":"https:\/\/aeronoticias.com.pe\/noticiero\/wp-json\/wp\/v2\/posts"}],"about":[{"href":"https:\/\/aeronoticias.com.pe\/noticiero\/wp-json\/wp\/v2\/types\/post"}],"author":[{"embeddable":true,"href":"https:\/\/aeronoticias.com.pe\/noticiero\/wp-json\/wp\/v2\/users\/1"}],"replies":[{"embeddable":true,"href":"https:\/\/aeronoticias.com.pe\/noticiero\/wp-json\/wp\/v2\/comments?post=37959"}],"version-history":[{"count":0,"href":"https:\/\/aeronoticias.com.pe\/noticiero\/wp-json\/wp\/v2\/posts\/37959\/revisions"}],"wp:attachment":[{"href":"https:\/\/aeronoticias.com.pe\/noticiero\/wp-json\/wp\/v2\/media?parent=37959"}],"wp:term":[{"taxonomy":"category","embeddable":true,"href":"https:\/\/aeronoticias.com.pe\/noticiero\/wp-json\/wp\/v2\/categories?post=37959"},{"taxonomy":"post_tag","embeddable":true,"href":"https:\/\/aeronoticias.com.pe\/noticiero\/wp-json\/wp\/v2\/tags?post=37959"}],"curies":[{"name":"wp","href":"https:\/\/api.w.org\/{rel}","templated":true}]}}