{"id":37960,"date":"2013-06-18T03:36:51","date_gmt":"2013-06-18T03:36:51","guid":{"rendered":"http:\/\/desarrollo.mcvicious.com\/aero2020\/2013\/06\/18\/villaran-senalo-que-no-se-repetira-el-colapso-de-la-obra-via-parque-rimac\/"},"modified":"2013-06-18T03:36:51","modified_gmt":"2013-06-18T03:36:51","slug":"villaran-senalo-que-no-se-repetira-el-colapso-de-la-obra-via-parque-rimac","status":"publish","type":"post","link":"https:\/\/aeronoticias.com.pe\/noticiero\/nacionales\/villaran-senalo-que-no-se-repetira-el-colapso-de-la-obra-via-parque-rimac\/","title":{"rendered":"Villar\u00e1n: No colapsar\u00e1 de nuevo obra del Parque R\u00edmac"},"content":{"rendered":"<p><strong style=\"line-height: 1.3em; text-align: justify;\">(Aeronoticias)<\/strong><span style=\"line-height: 1.3em; text-align: justify;\">.- La alcaldesa de Lima, Susana Villar\u00e1n, asever\u00f3 que los problemas en la construcci\u00f3n del t\u00fanel bajo el r\u00edo R\u00edmac, suscitados meses atr\u00e1s, no se van a repetir porque se han fortalecido las placas. <\/span><\/p>\n<p><span style=\"line-height: 1.3em; text-align: justify;\">Esto, con referencia a las duras cr\u00edticas que recibi\u00f3 luego que en verano de este a\u00f1o el incremento del caudal del r\u00edo se arras\u00f3 los trabajos debido al colapso de los muros.<\/span><\/p>\n<p style=\"text-align: justify;\">Adem\u00e1s, Villar\u00e1n sostuvo que el 80% de la obra V\u00eda Parque R\u00edmac estar\u00e1 lista a finales del 2014. De igual manera, se\u00f1al\u00f3 que en la obra se est\u00e1 invirtiendo 700 millones de d\u00f3lares, resaltando que la labor se viene ejecutando en un periodo de 3 o 4 a\u00f1os, \u201calgo que para la ciudad con sus propios recursos le tomar\u00eda 20 o 30 a\u00f1os realizar\u201d, acot\u00f3.<\/p>\n<p style=\"text-align: justify;\">Por otro lado, la burgomaestre indic\u00f3 que el incremento de los peajes solo se va a dar por el Impuesto General a las Ventas (IGV), debido a que no ser\u00e1 manejado por una empresa p\u00fablica (Emape) sino por una privada. No obstante, manifest\u00f3 que la situaci\u00f3n no es del todo desagradable pues ser\u00eda compensada ya que dicha obra producir\u00e1 un ahorro de 100 millones de soles anuales para los usuarios de la ruta.<\/p>\n<div style=\"text-align: justify;\">Con informaci\u00f3n de <a href=\"http:\/\/www.rpp.com.pe\/2013-06-17-villaran-80-de-via-parque-rimac-estara-a-fines-del-2014-noticia_604931.html\" target=\"_blank\" rel=\"noopener noreferrer\"><strong><em><span style=\"text-decoration: underline;\">RPP<\/span><\/em><\/strong><\/a> y <a href=\"http:\/\/elcomercio.pe\/actualidad\/1591755\/noticia-villaran-justifico-incremento-costo-peaje-panamericana\" target=\"_blank\" rel=\"noopener noreferrer\"><span style=\"text-decoration: underline;\"><em><strong>El Comercio<\/strong><\/em><\/span><\/a>.<\/div>\n<div style=\"text-align: justify;\"><img decoding=\"async\" src=\"images\/stories\/13\/06\/170613\/villaran.jpg\" border=\"0\" align=\"left\" \/><\/div>\n<p>\u00a0<\/p>\n","protected":false},"excerpt":{"rendered":"<p>(Aeronoticias).- La alcaldesa de Lima, Susana Villar\u00e1n, asever\u00f3 que los problemas en la construcci\u00f3n del t\u00fanel bajo el r\u00edo R\u00edmac, suscitados meses atr\u00e1s, no se van a repetir porque se han fortalecido las placas. Esto, con referencia a las duras cr\u00edticas que recibi\u00f3 luego que en verano de este a\u00f1o el incremento del caudal del [&hellip;]<\/p>\n","protected":false},"author":1,"featured_media":0,"comment_status":"open","ping_status":"open","sticky":false,"template":"","format":"standard","meta":{"tdm_status":"","tdm_grid_status":"","footnotes":""},"categories":[38],"tags":[],"class_list":{"0":"post-37960","1":"post","2":"type-post","3":"status-publish","4":"format-standard","6":"category-nacionales"},"yoast_head":"<!-- This site is optimized with the Yoast SEO plugin v25.1 - https:\/\/yoast.com\/wordpress\/plugins\/seo\/ -->\n<title>Villar\u00e1n: No colapsar\u00e1 de nuevo obra del Parque R\u00edmac<\/title>\n<meta name=\"description\" content=\"Portal de noticias del Per\u00fa sobre el transporte a\u00e9reo, aviaci\u00f3n, turismo, hoteleria, actualidad.\" \/>\n<meta name=\"robots\" content=\"index, follow, max-snippet:-1, max-image-preview:large, max-video-preview:-1\" \/>\n<link rel=\"canonical\" href=\"https:\/\/aeronoticias.com.pe\/noticiero\/nacionales\/villaran-senalo-que-no-se-repetira-el-colapso-de-la-obra-via-parque-rimac\/\" \/>\n<meta property=\"og:locale\" content=\"es_ES\" \/>\n<meta property=\"og:type\" content=\"article\" \/>\n<meta property=\"og:title\" content=\"Villar\u00e1n: No colapsar\u00e1 de nuevo obra del Parque R\u00edmac\" \/>\n<meta property=\"og:description\" content=\"Portal de noticias del Per\u00fa sobre el transporte a\u00e9reo, aviaci\u00f3n, turismo, hoteleria, actualidad.\" \/>\n<meta property=\"og:url\" content=\"https:\/\/aeronoticias.com.pe\/noticiero\/nacionales\/villaran-senalo-que-no-se-repetira-el-colapso-de-la-obra-via-parque-rimac\/\" \/>\n<meta property=\"og:site_name\" content=\"Aeronoticias.com.pe\" \/>\n<meta property=\"article:publisher\" content=\"https:\/\/www.facebook.com\/Aeronoticias.com.pe\/\" \/>\n<meta property=\"article:published_time\" content=\"2013-06-18T03:36:51+00:00\" \/>\n<meta name=\"author\" content=\"Redacci\u00f3n Aeronoticias\" \/>\n<meta name=\"twitter:card\" content=\"summary_large_image\" \/>\n<meta name=\"twitter:creator\" content=\"@aeronoticias\" \/>\n<meta name=\"twitter:site\" content=\"@aeronoticias\" \/>\n<meta name=\"twitter:label1\" content=\"Escrito por\" \/>\n\t<meta name=\"twitter:data1\" content=\"Redacci\u00f3n Aeronoticias\" \/>\n\t<meta name=\"twitter:label2\" content=\"Tiempo de lectura\" \/>\n\t<meta name=\"twitter:data2\" content=\"1 minuto\" \/>\n<script type=\"application\/ld+json\" class=\"yoast-schema-graph\">{\"@context\":\"https:\/\/schema.org\",\"@graph\":[{\"@type\":\"WebPage\",\"@id\":\"https:\/\/aeronoticias.com.pe\/noticiero\/nacionales\/villaran-senalo-que-no-se-repetira-el-colapso-de-la-obra-via-parque-rimac\/\",\"url\":\"https:\/\/aeronoticias.com.pe\/noticiero\/nacionales\/villaran-senalo-que-no-se-repetira-el-colapso-de-la-obra-via-parque-rimac\/\",\"name\":\"Villar\u00e1n: No colapsar\u00e1 de nuevo obra del Parque R\u00edmac\",\"isPartOf\":{\"@id\":\"https:\/\/aeronoticias.com.pe\/noticiero\/#website\"},\"datePublished\":\"2013-06-18T03:36:51+00:00\",\"author\":{\"@id\":\"https:\/\/aeronoticias.com.pe\/noticiero\/#\/schema\/person\/fc1e5d578f4b62ba1cf7ac2bba1170a0\"},\"description\":\"Portal de noticias del Per\u00fa sobre el transporte a\u00e9reo, aviaci\u00f3n, turismo, hoteleria, actualidad.\",\"breadcrumb\":{\"@id\":\"https:\/\/aeronoticias.com.pe\/noticiero\/nacionales\/villaran-senalo-que-no-se-repetira-el-colapso-de-la-obra-via-parque-rimac\/#breadcrumb\"},\"inLanguage\":\"es\",\"potentialAction\":[{\"@type\":\"ReadAction\",\"target\":[\"https:\/\/aeronoticias.com.pe\/noticiero\/nacionales\/villaran-senalo-que-no-se-repetira-el-colapso-de-la-obra-via-parque-rimac\/\"]}]},{\"@type\":\"BreadcrumbList\",\"@id\":\"https:\/\/aeronoticias.com.pe\/noticiero\/nacionales\/villaran-senalo-que-no-se-repetira-el-colapso-de-la-obra-via-parque-rimac\/#breadcrumb\",\"itemListElement\":[{\"@type\":\"ListItem\",\"position\":1,\"name\":\"Portada\",\"item\":\"https:\/\/aeronoticias.com.pe\/noticiero\/\"},{\"@type\":\"ListItem\",\"position\":2,\"name\":\"Villar\u00e1n: No colapsar\u00e1 de nuevo obra del Parque R\u00edmac\"}]},{\"@type\":\"WebSite\",\"@id\":\"https:\/\/aeronoticias.com.pe\/noticiero\/#website\",\"url\":\"https:\/\/aeronoticias.com.pe\/noticiero\/\",\"name\":\"Aeronoticias.com.pe\",\"description\":\"Noticias de tranporte aereo, turismo, hoteles, gastronomia, actualidad, internacional\",\"potentialAction\":[{\"@type\":\"SearchAction\",\"target\":{\"@type\":\"EntryPoint\",\"urlTemplate\":\"https:\/\/aeronoticias.com.pe\/noticiero\/?s={search_term_string}\"},\"query-input\":{\"@type\":\"PropertyValueSpecification\",\"valueRequired\":true,\"valueName\":\"search_term_string\"}}],\"inLanguage\":\"es\"},{\"@type\":\"Person\",\"@id\":\"https:\/\/aeronoticias.com.pe\/noticiero\/#\/schema\/person\/fc1e5d578f4b62ba1cf7ac2bba1170a0\",\"name\":\"Redacci\u00f3n Aeronoticias\",\"url\":\"https:\/\/aeronoticias.com.pe\/noticiero\/author\/piloto\/\"}]}<\/script>\n<!-- \/ Yoast SEO plugin. -->","yoast_head_json":{"title":"Villar\u00e1n: No colapsar\u00e1 de nuevo obra del Parque R\u00edmac","description":"Portal de noticias del Per\u00fa sobre el transporte a\u00e9reo, aviaci\u00f3n, turismo, hoteleria, actualidad.","robots":{"index":"index","follow":"follow","max-snippet":"max-snippet:-1","max-image-preview":"max-image-preview:large","max-video-preview":"max-video-preview:-1"},"canonical":"https:\/\/aeronoticias.com.pe\/noticiero\/nacionales\/villaran-senalo-que-no-se-repetira-el-colapso-de-la-obra-via-parque-rimac\/","og_locale":"es_ES","og_type":"article","og_title":"Villar\u00e1n: No colapsar\u00e1 de nuevo obra del Parque R\u00edmac","og_description":"Portal de noticias del Per\u00fa sobre el transporte a\u00e9reo, aviaci\u00f3n, turismo, hoteleria, actualidad.","og_url":"https:\/\/aeronoticias.com.pe\/noticiero\/nacionales\/villaran-senalo-que-no-se-repetira-el-colapso-de-la-obra-via-parque-rimac\/","og_site_name":"Aeronoticias.com.pe","article_publisher":"https:\/\/www.facebook.com\/Aeronoticias.com.pe\/","article_published_time":"2013-06-18T03:36:51+00:00","author":"Redacci\u00f3n Aeronoticias","twitter_card":"summary_large_image","twitter_creator":"@aeronoticias","twitter_site":"@aeronoticias","twitter_misc":{"Escrito por":"Redacci\u00f3n Aeronoticias","Tiempo de lectura":"1 minuto"},"schema":{"@context":"https:\/\/schema.org","@graph":[{"@type":"WebPage","@id":"https:\/\/aeronoticias.com.pe\/noticiero\/nacionales\/villaran-senalo-que-no-se-repetira-el-colapso-de-la-obra-via-parque-rimac\/","url":"https:\/\/aeronoticias.com.pe\/noticiero\/nacionales\/villaran-senalo-que-no-se-repetira-el-colapso-de-la-obra-via-parque-rimac\/","name":"Villar\u00e1n: No colapsar\u00e1 de nuevo obra del Parque R\u00edmac","isPartOf":{"@id":"https:\/\/aeronoticias.com.pe\/noticiero\/#website"},"datePublished":"2013-06-18T03:36:51+00:00","author":{"@id":"https:\/\/aeronoticias.com.pe\/noticiero\/#\/schema\/person\/fc1e5d578f4b62ba1cf7ac2bba1170a0"},"description":"Portal de noticias del Per\u00fa sobre el transporte a\u00e9reo, aviaci\u00f3n, turismo, hoteleria, actualidad.","breadcrumb":{"@id":"https:\/\/aeronoticias.com.pe\/noticiero\/nacionales\/villaran-senalo-que-no-se-repetira-el-colapso-de-la-obra-via-parque-rimac\/#breadcrumb"},"inLanguage":"es","potentialAction":[{"@type":"ReadAction","target":["https:\/\/aeronoticias.com.pe\/noticiero\/nacionales\/villaran-senalo-que-no-se-repetira-el-colapso-de-la-obra-via-parque-rimac\/"]}]},{"@type":"BreadcrumbList","@id":"https:\/\/aeronoticias.com.pe\/noticiero\/nacionales\/villaran-senalo-que-no-se-repetira-el-colapso-de-la-obra-via-parque-rimac\/#breadcrumb","itemListElement":[{"@type":"ListItem","position":1,"name":"Portada","item":"https:\/\/aeronoticias.com.pe\/noticiero\/"},{"@type":"ListItem","position":2,"name":"Villar\u00e1n: No colapsar\u00e1 de nuevo obra del Parque R\u00edmac"}]},{"@type":"WebSite","@id":"https:\/\/aeronoticias.com.pe\/noticiero\/#website","url":"https:\/\/aeronoticias.com.pe\/noticiero\/","name":"Aeronoticias.com.pe","description":"Noticias de tranporte aereo, turismo, hoteles, gastronomia, actualidad, internacional","potentialAction":[{"@type":"SearchAction","target":{"@type":"EntryPoint","urlTemplate":"https:\/\/aeronoticias.com.pe\/noticiero\/?s={search_term_string}"},"query-input":{"@type":"PropertyValueSpecification","valueRequired":true,"valueName":"search_term_string"}}],"inLanguage":"es"},{"@type":"Person","@id":"https:\/\/aeronoticias.com.pe\/noticiero\/#\/schema\/person\/fc1e5d578f4b62ba1cf7ac2bba1170a0","name":"Redacci\u00f3n Aeronoticias","url":"https:\/\/aeronoticias.com.pe\/noticiero\/author\/piloto\/"}]}},"_links":{"self":[{"href":"https:\/\/aeronoticias.com.pe\/noticiero\/wp-json\/wp\/v2\/posts\/37960","targetHints":{"allow":["GET"]}}],"collection":[{"href":"https:\/\/aeronoticias.com.pe\/noticiero\/wp-json\/wp\/v2\/posts"}],"about":[{"href":"https:\/\/aeronoticias.com.pe\/noticiero\/wp-json\/wp\/v2\/types\/post"}],"author":[{"embeddable":true,"href":"https:\/\/aeronoticias.com.pe\/noticiero\/wp-json\/wp\/v2\/users\/1"}],"replies":[{"embeddable":true,"href":"https:\/\/aeronoticias.com.pe\/noticiero\/wp-json\/wp\/v2\/comments?post=37960"}],"version-history":[{"count":0,"href":"https:\/\/aeronoticias.com.pe\/noticiero\/wp-json\/wp\/v2\/posts\/37960\/revisions"}],"wp:attachment":[{"href":"https:\/\/aeronoticias.com.pe\/noticiero\/wp-json\/wp\/v2\/media?parent=37960"}],"wp:term":[{"taxonomy":"category","embeddable":true,"href":"https:\/\/aeronoticias.com.pe\/noticiero\/wp-json\/wp\/v2\/categories?post=37960"},{"taxonomy":"post_tag","embeddable":true,"href":"https:\/\/aeronoticias.com.pe\/noticiero\/wp-json\/wp\/v2\/tags?post=37960"}],"curies":[{"name":"wp","href":"https:\/\/api.w.org\/{rel}","templated":true}]}}