{"id":38065,"date":"2013-06-21T19:27:33","date_gmt":"2013-06-21T19:27:33","guid":{"rendered":"http:\/\/desarrollo.mcvicious.com\/aero2020\/2013\/06\/21\/canales-de-television-censuran-conferencia-de-prensa-de-alianza-izquierdista\/"},"modified":"2013-06-21T19:27:33","modified_gmt":"2013-06-21T19:27:33","slug":"canales-de-television-censuran-conferencia-de-prensa-de-alianza-izquierdista","status":"publish","type":"post","link":"https:\/\/aeronoticias.com.pe\/noticiero\/politica\/canales-de-television-censuran-conferencia-de-prensa-de-alianza-izquierdista\/","title":{"rendered":"Canales de televisi\u00f3n censuran conferencia de prensa de alianza izquierdista"},"content":{"rendered":"<p style=\"text-align: justify;\"><strong>(Aeronoticias)<\/strong>.- La \u00fanica opci\u00f3n pol\u00edtica contra los candidatos de derecha y centro derecha ha sido, virtualmente, \u00abbaneado\u00bb de la parrilla televisiva peruana. En un evidente acto de \u00ablibertad de expresi\u00f3n\u00bb, los medios de comunicaci\u00f3n televisivos ignoraron la conferencia de prensa de la alianza de seis partidos pol\u00edticos identificados con el espectro pol\u00edtico \u00abrojo\u00bb.<\/p>\n<p style=\"text-align: justify;\">En un comunicado emitido d\u00edas anteriores, la alianza (que agrupa al Partido Comunista Peruano, Ciudadanos por el Cambio, Tierra y Libertad, el Partido Socialista, Movimiento de Afirmaci\u00f3n Social y el Partido Descentralista Fuerza Social) inform\u00f3 de un evento a realizar el viernes 21 de junio a las 11 de la ma\u00f1ana.<\/p>\n<p style=\"text-align: justify;\">En ese momento, la televisi\u00f3n de se\u00f1al abierta y cerrada presentaba cualquier otro contenido. Canal N estaba en los \u00abimportantes\u00bb menesteres de U-Kiss. Hasta RBC lidiaba con la \u00abvital\u00bb, y de gran peso para las decisiones nacionales, hora de publicidad.<\/p>\n<p style=\"text-align: justify;\">\u00bfNo era Canal N quien censur\u00f3 tambi\u00e9n el juramento de Humala y se pasaron notas de un desfile de pasarela, en plena campa\u00f1a presidencial? Si no fuera por La Mula (que ha recibido ataques de opositores al proyecto, tildando su acto informativo de \u00abpublicherry\u00bb), virtualmente el evento \u00abjam\u00e1s\u00bb hubiera sucedido.<\/p>\n<p style=\"text-align: justify;\">\u00a0<\/p>\n<p style=\"text-align: justify;\"><img decoding=\"async\" src=\"images\/stories\/13\/06\/210613\/ataque.jpg\" border=\"0\" \/><\/p>\n","protected":false},"excerpt":{"rendered":"<p>(Aeronoticias).- La \u00fanica opci\u00f3n pol\u00edtica contra los candidatos de derecha y centro derecha ha sido, virtualmente, \u00abbaneado\u00bb de la parrilla televisiva peruana. En un evidente acto de \u00ablibertad de expresi\u00f3n\u00bb, los medios de comunicaci\u00f3n televisivos ignoraron la conferencia de prensa de la alianza de seis partidos pol\u00edticos identificados con el espectro pol\u00edtico \u00abrojo\u00bb. En un [&hellip;]<\/p>\n","protected":false},"author":1,"featured_media":0,"comment_status":"open","ping_status":"open","sticky":false,"template":"","format":"standard","meta":{"tdm_status":"","tdm_grid_status":"","footnotes":""},"categories":[36],"tags":[],"class_list":{"0":"post-38065","1":"post","2":"type-post","3":"status-publish","4":"format-standard","6":"category-politica"},"yoast_head":"<!-- This site is optimized with the Yoast SEO plugin v25.1 - https:\/\/yoast.com\/wordpress\/plugins\/seo\/ -->\n<title>Canales de televisi\u00f3n censuran conferencia de prensa de alianza izquierdista<\/title>\n<meta name=\"description\" content=\"Portal de noticias del Per\u00fa sobre el transporte a\u00e9reo, aviaci\u00f3n, turismo, hoteleria, actualidad.\" \/>\n<meta name=\"robots\" content=\"index, follow, max-snippet:-1, max-image-preview:large, max-video-preview:-1\" \/>\n<link rel=\"canonical\" href=\"https:\/\/aeronoticias.com.pe\/noticiero\/politica\/canales-de-television-censuran-conferencia-de-prensa-de-alianza-izquierdista\/\" \/>\n<meta property=\"og:locale\" content=\"es_ES\" \/>\n<meta property=\"og:type\" content=\"article\" \/>\n<meta property=\"og:title\" content=\"Canales de televisi\u00f3n censuran conferencia de prensa de alianza izquierdista\" \/>\n<meta property=\"og:description\" content=\"Portal de noticias del Per\u00fa sobre el transporte a\u00e9reo, aviaci\u00f3n, turismo, hoteleria, actualidad.\" \/>\n<meta property=\"og:url\" content=\"https:\/\/aeronoticias.com.pe\/noticiero\/politica\/canales-de-television-censuran-conferencia-de-prensa-de-alianza-izquierdista\/\" \/>\n<meta property=\"og:site_name\" content=\"Aeronoticias.com.pe\" \/>\n<meta property=\"article:publisher\" content=\"https:\/\/www.facebook.com\/Aeronoticias.com.pe\/\" \/>\n<meta property=\"article:published_time\" content=\"2013-06-21T19:27:33+00:00\" \/>\n<meta name=\"author\" content=\"Redacci\u00f3n Aeronoticias\" \/>\n<meta name=\"twitter:card\" content=\"summary_large_image\" \/>\n<meta name=\"twitter:creator\" content=\"@aeronoticias\" \/>\n<meta name=\"twitter:site\" content=\"@aeronoticias\" \/>\n<meta name=\"twitter:label1\" content=\"Escrito por\" \/>\n\t<meta name=\"twitter:data1\" content=\"Redacci\u00f3n Aeronoticias\" \/>\n\t<meta name=\"twitter:label2\" content=\"Tiempo de lectura\" \/>\n\t<meta name=\"twitter:data2\" content=\"1 minuto\" \/>\n<script type=\"application\/ld+json\" class=\"yoast-schema-graph\">{\"@context\":\"https:\/\/schema.org\",\"@graph\":[{\"@type\":\"WebPage\",\"@id\":\"https:\/\/aeronoticias.com.pe\/noticiero\/politica\/canales-de-television-censuran-conferencia-de-prensa-de-alianza-izquierdista\/\",\"url\":\"https:\/\/aeronoticias.com.pe\/noticiero\/politica\/canales-de-television-censuran-conferencia-de-prensa-de-alianza-izquierdista\/\",\"name\":\"Canales de televisi\u00f3n censuran conferencia de prensa de alianza izquierdista\",\"isPartOf\":{\"@id\":\"https:\/\/aeronoticias.com.pe\/noticiero\/#website\"},\"datePublished\":\"2013-06-21T19:27:33+00:00\",\"author\":{\"@id\":\"https:\/\/aeronoticias.com.pe\/noticiero\/#\/schema\/person\/fc1e5d578f4b62ba1cf7ac2bba1170a0\"},\"description\":\"Portal de noticias del Per\u00fa sobre el transporte a\u00e9reo, aviaci\u00f3n, turismo, hoteleria, actualidad.\",\"breadcrumb\":{\"@id\":\"https:\/\/aeronoticias.com.pe\/noticiero\/politica\/canales-de-television-censuran-conferencia-de-prensa-de-alianza-izquierdista\/#breadcrumb\"},\"inLanguage\":\"es\",\"potentialAction\":[{\"@type\":\"ReadAction\",\"target\":[\"https:\/\/aeronoticias.com.pe\/noticiero\/politica\/canales-de-television-censuran-conferencia-de-prensa-de-alianza-izquierdista\/\"]}]},{\"@type\":\"BreadcrumbList\",\"@id\":\"https:\/\/aeronoticias.com.pe\/noticiero\/politica\/canales-de-television-censuran-conferencia-de-prensa-de-alianza-izquierdista\/#breadcrumb\",\"itemListElement\":[{\"@type\":\"ListItem\",\"position\":1,\"name\":\"Portada\",\"item\":\"https:\/\/aeronoticias.com.pe\/noticiero\/\"},{\"@type\":\"ListItem\",\"position\":2,\"name\":\"Canales de televisi\u00f3n censuran conferencia de prensa de alianza izquierdista\"}]},{\"@type\":\"WebSite\",\"@id\":\"https:\/\/aeronoticias.com.pe\/noticiero\/#website\",\"url\":\"https:\/\/aeronoticias.com.pe\/noticiero\/\",\"name\":\"Aeronoticias.com.pe\",\"description\":\"Noticias de tranporte aereo, turismo, hoteles, gastronomia, actualidad, internacional\",\"potentialAction\":[{\"@type\":\"SearchAction\",\"target\":{\"@type\":\"EntryPoint\",\"urlTemplate\":\"https:\/\/aeronoticias.com.pe\/noticiero\/?s={search_term_string}\"},\"query-input\":{\"@type\":\"PropertyValueSpecification\",\"valueRequired\":true,\"valueName\":\"search_term_string\"}}],\"inLanguage\":\"es\"},{\"@type\":\"Person\",\"@id\":\"https:\/\/aeronoticias.com.pe\/noticiero\/#\/schema\/person\/fc1e5d578f4b62ba1cf7ac2bba1170a0\",\"name\":\"Redacci\u00f3n Aeronoticias\",\"url\":\"https:\/\/aeronoticias.com.pe\/noticiero\/author\/piloto\/\"}]}<\/script>\n<!-- \/ Yoast SEO plugin. -->","yoast_head_json":{"title":"Canales de televisi\u00f3n censuran conferencia de prensa de alianza izquierdista","description":"Portal de noticias del Per\u00fa sobre el transporte a\u00e9reo, aviaci\u00f3n, turismo, hoteleria, actualidad.","robots":{"index":"index","follow":"follow","max-snippet":"max-snippet:-1","max-image-preview":"max-image-preview:large","max-video-preview":"max-video-preview:-1"},"canonical":"https:\/\/aeronoticias.com.pe\/noticiero\/politica\/canales-de-television-censuran-conferencia-de-prensa-de-alianza-izquierdista\/","og_locale":"es_ES","og_type":"article","og_title":"Canales de televisi\u00f3n censuran conferencia de prensa de alianza izquierdista","og_description":"Portal de noticias del Per\u00fa sobre el transporte a\u00e9reo, aviaci\u00f3n, turismo, hoteleria, actualidad.","og_url":"https:\/\/aeronoticias.com.pe\/noticiero\/politica\/canales-de-television-censuran-conferencia-de-prensa-de-alianza-izquierdista\/","og_site_name":"Aeronoticias.com.pe","article_publisher":"https:\/\/www.facebook.com\/Aeronoticias.com.pe\/","article_published_time":"2013-06-21T19:27:33+00:00","author":"Redacci\u00f3n Aeronoticias","twitter_card":"summary_large_image","twitter_creator":"@aeronoticias","twitter_site":"@aeronoticias","twitter_misc":{"Escrito por":"Redacci\u00f3n Aeronoticias","Tiempo de lectura":"1 minuto"},"schema":{"@context":"https:\/\/schema.org","@graph":[{"@type":"WebPage","@id":"https:\/\/aeronoticias.com.pe\/noticiero\/politica\/canales-de-television-censuran-conferencia-de-prensa-de-alianza-izquierdista\/","url":"https:\/\/aeronoticias.com.pe\/noticiero\/politica\/canales-de-television-censuran-conferencia-de-prensa-de-alianza-izquierdista\/","name":"Canales de televisi\u00f3n censuran conferencia de prensa de alianza izquierdista","isPartOf":{"@id":"https:\/\/aeronoticias.com.pe\/noticiero\/#website"},"datePublished":"2013-06-21T19:27:33+00:00","author":{"@id":"https:\/\/aeronoticias.com.pe\/noticiero\/#\/schema\/person\/fc1e5d578f4b62ba1cf7ac2bba1170a0"},"description":"Portal de noticias del Per\u00fa sobre el transporte a\u00e9reo, aviaci\u00f3n, turismo, hoteleria, actualidad.","breadcrumb":{"@id":"https:\/\/aeronoticias.com.pe\/noticiero\/politica\/canales-de-television-censuran-conferencia-de-prensa-de-alianza-izquierdista\/#breadcrumb"},"inLanguage":"es","potentialAction":[{"@type":"ReadAction","target":["https:\/\/aeronoticias.com.pe\/noticiero\/politica\/canales-de-television-censuran-conferencia-de-prensa-de-alianza-izquierdista\/"]}]},{"@type":"BreadcrumbList","@id":"https:\/\/aeronoticias.com.pe\/noticiero\/politica\/canales-de-television-censuran-conferencia-de-prensa-de-alianza-izquierdista\/#breadcrumb","itemListElement":[{"@type":"ListItem","position":1,"name":"Portada","item":"https:\/\/aeronoticias.com.pe\/noticiero\/"},{"@type":"ListItem","position":2,"name":"Canales de televisi\u00f3n censuran conferencia de prensa de alianza izquierdista"}]},{"@type":"WebSite","@id":"https:\/\/aeronoticias.com.pe\/noticiero\/#website","url":"https:\/\/aeronoticias.com.pe\/noticiero\/","name":"Aeronoticias.com.pe","description":"Noticias de tranporte aereo, turismo, hoteles, gastronomia, actualidad, internacional","potentialAction":[{"@type":"SearchAction","target":{"@type":"EntryPoint","urlTemplate":"https:\/\/aeronoticias.com.pe\/noticiero\/?s={search_term_string}"},"query-input":{"@type":"PropertyValueSpecification","valueRequired":true,"valueName":"search_term_string"}}],"inLanguage":"es"},{"@type":"Person","@id":"https:\/\/aeronoticias.com.pe\/noticiero\/#\/schema\/person\/fc1e5d578f4b62ba1cf7ac2bba1170a0","name":"Redacci\u00f3n Aeronoticias","url":"https:\/\/aeronoticias.com.pe\/noticiero\/author\/piloto\/"}]}},"_links":{"self":[{"href":"https:\/\/aeronoticias.com.pe\/noticiero\/wp-json\/wp\/v2\/posts\/38065","targetHints":{"allow":["GET"]}}],"collection":[{"href":"https:\/\/aeronoticias.com.pe\/noticiero\/wp-json\/wp\/v2\/posts"}],"about":[{"href":"https:\/\/aeronoticias.com.pe\/noticiero\/wp-json\/wp\/v2\/types\/post"}],"author":[{"embeddable":true,"href":"https:\/\/aeronoticias.com.pe\/noticiero\/wp-json\/wp\/v2\/users\/1"}],"replies":[{"embeddable":true,"href":"https:\/\/aeronoticias.com.pe\/noticiero\/wp-json\/wp\/v2\/comments?post=38065"}],"version-history":[{"count":0,"href":"https:\/\/aeronoticias.com.pe\/noticiero\/wp-json\/wp\/v2\/posts\/38065\/revisions"}],"wp:attachment":[{"href":"https:\/\/aeronoticias.com.pe\/noticiero\/wp-json\/wp\/v2\/media?parent=38065"}],"wp:term":[{"taxonomy":"category","embeddable":true,"href":"https:\/\/aeronoticias.com.pe\/noticiero\/wp-json\/wp\/v2\/categories?post=38065"},{"taxonomy":"post_tag","embeddable":true,"href":"https:\/\/aeronoticias.com.pe\/noticiero\/wp-json\/wp\/v2\/tags?post=38065"}],"curies":[{"name":"wp","href":"https:\/\/api.w.org\/{rel}","templated":true}]}}