{"id":38066,"date":"2013-06-21T20:27:26","date_gmt":"2013-06-21T20:27:26","guid":{"rendered":"http:\/\/desarrollo.mcvicious.com\/aero2020\/2013\/06\/21\/libertad-aerea-sin-nadie-que-la-ejerza\/"},"modified":"2013-06-21T20:27:26","modified_gmt":"2013-06-21T20:27:26","slug":"libertad-aerea-sin-nadie-que-la-ejerza","status":"publish","type":"post","link":"https:\/\/aeronoticias.com.pe\/noticiero\/politica\/libertad-aerea-sin-nadie-que-la-ejerza\/","title":{"rendered":"Libertad a\u00e9rea sin nadie que la ejerza"},"content":{"rendered":"<p style=\"text-align: justify;\"><strong>(Aeronoticias).-<\/strong> El periodista Herbert Mujica acaba de informar que est\u00e1n pr\u00f3ximos a salir a luz los primeros acuerdos entre los ministros de la Alianza del Pac\u00edfico en materia aeron\u00e1utica, que incluyen la concesi\u00f3n entre las partes de las llamadas \u201clibertades\u201d que comprenden los derechos a movilizar pasajeros, correos y carga, de un pa\u00eds a otro y viceversa utilizando sus propias compa\u00f1\u00edas de aviaci\u00f3n.<\/p>\n<p style=\"text-align: justify;\">Espec\u00edficamente la quinta libertad indica que una empresa de un pa\u00eds concedente puede embarcar y desembarcar libremente en los terminales de sus socios a cambio de entregar el mismo beneficio a las l\u00edneas a\u00e9reas de los otros pa\u00edses miembros. \u00a0Aplicado a la Alianza del Pac\u00edfico esto quiere decir que M\u00e9xico, Chile, Colombia y Per\u00fa podr\u00edan recoger y llevar personas y bienes a trav\u00e9s de sus compa\u00f1\u00edas propias entre esos cuatro puntos.<\/p>\n<p>  <!--more-->  <\/p>\n<p style=\"text-align: justify;\">El problema es que el Per\u00fa no tiene l\u00ednea a\u00e9rea de bandera para beneficiarse del acuerdo, lo que quiere decir que los otros pa\u00edses usar\u00e1n nuestra ventaja de ubicaci\u00f3n y nuestro mercado, sin que recibamos nada a cambio. Por ir\u00f3nico que parezca han sido empresas mexicanas y chilenas las que han literalmente expulsado a los peruanos del negocio a\u00e9reo internacional, forzando la quiebra fraudulenta de Aeroper\u00fa e impidiendo por todos los medios su reflotamiento.<\/p>\n<p style=\"text-align: justify;\">M\u00e1s a\u00fan, se sabe que hay un plan de Taca-Avianca (Costa Rica-Colombia) para adquirir por 8 millones de d\u00f3lares la marca Aeroper\u00fa que hace un a\u00f1o le fue concedida ilegal y casi gratuitamente por Indecopi a un grupo de inversionistas vinculados a Alan Garc\u00eda. As\u00ed tendr\u00edamos una l\u00ednea con el nombre de \u201cPer\u00fa\u201d, de propiedad de capitales extranjeros, tratando de aprovechar la quinta libertad frente a LAN y Aerom\u00e9xico.<\/p>\n<p style=\"text-align: justify;\">El presidente Humala que hizo compromisos para devolver un m\u00ednimo de soberan\u00eda a\u00e9rea al pa\u00eds, no solo como candidato sino despu\u00e9s de ce\u00f1irse la banda, ha terminado desertando tambi\u00e9n este punto, someti\u00e9ndose al potente lobby que trata de echarle tierra a los delitos perpetrados en relaci\u00f3n a Aeroper\u00fa desde su privatizaci\u00f3n, y de mantener la hegemon\u00eda de los chilenos en el mercado peruano.<\/p>\n<p style=\"text-align: justify;\">T\u00f3mese debida nota, por ejemplo, que \u00a0por el uso del derecho a la quinta libertad la empresa LAN le paga al Estado chileno m\u00e1s o menos 560 millones de d\u00f3lares, mientras que en el Per\u00fa le viene gratis. Aqu\u00ed ellos traen y recogen pasajeros peruanos, chilenos y de otras nacionalidades sin que nadie les ponga un pero. Mientras tanto los idiotas de la prensa se escandalizan cada vez que se les habla de que en este asunto est\u00e1 implicada una gran cantidad de dinero e impuestos, una enormidad de derechos de los consumidores peruanos y varios aspectos de seguridad nacional y soberan\u00eda.<\/p>\n<p style=\"text-align: justify;\">Pero Aeroper\u00fa era \u201caeropeor\u201d, contestan con enorme flojera de pensamiento, porque para ellos lo peor siempre fue que el Per\u00fa actuara de igual a igual con los otros pa\u00edses.<\/p>\n<p style=\"text-align: justify;\"><img decoding=\"async\" src=\"images\/stories\/12\/12\/101212\/avion.jpg\" border=\"0\" alt=\"Libertad a\u00e9rea sin nadie que la ejerza\" title=\"Libertad a\u00e9rea sin nadie que la ejerza\" \/><\/p>\n","protected":false},"excerpt":{"rendered":"<p>(Aeronoticias).- El periodista Herbert Mujica acaba de informar que est\u00e1n pr\u00f3ximos a salir a luz los primeros acuerdos entre los ministros de la Alianza del Pac\u00edfico en materia aeron\u00e1utica, que incluyen la concesi\u00f3n entre las partes de las llamadas \u201clibertades\u201d que comprenden los derechos a movilizar pasajeros, correos y carga, de un pa\u00eds a otro [&hellip;]<\/p>\n","protected":false},"author":1,"featured_media":0,"comment_status":"open","ping_status":"open","sticky":false,"template":"","format":"standard","meta":{"tdm_status":"","tdm_grid_status":"","footnotes":""},"categories":[36],"tags":[],"class_list":{"0":"post-38066","1":"post","2":"type-post","3":"status-publish","4":"format-standard","6":"category-politica"},"yoast_head":"<!-- This site is optimized with the Yoast SEO plugin v25.1 - https:\/\/yoast.com\/wordpress\/plugins\/seo\/ -->\n<title>Libertad a\u00e9rea sin nadie que la ejerza<\/title>\n<meta name=\"description\" content=\"Portal de noticias del Per\u00fa sobre el transporte a\u00e9reo, aviaci\u00f3n, turismo, hoteleria, actualidad.\" \/>\n<meta name=\"robots\" content=\"index, follow, max-snippet:-1, max-image-preview:large, max-video-preview:-1\" \/>\n<link rel=\"canonical\" href=\"https:\/\/aeronoticias.com.pe\/noticiero\/politica\/libertad-aerea-sin-nadie-que-la-ejerza\/\" \/>\n<meta property=\"og:locale\" content=\"es_ES\" \/>\n<meta property=\"og:type\" content=\"article\" \/>\n<meta property=\"og:title\" content=\"Libertad a\u00e9rea sin nadie que la ejerza\" \/>\n<meta property=\"og:description\" content=\"Portal de noticias del Per\u00fa sobre el transporte a\u00e9reo, aviaci\u00f3n, turismo, hoteleria, actualidad.\" \/>\n<meta property=\"og:url\" content=\"https:\/\/aeronoticias.com.pe\/noticiero\/politica\/libertad-aerea-sin-nadie-que-la-ejerza\/\" \/>\n<meta property=\"og:site_name\" content=\"Aeronoticias.com.pe\" \/>\n<meta property=\"article:publisher\" content=\"https:\/\/www.facebook.com\/Aeronoticias.com.pe\/\" \/>\n<meta property=\"article:published_time\" content=\"2013-06-21T20:27:26+00:00\" \/>\n<meta name=\"author\" content=\"Redacci\u00f3n Aeronoticias\" \/>\n<meta name=\"twitter:card\" content=\"summary_large_image\" \/>\n<meta name=\"twitter:creator\" content=\"@aeronoticias\" \/>\n<meta name=\"twitter:site\" content=\"@aeronoticias\" \/>\n<meta name=\"twitter:label1\" content=\"Escrito por\" \/>\n\t<meta name=\"twitter:data1\" content=\"Redacci\u00f3n Aeronoticias\" \/>\n\t<meta name=\"twitter:label2\" content=\"Tiempo de lectura\" \/>\n\t<meta name=\"twitter:data2\" content=\"3 minutos\" \/>\n<script type=\"application\/ld+json\" class=\"yoast-schema-graph\">{\"@context\":\"https:\/\/schema.org\",\"@graph\":[{\"@type\":\"WebPage\",\"@id\":\"https:\/\/aeronoticias.com.pe\/noticiero\/politica\/libertad-aerea-sin-nadie-que-la-ejerza\/\",\"url\":\"https:\/\/aeronoticias.com.pe\/noticiero\/politica\/libertad-aerea-sin-nadie-que-la-ejerza\/\",\"name\":\"Libertad a\u00e9rea sin nadie que la ejerza\",\"isPartOf\":{\"@id\":\"https:\/\/aeronoticias.com.pe\/noticiero\/#website\"},\"datePublished\":\"2013-06-21T20:27:26+00:00\",\"author\":{\"@id\":\"https:\/\/aeronoticias.com.pe\/noticiero\/#\/schema\/person\/fc1e5d578f4b62ba1cf7ac2bba1170a0\"},\"description\":\"Portal de noticias del Per\u00fa sobre el transporte a\u00e9reo, aviaci\u00f3n, turismo, hoteleria, actualidad.\",\"breadcrumb\":{\"@id\":\"https:\/\/aeronoticias.com.pe\/noticiero\/politica\/libertad-aerea-sin-nadie-que-la-ejerza\/#breadcrumb\"},\"inLanguage\":\"es\",\"potentialAction\":[{\"@type\":\"ReadAction\",\"target\":[\"https:\/\/aeronoticias.com.pe\/noticiero\/politica\/libertad-aerea-sin-nadie-que-la-ejerza\/\"]}]},{\"@type\":\"BreadcrumbList\",\"@id\":\"https:\/\/aeronoticias.com.pe\/noticiero\/politica\/libertad-aerea-sin-nadie-que-la-ejerza\/#breadcrumb\",\"itemListElement\":[{\"@type\":\"ListItem\",\"position\":1,\"name\":\"Portada\",\"item\":\"https:\/\/aeronoticias.com.pe\/noticiero\/\"},{\"@type\":\"ListItem\",\"position\":2,\"name\":\"Libertad a\u00e9rea sin nadie que la ejerza\"}]},{\"@type\":\"WebSite\",\"@id\":\"https:\/\/aeronoticias.com.pe\/noticiero\/#website\",\"url\":\"https:\/\/aeronoticias.com.pe\/noticiero\/\",\"name\":\"Aeronoticias.com.pe\",\"description\":\"Noticias de tranporte aereo, turismo, hoteles, gastronomia, actualidad, internacional\",\"potentialAction\":[{\"@type\":\"SearchAction\",\"target\":{\"@type\":\"EntryPoint\",\"urlTemplate\":\"https:\/\/aeronoticias.com.pe\/noticiero\/?s={search_term_string}\"},\"query-input\":{\"@type\":\"PropertyValueSpecification\",\"valueRequired\":true,\"valueName\":\"search_term_string\"}}],\"inLanguage\":\"es\"},{\"@type\":\"Person\",\"@id\":\"https:\/\/aeronoticias.com.pe\/noticiero\/#\/schema\/person\/fc1e5d578f4b62ba1cf7ac2bba1170a0\",\"name\":\"Redacci\u00f3n Aeronoticias\",\"url\":\"https:\/\/aeronoticias.com.pe\/noticiero\/author\/piloto\/\"}]}<\/script>\n<!-- \/ Yoast SEO plugin. -->","yoast_head_json":{"title":"Libertad a\u00e9rea sin nadie que la ejerza","description":"Portal de noticias del Per\u00fa sobre el transporte a\u00e9reo, aviaci\u00f3n, turismo, hoteleria, actualidad.","robots":{"index":"index","follow":"follow","max-snippet":"max-snippet:-1","max-image-preview":"max-image-preview:large","max-video-preview":"max-video-preview:-1"},"canonical":"https:\/\/aeronoticias.com.pe\/noticiero\/politica\/libertad-aerea-sin-nadie-que-la-ejerza\/","og_locale":"es_ES","og_type":"article","og_title":"Libertad a\u00e9rea sin nadie que la ejerza","og_description":"Portal de noticias del Per\u00fa sobre el transporte a\u00e9reo, aviaci\u00f3n, turismo, hoteleria, actualidad.","og_url":"https:\/\/aeronoticias.com.pe\/noticiero\/politica\/libertad-aerea-sin-nadie-que-la-ejerza\/","og_site_name":"Aeronoticias.com.pe","article_publisher":"https:\/\/www.facebook.com\/Aeronoticias.com.pe\/","article_published_time":"2013-06-21T20:27:26+00:00","author":"Redacci\u00f3n Aeronoticias","twitter_card":"summary_large_image","twitter_creator":"@aeronoticias","twitter_site":"@aeronoticias","twitter_misc":{"Escrito por":"Redacci\u00f3n Aeronoticias","Tiempo de lectura":"3 minutos"},"schema":{"@context":"https:\/\/schema.org","@graph":[{"@type":"WebPage","@id":"https:\/\/aeronoticias.com.pe\/noticiero\/politica\/libertad-aerea-sin-nadie-que-la-ejerza\/","url":"https:\/\/aeronoticias.com.pe\/noticiero\/politica\/libertad-aerea-sin-nadie-que-la-ejerza\/","name":"Libertad a\u00e9rea sin nadie que la ejerza","isPartOf":{"@id":"https:\/\/aeronoticias.com.pe\/noticiero\/#website"},"datePublished":"2013-06-21T20:27:26+00:00","author":{"@id":"https:\/\/aeronoticias.com.pe\/noticiero\/#\/schema\/person\/fc1e5d578f4b62ba1cf7ac2bba1170a0"},"description":"Portal de noticias del Per\u00fa sobre el transporte a\u00e9reo, aviaci\u00f3n, turismo, hoteleria, actualidad.","breadcrumb":{"@id":"https:\/\/aeronoticias.com.pe\/noticiero\/politica\/libertad-aerea-sin-nadie-que-la-ejerza\/#breadcrumb"},"inLanguage":"es","potentialAction":[{"@type":"ReadAction","target":["https:\/\/aeronoticias.com.pe\/noticiero\/politica\/libertad-aerea-sin-nadie-que-la-ejerza\/"]}]},{"@type":"BreadcrumbList","@id":"https:\/\/aeronoticias.com.pe\/noticiero\/politica\/libertad-aerea-sin-nadie-que-la-ejerza\/#breadcrumb","itemListElement":[{"@type":"ListItem","position":1,"name":"Portada","item":"https:\/\/aeronoticias.com.pe\/noticiero\/"},{"@type":"ListItem","position":2,"name":"Libertad a\u00e9rea sin nadie que la ejerza"}]},{"@type":"WebSite","@id":"https:\/\/aeronoticias.com.pe\/noticiero\/#website","url":"https:\/\/aeronoticias.com.pe\/noticiero\/","name":"Aeronoticias.com.pe","description":"Noticias de tranporte aereo, turismo, hoteles, gastronomia, actualidad, internacional","potentialAction":[{"@type":"SearchAction","target":{"@type":"EntryPoint","urlTemplate":"https:\/\/aeronoticias.com.pe\/noticiero\/?s={search_term_string}"},"query-input":{"@type":"PropertyValueSpecification","valueRequired":true,"valueName":"search_term_string"}}],"inLanguage":"es"},{"@type":"Person","@id":"https:\/\/aeronoticias.com.pe\/noticiero\/#\/schema\/person\/fc1e5d578f4b62ba1cf7ac2bba1170a0","name":"Redacci\u00f3n Aeronoticias","url":"https:\/\/aeronoticias.com.pe\/noticiero\/author\/piloto\/"}]}},"_links":{"self":[{"href":"https:\/\/aeronoticias.com.pe\/noticiero\/wp-json\/wp\/v2\/posts\/38066","targetHints":{"allow":["GET"]}}],"collection":[{"href":"https:\/\/aeronoticias.com.pe\/noticiero\/wp-json\/wp\/v2\/posts"}],"about":[{"href":"https:\/\/aeronoticias.com.pe\/noticiero\/wp-json\/wp\/v2\/types\/post"}],"author":[{"embeddable":true,"href":"https:\/\/aeronoticias.com.pe\/noticiero\/wp-json\/wp\/v2\/users\/1"}],"replies":[{"embeddable":true,"href":"https:\/\/aeronoticias.com.pe\/noticiero\/wp-json\/wp\/v2\/comments?post=38066"}],"version-history":[{"count":0,"href":"https:\/\/aeronoticias.com.pe\/noticiero\/wp-json\/wp\/v2\/posts\/38066\/revisions"}],"wp:attachment":[{"href":"https:\/\/aeronoticias.com.pe\/noticiero\/wp-json\/wp\/v2\/media?parent=38066"}],"wp:term":[{"taxonomy":"category","embeddable":true,"href":"https:\/\/aeronoticias.com.pe\/noticiero\/wp-json\/wp\/v2\/categories?post=38066"},{"taxonomy":"post_tag","embeddable":true,"href":"https:\/\/aeronoticias.com.pe\/noticiero\/wp-json\/wp\/v2\/tags?post=38066"}],"curies":[{"name":"wp","href":"https:\/\/api.w.org\/{rel}","templated":true}]}}