{"id":38068,"date":"2013-06-22T12:15:04","date_gmt":"2013-06-22T12:15:04","guid":{"rendered":"http:\/\/desarrollo.mcvicious.com\/aero2020\/2013\/06\/22\/brasil-rousseff-se-comprometio-a-hacer-reformas-para-mejorar-el-pais\/"},"modified":"2013-06-22T12:15:04","modified_gmt":"2013-06-22T12:15:04","slug":"brasil-rousseff-se-comprometio-a-hacer-reformas-para-mejorar-el-pais","status":"publish","type":"post","link":"https:\/\/aeronoticias.com.pe\/noticiero\/internacionales\/brasil-rousseff-se-comprometio-a-hacer-reformas-para-mejorar-el-pais\/","title":{"rendered":"Brasil: Rousseff se comprometi\u00f3 a hacer reformas para mejorar el pa\u00eds"},"content":{"rendered":"<p style=\"text-align: justify;\"><strong>(Aeronoticias)<\/strong>.- La presidenta de Brasil, Dilma Rousseff se comprometi\u00f3 a tramitar las denuncias de los manifestantes por la mejora del transporte urbano y de combatir la corrupci\u00f3n rampante en el pa\u00eds, pero ofreci\u00f3 pocos detalles de c\u00f3mo planeaba hacerlo.<\/p>\n<p style=\"text-align: justify;\">Asimismo, la mandataria indic\u00f3 que su gobierno crear\u00eda un plan nacional para el transporte p\u00fablico y reiter\u00f3 su apoyo a un plan actualmente ante el Congreso brasile\u00f1o, que canalizar\u00eda los ingresos del petr\u00f3leo en la educaci\u00f3n. Rousseff tambi\u00e9n hizo hincapi\u00e9 en su compromiso con un plan anterior para desplegar m\u00e9dicos extranjeros en las zonas que carecen de atenci\u00f3n m\u00e9dica.<\/p>\n<p style=\"text-align: justify;\">Por otro lado el discurso en los primeros comentarios de la presidenta fue de 10 minutos en refiri\u00e9ndose sobre las \u00faltimas protestas desde la convocatoria de una reuni\u00f3n de emergencia con los ministros al principio del d\u00eda.<\/p>\n<div style=\"text-align: justify;\">Con informaci\u00f3n de <a href=\"Rousseff se comprometi\u00f3 a hacer reformas para mejorar el pa\u00eds\" target=\"_blank\" rel=\"noopener noreferrer\"><span style=\"text-decoration: underline;\"><strong><em>The Telegraph<\/em><\/strong><\/span><\/a>.<\/div>\n<div style=\"text-align: justify;\"><img decoding=\"async\" src=\"images\/stories\/13\/06\/220613\/mensaje-a-la-nacin--brasil.jpg\" border=\"0\" align=\"left\" \/><\/div>\n","protected":false},"excerpt":{"rendered":"<p>(Aeronoticias).- La presidenta de Brasil, Dilma Rousseff se comprometi\u00f3 a tramitar las denuncias de los manifestantes por la mejora del transporte urbano y de combatir la corrupci\u00f3n rampante en el pa\u00eds, pero ofreci\u00f3 pocos detalles de c\u00f3mo planeaba hacerlo. Asimismo, la mandataria indic\u00f3 que su gobierno crear\u00eda un plan nacional para el transporte p\u00fablico y [&hellip;]<\/p>\n","protected":false},"author":1,"featured_media":0,"comment_status":"open","ping_status":"open","sticky":false,"template":"","format":"standard","meta":{"tdm_status":"","tdm_grid_status":"","footnotes":""},"categories":[34],"tags":[],"class_list":{"0":"post-38068","1":"post","2":"type-post","3":"status-publish","4":"format-standard","6":"category-internacionales"},"yoast_head":"<!-- This site is optimized with the Yoast SEO plugin v25.1 - https:\/\/yoast.com\/wordpress\/plugins\/seo\/ -->\n<title>Brasil: Rousseff se comprometi\u00f3 a hacer reformas para mejorar el pa\u00eds<\/title>\n<meta name=\"description\" content=\"Portal de noticias del Per\u00fa sobre el transporte a\u00e9reo, aviaci\u00f3n, turismo, hoteleria, actualidad.\" \/>\n<meta name=\"robots\" content=\"index, follow, max-snippet:-1, max-image-preview:large, max-video-preview:-1\" \/>\n<link rel=\"canonical\" href=\"https:\/\/aeronoticias.com.pe\/noticiero\/internacionales\/brasil-rousseff-se-comprometio-a-hacer-reformas-para-mejorar-el-pais\/\" \/>\n<meta property=\"og:locale\" content=\"es_ES\" \/>\n<meta property=\"og:type\" content=\"article\" \/>\n<meta property=\"og:title\" content=\"Brasil: Rousseff se comprometi\u00f3 a hacer reformas para mejorar el pa\u00eds\" \/>\n<meta property=\"og:description\" content=\"Portal de noticias del Per\u00fa sobre el transporte a\u00e9reo, aviaci\u00f3n, turismo, hoteleria, actualidad.\" \/>\n<meta property=\"og:url\" content=\"https:\/\/aeronoticias.com.pe\/noticiero\/internacionales\/brasil-rousseff-se-comprometio-a-hacer-reformas-para-mejorar-el-pais\/\" \/>\n<meta property=\"og:site_name\" content=\"Aeronoticias.com.pe\" \/>\n<meta property=\"article:publisher\" content=\"https:\/\/www.facebook.com\/Aeronoticias.com.pe\/\" \/>\n<meta property=\"article:published_time\" content=\"2013-06-22T12:15:04+00:00\" \/>\n<meta name=\"author\" content=\"Redacci\u00f3n Aeronoticias\" \/>\n<meta name=\"twitter:card\" content=\"summary_large_image\" \/>\n<meta name=\"twitter:creator\" content=\"@aeronoticias\" \/>\n<meta name=\"twitter:site\" content=\"@aeronoticias\" \/>\n<meta name=\"twitter:label1\" content=\"Escrito por\" \/>\n\t<meta name=\"twitter:data1\" content=\"Redacci\u00f3n Aeronoticias\" \/>\n\t<meta name=\"twitter:label2\" content=\"Tiempo de lectura\" \/>\n\t<meta name=\"twitter:data2\" content=\"1 minuto\" \/>\n<script type=\"application\/ld+json\" class=\"yoast-schema-graph\">{\"@context\":\"https:\/\/schema.org\",\"@graph\":[{\"@type\":\"WebPage\",\"@id\":\"https:\/\/aeronoticias.com.pe\/noticiero\/internacionales\/brasil-rousseff-se-comprometio-a-hacer-reformas-para-mejorar-el-pais\/\",\"url\":\"https:\/\/aeronoticias.com.pe\/noticiero\/internacionales\/brasil-rousseff-se-comprometio-a-hacer-reformas-para-mejorar-el-pais\/\",\"name\":\"Brasil: Rousseff se comprometi\u00f3 a hacer reformas para mejorar el pa\u00eds\",\"isPartOf\":{\"@id\":\"https:\/\/aeronoticias.com.pe\/noticiero\/#website\"},\"datePublished\":\"2013-06-22T12:15:04+00:00\",\"author\":{\"@id\":\"https:\/\/aeronoticias.com.pe\/noticiero\/#\/schema\/person\/fc1e5d578f4b62ba1cf7ac2bba1170a0\"},\"description\":\"Portal de noticias del Per\u00fa sobre el transporte a\u00e9reo, aviaci\u00f3n, turismo, hoteleria, actualidad.\",\"breadcrumb\":{\"@id\":\"https:\/\/aeronoticias.com.pe\/noticiero\/internacionales\/brasil-rousseff-se-comprometio-a-hacer-reformas-para-mejorar-el-pais\/#breadcrumb\"},\"inLanguage\":\"es\",\"potentialAction\":[{\"@type\":\"ReadAction\",\"target\":[\"https:\/\/aeronoticias.com.pe\/noticiero\/internacionales\/brasil-rousseff-se-comprometio-a-hacer-reformas-para-mejorar-el-pais\/\"]}]},{\"@type\":\"BreadcrumbList\",\"@id\":\"https:\/\/aeronoticias.com.pe\/noticiero\/internacionales\/brasil-rousseff-se-comprometio-a-hacer-reformas-para-mejorar-el-pais\/#breadcrumb\",\"itemListElement\":[{\"@type\":\"ListItem\",\"position\":1,\"name\":\"Portada\",\"item\":\"https:\/\/aeronoticias.com.pe\/noticiero\/\"},{\"@type\":\"ListItem\",\"position\":2,\"name\":\"Brasil: Rousseff se comprometi\u00f3 a hacer reformas para mejorar el pa\u00eds\"}]},{\"@type\":\"WebSite\",\"@id\":\"https:\/\/aeronoticias.com.pe\/noticiero\/#website\",\"url\":\"https:\/\/aeronoticias.com.pe\/noticiero\/\",\"name\":\"Aeronoticias.com.pe\",\"description\":\"Noticias de tranporte aereo, turismo, hoteles, gastronomia, actualidad, internacional\",\"potentialAction\":[{\"@type\":\"SearchAction\",\"target\":{\"@type\":\"EntryPoint\",\"urlTemplate\":\"https:\/\/aeronoticias.com.pe\/noticiero\/?s={search_term_string}\"},\"query-input\":{\"@type\":\"PropertyValueSpecification\",\"valueRequired\":true,\"valueName\":\"search_term_string\"}}],\"inLanguage\":\"es\"},{\"@type\":\"Person\",\"@id\":\"https:\/\/aeronoticias.com.pe\/noticiero\/#\/schema\/person\/fc1e5d578f4b62ba1cf7ac2bba1170a0\",\"name\":\"Redacci\u00f3n Aeronoticias\",\"url\":\"https:\/\/aeronoticias.com.pe\/noticiero\/author\/piloto\/\"}]}<\/script>\n<!-- \/ Yoast SEO plugin. -->","yoast_head_json":{"title":"Brasil: Rousseff se comprometi\u00f3 a hacer reformas para mejorar el pa\u00eds","description":"Portal de noticias del Per\u00fa sobre el transporte a\u00e9reo, aviaci\u00f3n, turismo, hoteleria, actualidad.","robots":{"index":"index","follow":"follow","max-snippet":"max-snippet:-1","max-image-preview":"max-image-preview:large","max-video-preview":"max-video-preview:-1"},"canonical":"https:\/\/aeronoticias.com.pe\/noticiero\/internacionales\/brasil-rousseff-se-comprometio-a-hacer-reformas-para-mejorar-el-pais\/","og_locale":"es_ES","og_type":"article","og_title":"Brasil: Rousseff se comprometi\u00f3 a hacer reformas para mejorar el pa\u00eds","og_description":"Portal de noticias del Per\u00fa sobre el transporte a\u00e9reo, aviaci\u00f3n, turismo, hoteleria, actualidad.","og_url":"https:\/\/aeronoticias.com.pe\/noticiero\/internacionales\/brasil-rousseff-se-comprometio-a-hacer-reformas-para-mejorar-el-pais\/","og_site_name":"Aeronoticias.com.pe","article_publisher":"https:\/\/www.facebook.com\/Aeronoticias.com.pe\/","article_published_time":"2013-06-22T12:15:04+00:00","author":"Redacci\u00f3n Aeronoticias","twitter_card":"summary_large_image","twitter_creator":"@aeronoticias","twitter_site":"@aeronoticias","twitter_misc":{"Escrito por":"Redacci\u00f3n Aeronoticias","Tiempo de lectura":"1 minuto"},"schema":{"@context":"https:\/\/schema.org","@graph":[{"@type":"WebPage","@id":"https:\/\/aeronoticias.com.pe\/noticiero\/internacionales\/brasil-rousseff-se-comprometio-a-hacer-reformas-para-mejorar-el-pais\/","url":"https:\/\/aeronoticias.com.pe\/noticiero\/internacionales\/brasil-rousseff-se-comprometio-a-hacer-reformas-para-mejorar-el-pais\/","name":"Brasil: Rousseff se comprometi\u00f3 a hacer reformas para mejorar el pa\u00eds","isPartOf":{"@id":"https:\/\/aeronoticias.com.pe\/noticiero\/#website"},"datePublished":"2013-06-22T12:15:04+00:00","author":{"@id":"https:\/\/aeronoticias.com.pe\/noticiero\/#\/schema\/person\/fc1e5d578f4b62ba1cf7ac2bba1170a0"},"description":"Portal de noticias del Per\u00fa sobre el transporte a\u00e9reo, aviaci\u00f3n, turismo, hoteleria, actualidad.","breadcrumb":{"@id":"https:\/\/aeronoticias.com.pe\/noticiero\/internacionales\/brasil-rousseff-se-comprometio-a-hacer-reformas-para-mejorar-el-pais\/#breadcrumb"},"inLanguage":"es","potentialAction":[{"@type":"ReadAction","target":["https:\/\/aeronoticias.com.pe\/noticiero\/internacionales\/brasil-rousseff-se-comprometio-a-hacer-reformas-para-mejorar-el-pais\/"]}]},{"@type":"BreadcrumbList","@id":"https:\/\/aeronoticias.com.pe\/noticiero\/internacionales\/brasil-rousseff-se-comprometio-a-hacer-reformas-para-mejorar-el-pais\/#breadcrumb","itemListElement":[{"@type":"ListItem","position":1,"name":"Portada","item":"https:\/\/aeronoticias.com.pe\/noticiero\/"},{"@type":"ListItem","position":2,"name":"Brasil: Rousseff se comprometi\u00f3 a hacer reformas para mejorar el pa\u00eds"}]},{"@type":"WebSite","@id":"https:\/\/aeronoticias.com.pe\/noticiero\/#website","url":"https:\/\/aeronoticias.com.pe\/noticiero\/","name":"Aeronoticias.com.pe","description":"Noticias de tranporte aereo, turismo, hoteles, gastronomia, actualidad, internacional","potentialAction":[{"@type":"SearchAction","target":{"@type":"EntryPoint","urlTemplate":"https:\/\/aeronoticias.com.pe\/noticiero\/?s={search_term_string}"},"query-input":{"@type":"PropertyValueSpecification","valueRequired":true,"valueName":"search_term_string"}}],"inLanguage":"es"},{"@type":"Person","@id":"https:\/\/aeronoticias.com.pe\/noticiero\/#\/schema\/person\/fc1e5d578f4b62ba1cf7ac2bba1170a0","name":"Redacci\u00f3n Aeronoticias","url":"https:\/\/aeronoticias.com.pe\/noticiero\/author\/piloto\/"}]}},"_links":{"self":[{"href":"https:\/\/aeronoticias.com.pe\/noticiero\/wp-json\/wp\/v2\/posts\/38068","targetHints":{"allow":["GET"]}}],"collection":[{"href":"https:\/\/aeronoticias.com.pe\/noticiero\/wp-json\/wp\/v2\/posts"}],"about":[{"href":"https:\/\/aeronoticias.com.pe\/noticiero\/wp-json\/wp\/v2\/types\/post"}],"author":[{"embeddable":true,"href":"https:\/\/aeronoticias.com.pe\/noticiero\/wp-json\/wp\/v2\/users\/1"}],"replies":[{"embeddable":true,"href":"https:\/\/aeronoticias.com.pe\/noticiero\/wp-json\/wp\/v2\/comments?post=38068"}],"version-history":[{"count":0,"href":"https:\/\/aeronoticias.com.pe\/noticiero\/wp-json\/wp\/v2\/posts\/38068\/revisions"}],"wp:attachment":[{"href":"https:\/\/aeronoticias.com.pe\/noticiero\/wp-json\/wp\/v2\/media?parent=38068"}],"wp:term":[{"taxonomy":"category","embeddable":true,"href":"https:\/\/aeronoticias.com.pe\/noticiero\/wp-json\/wp\/v2\/categories?post=38068"},{"taxonomy":"post_tag","embeddable":true,"href":"https:\/\/aeronoticias.com.pe\/noticiero\/wp-json\/wp\/v2\/tags?post=38068"}],"curies":[{"name":"wp","href":"https:\/\/api.w.org\/{rel}","templated":true}]}}