{"id":38069,"date":"2013-06-22T12:32:55","date_gmt":"2013-06-22T12:32:55","guid":{"rendered":"http:\/\/desarrollo.mcvicious.com\/aero2020\/2013\/06\/22\/caso-fernenbug-toledo-acudira-al-ministerio-publico-a-declarar\/"},"modified":"2013-06-22T12:32:55","modified_gmt":"2013-06-22T12:32:55","slug":"caso-fernenbug-toledo-acudira-al-ministerio-publico-a-declarar","status":"publish","type":"post","link":"https:\/\/aeronoticias.com.pe\/noticiero\/politica\/caso-fernenbug-toledo-acudira-al-ministerio-publico-a-declarar\/","title":{"rendered":"Caso Fernenbug: Toledo declarar\u00e1 ante el Ministerio P\u00fablico"},"content":{"rendered":"<p style=\"text-align: justify;\"><strong>(Aeronoticias)<\/strong>.- El ex presidente de la Rep\u00fablica, Alejandro Toledo, indic\u00f3 que el pr\u00f3ximo 15 de julio acudir\u00e1 a declarar ante el Ministerio P\u00fablico por el proceso que se le sigue a su suegra, Eva Fernenbug, por las irregularidades de la compra millonaria de inmuebles en el Per\u00fa con dinero extranjero.<\/p>\n<p style=\"text-align: justify;\">En realidad, la cita estaba prevista para el 10 de junio, pero con este anuncio se confirm\u00f3 que el ex jefe de Estado podr\u00e1 participar ya que ha sido reprogramada por \u201ccompromisos personales\u201d que hac\u00edan dif\u00edcil su asistencia.<\/p>\n<p style=\"text-align: justify;\">Por otro lado, la fiscal Elizabeth Parco, titular de la 48 Fiscal\u00eda Penal de Lima, se\u00f1al\u00f3 que el interrogatorio debe llevarse a cabo desde las 9 de la ma\u00f1ana en la sede del Ministerio P\u00fablico en el Centro de Lima.<\/p>\n<div style=\"text-align: justify;\">Con informaci\u00f3n de <em><strong><a href=\"http:\/\/elcomercio.pe\/actualidad\/1593557\/noticia-toledo-declarara-ante-ministerio-publico-15-julio-caso-fernenbug?ft=grid\" target=\"_blank\" rel=\"noopener noreferrer\"><strong>El Comercio<\/strong><\/a>.<\/strong><\/em><\/div>\n<div style=\"text-align: justify;\"><em><strong><img decoding=\"async\" src=\"images\/stories\/13\/06\/220613\/toledo.jpg\" border=\"0\" align=\"left\" \/><br \/><\/strong><\/em><\/div>\n","protected":false},"excerpt":{"rendered":"<p>(Aeronoticias).- El ex presidente de la Rep\u00fablica, Alejandro Toledo, indic\u00f3 que el pr\u00f3ximo 15 de julio acudir\u00e1 a declarar ante el Ministerio P\u00fablico por el proceso que se le sigue a su suegra, Eva Fernenbug, por las irregularidades de la compra millonaria de inmuebles en el Per\u00fa con dinero extranjero. En realidad, la cita estaba [&hellip;]<\/p>\n","protected":false},"author":1,"featured_media":0,"comment_status":"open","ping_status":"open","sticky":false,"template":"","format":"standard","meta":{"tdm_status":"","tdm_grid_status":"","footnotes":""},"categories":[36],"tags":[],"class_list":{"0":"post-38069","1":"post","2":"type-post","3":"status-publish","4":"format-standard","6":"category-politica"},"yoast_head":"<!-- This site is optimized with the Yoast SEO plugin v25.1 - https:\/\/yoast.com\/wordpress\/plugins\/seo\/ -->\n<title>Caso Fernenbug: Toledo declarar\u00e1 ante el Ministerio P\u00fablico<\/title>\n<meta name=\"description\" content=\"Portal de noticias del Per\u00fa sobre el transporte a\u00e9reo, aviaci\u00f3n, turismo, hoteleria, actualidad.\" \/>\n<meta name=\"robots\" content=\"index, follow, max-snippet:-1, max-image-preview:large, max-video-preview:-1\" \/>\n<link rel=\"canonical\" href=\"https:\/\/aeronoticias.com.pe\/noticiero\/politica\/caso-fernenbug-toledo-acudira-al-ministerio-publico-a-declarar\/\" \/>\n<meta property=\"og:locale\" content=\"es_ES\" \/>\n<meta property=\"og:type\" content=\"article\" \/>\n<meta property=\"og:title\" content=\"Caso Fernenbug: Toledo declarar\u00e1 ante el Ministerio P\u00fablico\" \/>\n<meta property=\"og:description\" content=\"Portal de noticias del Per\u00fa sobre el transporte a\u00e9reo, aviaci\u00f3n, turismo, hoteleria, actualidad.\" \/>\n<meta property=\"og:url\" content=\"https:\/\/aeronoticias.com.pe\/noticiero\/politica\/caso-fernenbug-toledo-acudira-al-ministerio-publico-a-declarar\/\" \/>\n<meta property=\"og:site_name\" content=\"Aeronoticias.com.pe\" \/>\n<meta property=\"article:publisher\" content=\"https:\/\/www.facebook.com\/Aeronoticias.com.pe\/\" \/>\n<meta property=\"article:published_time\" content=\"2013-06-22T12:32:55+00:00\" \/>\n<meta name=\"author\" content=\"Redacci\u00f3n Aeronoticias\" \/>\n<meta name=\"twitter:card\" content=\"summary_large_image\" \/>\n<meta name=\"twitter:creator\" content=\"@aeronoticias\" \/>\n<meta name=\"twitter:site\" content=\"@aeronoticias\" \/>\n<meta name=\"twitter:label1\" content=\"Escrito por\" \/>\n\t<meta name=\"twitter:data1\" content=\"Redacci\u00f3n Aeronoticias\" \/>\n\t<meta name=\"twitter:label2\" content=\"Tiempo de lectura\" \/>\n\t<meta name=\"twitter:data2\" content=\"1 minuto\" \/>\n<script type=\"application\/ld+json\" class=\"yoast-schema-graph\">{\"@context\":\"https:\/\/schema.org\",\"@graph\":[{\"@type\":\"WebPage\",\"@id\":\"https:\/\/aeronoticias.com.pe\/noticiero\/politica\/caso-fernenbug-toledo-acudira-al-ministerio-publico-a-declarar\/\",\"url\":\"https:\/\/aeronoticias.com.pe\/noticiero\/politica\/caso-fernenbug-toledo-acudira-al-ministerio-publico-a-declarar\/\",\"name\":\"Caso Fernenbug: Toledo declarar\u00e1 ante el Ministerio P\u00fablico\",\"isPartOf\":{\"@id\":\"https:\/\/aeronoticias.com.pe\/noticiero\/#website\"},\"datePublished\":\"2013-06-22T12:32:55+00:00\",\"author\":{\"@id\":\"https:\/\/aeronoticias.com.pe\/noticiero\/#\/schema\/person\/fc1e5d578f4b62ba1cf7ac2bba1170a0\"},\"description\":\"Portal de noticias del Per\u00fa sobre el transporte a\u00e9reo, aviaci\u00f3n, turismo, hoteleria, actualidad.\",\"breadcrumb\":{\"@id\":\"https:\/\/aeronoticias.com.pe\/noticiero\/politica\/caso-fernenbug-toledo-acudira-al-ministerio-publico-a-declarar\/#breadcrumb\"},\"inLanguage\":\"es\",\"potentialAction\":[{\"@type\":\"ReadAction\",\"target\":[\"https:\/\/aeronoticias.com.pe\/noticiero\/politica\/caso-fernenbug-toledo-acudira-al-ministerio-publico-a-declarar\/\"]}]},{\"@type\":\"BreadcrumbList\",\"@id\":\"https:\/\/aeronoticias.com.pe\/noticiero\/politica\/caso-fernenbug-toledo-acudira-al-ministerio-publico-a-declarar\/#breadcrumb\",\"itemListElement\":[{\"@type\":\"ListItem\",\"position\":1,\"name\":\"Portada\",\"item\":\"https:\/\/aeronoticias.com.pe\/noticiero\/\"},{\"@type\":\"ListItem\",\"position\":2,\"name\":\"Caso Fernenbug: Toledo declarar\u00e1 ante el Ministerio P\u00fablico\"}]},{\"@type\":\"WebSite\",\"@id\":\"https:\/\/aeronoticias.com.pe\/noticiero\/#website\",\"url\":\"https:\/\/aeronoticias.com.pe\/noticiero\/\",\"name\":\"Aeronoticias.com.pe\",\"description\":\"Noticias de tranporte aereo, turismo, hoteles, gastronomia, actualidad, internacional\",\"potentialAction\":[{\"@type\":\"SearchAction\",\"target\":{\"@type\":\"EntryPoint\",\"urlTemplate\":\"https:\/\/aeronoticias.com.pe\/noticiero\/?s={search_term_string}\"},\"query-input\":{\"@type\":\"PropertyValueSpecification\",\"valueRequired\":true,\"valueName\":\"search_term_string\"}}],\"inLanguage\":\"es\"},{\"@type\":\"Person\",\"@id\":\"https:\/\/aeronoticias.com.pe\/noticiero\/#\/schema\/person\/fc1e5d578f4b62ba1cf7ac2bba1170a0\",\"name\":\"Redacci\u00f3n Aeronoticias\",\"url\":\"https:\/\/aeronoticias.com.pe\/noticiero\/author\/piloto\/\"}]}<\/script>\n<!-- \/ Yoast SEO plugin. -->","yoast_head_json":{"title":"Caso Fernenbug: Toledo declarar\u00e1 ante el Ministerio P\u00fablico","description":"Portal de noticias del Per\u00fa sobre el transporte a\u00e9reo, aviaci\u00f3n, turismo, hoteleria, actualidad.","robots":{"index":"index","follow":"follow","max-snippet":"max-snippet:-1","max-image-preview":"max-image-preview:large","max-video-preview":"max-video-preview:-1"},"canonical":"https:\/\/aeronoticias.com.pe\/noticiero\/politica\/caso-fernenbug-toledo-acudira-al-ministerio-publico-a-declarar\/","og_locale":"es_ES","og_type":"article","og_title":"Caso Fernenbug: Toledo declarar\u00e1 ante el Ministerio P\u00fablico","og_description":"Portal de noticias del Per\u00fa sobre el transporte a\u00e9reo, aviaci\u00f3n, turismo, hoteleria, actualidad.","og_url":"https:\/\/aeronoticias.com.pe\/noticiero\/politica\/caso-fernenbug-toledo-acudira-al-ministerio-publico-a-declarar\/","og_site_name":"Aeronoticias.com.pe","article_publisher":"https:\/\/www.facebook.com\/Aeronoticias.com.pe\/","article_published_time":"2013-06-22T12:32:55+00:00","author":"Redacci\u00f3n Aeronoticias","twitter_card":"summary_large_image","twitter_creator":"@aeronoticias","twitter_site":"@aeronoticias","twitter_misc":{"Escrito por":"Redacci\u00f3n Aeronoticias","Tiempo de lectura":"1 minuto"},"schema":{"@context":"https:\/\/schema.org","@graph":[{"@type":"WebPage","@id":"https:\/\/aeronoticias.com.pe\/noticiero\/politica\/caso-fernenbug-toledo-acudira-al-ministerio-publico-a-declarar\/","url":"https:\/\/aeronoticias.com.pe\/noticiero\/politica\/caso-fernenbug-toledo-acudira-al-ministerio-publico-a-declarar\/","name":"Caso Fernenbug: Toledo declarar\u00e1 ante el Ministerio P\u00fablico","isPartOf":{"@id":"https:\/\/aeronoticias.com.pe\/noticiero\/#website"},"datePublished":"2013-06-22T12:32:55+00:00","author":{"@id":"https:\/\/aeronoticias.com.pe\/noticiero\/#\/schema\/person\/fc1e5d578f4b62ba1cf7ac2bba1170a0"},"description":"Portal de noticias del Per\u00fa sobre el transporte a\u00e9reo, aviaci\u00f3n, turismo, hoteleria, actualidad.","breadcrumb":{"@id":"https:\/\/aeronoticias.com.pe\/noticiero\/politica\/caso-fernenbug-toledo-acudira-al-ministerio-publico-a-declarar\/#breadcrumb"},"inLanguage":"es","potentialAction":[{"@type":"ReadAction","target":["https:\/\/aeronoticias.com.pe\/noticiero\/politica\/caso-fernenbug-toledo-acudira-al-ministerio-publico-a-declarar\/"]}]},{"@type":"BreadcrumbList","@id":"https:\/\/aeronoticias.com.pe\/noticiero\/politica\/caso-fernenbug-toledo-acudira-al-ministerio-publico-a-declarar\/#breadcrumb","itemListElement":[{"@type":"ListItem","position":1,"name":"Portada","item":"https:\/\/aeronoticias.com.pe\/noticiero\/"},{"@type":"ListItem","position":2,"name":"Caso Fernenbug: Toledo declarar\u00e1 ante el Ministerio P\u00fablico"}]},{"@type":"WebSite","@id":"https:\/\/aeronoticias.com.pe\/noticiero\/#website","url":"https:\/\/aeronoticias.com.pe\/noticiero\/","name":"Aeronoticias.com.pe","description":"Noticias de tranporte aereo, turismo, hoteles, gastronomia, actualidad, internacional","potentialAction":[{"@type":"SearchAction","target":{"@type":"EntryPoint","urlTemplate":"https:\/\/aeronoticias.com.pe\/noticiero\/?s={search_term_string}"},"query-input":{"@type":"PropertyValueSpecification","valueRequired":true,"valueName":"search_term_string"}}],"inLanguage":"es"},{"@type":"Person","@id":"https:\/\/aeronoticias.com.pe\/noticiero\/#\/schema\/person\/fc1e5d578f4b62ba1cf7ac2bba1170a0","name":"Redacci\u00f3n Aeronoticias","url":"https:\/\/aeronoticias.com.pe\/noticiero\/author\/piloto\/"}]}},"_links":{"self":[{"href":"https:\/\/aeronoticias.com.pe\/noticiero\/wp-json\/wp\/v2\/posts\/38069","targetHints":{"allow":["GET"]}}],"collection":[{"href":"https:\/\/aeronoticias.com.pe\/noticiero\/wp-json\/wp\/v2\/posts"}],"about":[{"href":"https:\/\/aeronoticias.com.pe\/noticiero\/wp-json\/wp\/v2\/types\/post"}],"author":[{"embeddable":true,"href":"https:\/\/aeronoticias.com.pe\/noticiero\/wp-json\/wp\/v2\/users\/1"}],"replies":[{"embeddable":true,"href":"https:\/\/aeronoticias.com.pe\/noticiero\/wp-json\/wp\/v2\/comments?post=38069"}],"version-history":[{"count":0,"href":"https:\/\/aeronoticias.com.pe\/noticiero\/wp-json\/wp\/v2\/posts\/38069\/revisions"}],"wp:attachment":[{"href":"https:\/\/aeronoticias.com.pe\/noticiero\/wp-json\/wp\/v2\/media?parent=38069"}],"wp:term":[{"taxonomy":"category","embeddable":true,"href":"https:\/\/aeronoticias.com.pe\/noticiero\/wp-json\/wp\/v2\/categories?post=38069"},{"taxonomy":"post_tag","embeddable":true,"href":"https:\/\/aeronoticias.com.pe\/noticiero\/wp-json\/wp\/v2\/tags?post=38069"}],"curies":[{"name":"wp","href":"https:\/\/api.w.org\/{rel}","templated":true}]}}