{"id":38070,"date":"2013-06-22T12:08:53","date_gmt":"2013-06-22T12:08:53","guid":{"rendered":"http:\/\/desarrollo.mcvicious.com\/aero2020\/2013\/06\/22\/mexicana-de-aviacion-jueza-evaluara-candidatos-para-reflotar-aerolinea\/"},"modified":"2013-06-22T12:08:53","modified_gmt":"2013-06-22T12:08:53","slug":"mexicana-de-aviacion-jueza-evaluara-candidatos-para-reflotar-aerolinea","status":"publish","type":"post","link":"https:\/\/aeronoticias.com.pe\/noticiero\/transporte-aereo\/internacional\/mexicana-de-aviacion-jueza-evaluara-candidatos-para-reflotar-aerolinea\/","title":{"rendered":"Mexicana de Aviaci\u00f3n: Jueza evaluar\u00e1 candidatos para reflotar aerol\u00ednea"},"content":{"rendered":"<p><strong style=\"text-align: justify;\">(Aeronoticias)<\/strong><span style=\"text-align: justify;\">.- Tras el no-veto del convenio concursal de Mexicana de Aviaci\u00f3n por parte de la secretar\u00eda -ministerio- de Comunicaciones y Transportes del pa\u00eds azteca, la jueza que estudia la resoluci\u00f3n sobre la viabilidad del convenio ahora tiene la responsabilidad de decidir por la suerte de la aerol\u00ednea, en tierra desde 2010.<\/span><\/p>\n<p><span style=\"text-align: justify;\">Y es que el acuerdo judicial revelado recientemente se\u00f1ala que las autoridades del juzgado deber\u00e1 estudiar al inversionista que presente las garant\u00edas necesarias para el reinicio de operaciones bajo las condiciones t\u00e9cnicas, financieras, administrativas y jur\u00eddicas.<\/span><\/p>\n<p><span style=\"text-align: justify;\">En uno de los p\u00e1rrafos del documento, se\u00f1ala que a pesar de que el tiempo transcurrido (2010) no ayuda a la situaci\u00f3n de rescate de la empresa, \u00ab<\/span>la autoridad competente indica que el Ejecutivo federal se ha propuesto como objetivo principal ayudar a los trabajadores y proteger su situaci\u00f3n laboral y econ\u00f3mica, mediante los mecanismos m\u00e1s eficaces a alcance<span style=\"text-align: justify; line-height: 1.3em;\">\u00ab.<\/span><\/p>\n<p><span style=\"text-align: justify;\">Con informaci\u00f3n de <a href=\"http:\/\/www.jornada.unam.mx\/ultimas\/2013\/06\/21\/122113009-el-futuro-de-mexicana-de-aviacion-en-manos-de-jueza\" target=\"_blank\" rel=\"noopener noreferrer\"><strong><em><span style=\"text-decoration: underline;\">La Jornada<\/span><\/em><\/strong><\/a>.<\/span><\/p>\n<p><span style=\"text-align: justify;\"><img decoding=\"async\" src=\"images\/stories\/13\/06\/220613\/mexicana.jpg\" border=\"0\" \/><br \/><\/span><\/p>\n","protected":false},"excerpt":{"rendered":"<p>(Aeronoticias).- Tras el no-veto del convenio concursal de Mexicana de Aviaci\u00f3n por parte de la secretar\u00eda -ministerio- de Comunicaciones y Transportes del pa\u00eds azteca, la jueza que estudia la resoluci\u00f3n sobre la viabilidad del convenio ahora tiene la responsabilidad de decidir por la suerte de la aerol\u00ednea, en tierra desde 2010. Y es que el [&hellip;]<\/p>\n","protected":false},"author":1,"featured_media":0,"comment_status":"open","ping_status":"open","sticky":false,"template":"","format":"standard","meta":{"tdm_status":"","tdm_grid_status":"","footnotes":""},"categories":[32],"tags":[],"class_list":{"0":"post-38070","1":"post","2":"type-post","3":"status-publish","4":"format-standard","6":"category-internacional"},"yoast_head":"<!-- This site is optimized with the Yoast SEO plugin v25.1 - https:\/\/yoast.com\/wordpress\/plugins\/seo\/ -->\n<title>Mexicana de Aviaci\u00f3n: Jueza evaluar\u00e1 candidatos para reflotar aerol\u00ednea<\/title>\n<meta name=\"description\" content=\"Portal de noticias del Per\u00fa sobre el transporte a\u00e9reo, aviaci\u00f3n, turismo, hoteleria, actualidad.\" \/>\n<meta name=\"robots\" content=\"index, follow, max-snippet:-1, max-image-preview:large, max-video-preview:-1\" \/>\n<link rel=\"canonical\" href=\"https:\/\/aeronoticias.com.pe\/noticiero\/transporte-aereo\/internacional\/mexicana-de-aviacion-jueza-evaluara-candidatos-para-reflotar-aerolinea\/\" \/>\n<meta property=\"og:locale\" content=\"es_ES\" \/>\n<meta property=\"og:type\" content=\"article\" \/>\n<meta property=\"og:title\" content=\"Mexicana de Aviaci\u00f3n: Jueza evaluar\u00e1 candidatos para reflotar aerol\u00ednea\" \/>\n<meta property=\"og:description\" content=\"Portal de noticias del Per\u00fa sobre el transporte a\u00e9reo, aviaci\u00f3n, turismo, hoteleria, actualidad.\" \/>\n<meta property=\"og:url\" content=\"https:\/\/aeronoticias.com.pe\/noticiero\/transporte-aereo\/internacional\/mexicana-de-aviacion-jueza-evaluara-candidatos-para-reflotar-aerolinea\/\" \/>\n<meta property=\"og:site_name\" content=\"Aeronoticias.com.pe\" \/>\n<meta property=\"article:publisher\" content=\"https:\/\/www.facebook.com\/Aeronoticias.com.pe\/\" \/>\n<meta property=\"article:published_time\" content=\"2013-06-22T12:08:53+00:00\" \/>\n<meta name=\"author\" content=\"Redacci\u00f3n Aeronoticias\" \/>\n<meta name=\"twitter:card\" content=\"summary_large_image\" \/>\n<meta name=\"twitter:creator\" content=\"@aeronoticias\" \/>\n<meta name=\"twitter:site\" content=\"@aeronoticias\" \/>\n<meta name=\"twitter:label1\" content=\"Escrito por\" \/>\n\t<meta name=\"twitter:data1\" content=\"Redacci\u00f3n Aeronoticias\" \/>\n\t<meta name=\"twitter:label2\" content=\"Tiempo de lectura\" \/>\n\t<meta name=\"twitter:data2\" content=\"1 minuto\" \/>\n<script type=\"application\/ld+json\" class=\"yoast-schema-graph\">{\"@context\":\"https:\/\/schema.org\",\"@graph\":[{\"@type\":\"WebPage\",\"@id\":\"https:\/\/aeronoticias.com.pe\/noticiero\/transporte-aereo\/internacional\/mexicana-de-aviacion-jueza-evaluara-candidatos-para-reflotar-aerolinea\/\",\"url\":\"https:\/\/aeronoticias.com.pe\/noticiero\/transporte-aereo\/internacional\/mexicana-de-aviacion-jueza-evaluara-candidatos-para-reflotar-aerolinea\/\",\"name\":\"Mexicana de Aviaci\u00f3n: Jueza evaluar\u00e1 candidatos para reflotar aerol\u00ednea\",\"isPartOf\":{\"@id\":\"https:\/\/aeronoticias.com.pe\/noticiero\/#website\"},\"datePublished\":\"2013-06-22T12:08:53+00:00\",\"author\":{\"@id\":\"https:\/\/aeronoticias.com.pe\/noticiero\/#\/schema\/person\/fc1e5d578f4b62ba1cf7ac2bba1170a0\"},\"description\":\"Portal de noticias del Per\u00fa sobre el transporte a\u00e9reo, aviaci\u00f3n, turismo, hoteleria, actualidad.\",\"breadcrumb\":{\"@id\":\"https:\/\/aeronoticias.com.pe\/noticiero\/transporte-aereo\/internacional\/mexicana-de-aviacion-jueza-evaluara-candidatos-para-reflotar-aerolinea\/#breadcrumb\"},\"inLanguage\":\"es\",\"potentialAction\":[{\"@type\":\"ReadAction\",\"target\":[\"https:\/\/aeronoticias.com.pe\/noticiero\/transporte-aereo\/internacional\/mexicana-de-aviacion-jueza-evaluara-candidatos-para-reflotar-aerolinea\/\"]}]},{\"@type\":\"BreadcrumbList\",\"@id\":\"https:\/\/aeronoticias.com.pe\/noticiero\/transporte-aereo\/internacional\/mexicana-de-aviacion-jueza-evaluara-candidatos-para-reflotar-aerolinea\/#breadcrumb\",\"itemListElement\":[{\"@type\":\"ListItem\",\"position\":1,\"name\":\"Portada\",\"item\":\"https:\/\/aeronoticias.com.pe\/noticiero\/\"},{\"@type\":\"ListItem\",\"position\":2,\"name\":\"Mexicana de Aviaci\u00f3n: Jueza evaluar\u00e1 candidatos para reflotar aerol\u00ednea\"}]},{\"@type\":\"WebSite\",\"@id\":\"https:\/\/aeronoticias.com.pe\/noticiero\/#website\",\"url\":\"https:\/\/aeronoticias.com.pe\/noticiero\/\",\"name\":\"Aeronoticias.com.pe\",\"description\":\"Noticias de tranporte aereo, turismo, hoteles, gastronomia, actualidad, internacional\",\"potentialAction\":[{\"@type\":\"SearchAction\",\"target\":{\"@type\":\"EntryPoint\",\"urlTemplate\":\"https:\/\/aeronoticias.com.pe\/noticiero\/?s={search_term_string}\"},\"query-input\":{\"@type\":\"PropertyValueSpecification\",\"valueRequired\":true,\"valueName\":\"search_term_string\"}}],\"inLanguage\":\"es\"},{\"@type\":\"Person\",\"@id\":\"https:\/\/aeronoticias.com.pe\/noticiero\/#\/schema\/person\/fc1e5d578f4b62ba1cf7ac2bba1170a0\",\"name\":\"Redacci\u00f3n Aeronoticias\",\"url\":\"https:\/\/aeronoticias.com.pe\/noticiero\/author\/piloto\/\"}]}<\/script>\n<!-- \/ Yoast SEO plugin. -->","yoast_head_json":{"title":"Mexicana de Aviaci\u00f3n: Jueza evaluar\u00e1 candidatos para reflotar aerol\u00ednea","description":"Portal de noticias del Per\u00fa sobre el transporte a\u00e9reo, aviaci\u00f3n, turismo, hoteleria, actualidad.","robots":{"index":"index","follow":"follow","max-snippet":"max-snippet:-1","max-image-preview":"max-image-preview:large","max-video-preview":"max-video-preview:-1"},"canonical":"https:\/\/aeronoticias.com.pe\/noticiero\/transporte-aereo\/internacional\/mexicana-de-aviacion-jueza-evaluara-candidatos-para-reflotar-aerolinea\/","og_locale":"es_ES","og_type":"article","og_title":"Mexicana de Aviaci\u00f3n: Jueza evaluar\u00e1 candidatos para reflotar aerol\u00ednea","og_description":"Portal de noticias del Per\u00fa sobre el transporte a\u00e9reo, aviaci\u00f3n, turismo, hoteleria, actualidad.","og_url":"https:\/\/aeronoticias.com.pe\/noticiero\/transporte-aereo\/internacional\/mexicana-de-aviacion-jueza-evaluara-candidatos-para-reflotar-aerolinea\/","og_site_name":"Aeronoticias.com.pe","article_publisher":"https:\/\/www.facebook.com\/Aeronoticias.com.pe\/","article_published_time":"2013-06-22T12:08:53+00:00","author":"Redacci\u00f3n Aeronoticias","twitter_card":"summary_large_image","twitter_creator":"@aeronoticias","twitter_site":"@aeronoticias","twitter_misc":{"Escrito por":"Redacci\u00f3n Aeronoticias","Tiempo de lectura":"1 minuto"},"schema":{"@context":"https:\/\/schema.org","@graph":[{"@type":"WebPage","@id":"https:\/\/aeronoticias.com.pe\/noticiero\/transporte-aereo\/internacional\/mexicana-de-aviacion-jueza-evaluara-candidatos-para-reflotar-aerolinea\/","url":"https:\/\/aeronoticias.com.pe\/noticiero\/transporte-aereo\/internacional\/mexicana-de-aviacion-jueza-evaluara-candidatos-para-reflotar-aerolinea\/","name":"Mexicana de Aviaci\u00f3n: Jueza evaluar\u00e1 candidatos para reflotar aerol\u00ednea","isPartOf":{"@id":"https:\/\/aeronoticias.com.pe\/noticiero\/#website"},"datePublished":"2013-06-22T12:08:53+00:00","author":{"@id":"https:\/\/aeronoticias.com.pe\/noticiero\/#\/schema\/person\/fc1e5d578f4b62ba1cf7ac2bba1170a0"},"description":"Portal de noticias del Per\u00fa sobre el transporte a\u00e9reo, aviaci\u00f3n, turismo, hoteleria, actualidad.","breadcrumb":{"@id":"https:\/\/aeronoticias.com.pe\/noticiero\/transporte-aereo\/internacional\/mexicana-de-aviacion-jueza-evaluara-candidatos-para-reflotar-aerolinea\/#breadcrumb"},"inLanguage":"es","potentialAction":[{"@type":"ReadAction","target":["https:\/\/aeronoticias.com.pe\/noticiero\/transporte-aereo\/internacional\/mexicana-de-aviacion-jueza-evaluara-candidatos-para-reflotar-aerolinea\/"]}]},{"@type":"BreadcrumbList","@id":"https:\/\/aeronoticias.com.pe\/noticiero\/transporte-aereo\/internacional\/mexicana-de-aviacion-jueza-evaluara-candidatos-para-reflotar-aerolinea\/#breadcrumb","itemListElement":[{"@type":"ListItem","position":1,"name":"Portada","item":"https:\/\/aeronoticias.com.pe\/noticiero\/"},{"@type":"ListItem","position":2,"name":"Mexicana de Aviaci\u00f3n: Jueza evaluar\u00e1 candidatos para reflotar aerol\u00ednea"}]},{"@type":"WebSite","@id":"https:\/\/aeronoticias.com.pe\/noticiero\/#website","url":"https:\/\/aeronoticias.com.pe\/noticiero\/","name":"Aeronoticias.com.pe","description":"Noticias de tranporte aereo, turismo, hoteles, gastronomia, actualidad, internacional","potentialAction":[{"@type":"SearchAction","target":{"@type":"EntryPoint","urlTemplate":"https:\/\/aeronoticias.com.pe\/noticiero\/?s={search_term_string}"},"query-input":{"@type":"PropertyValueSpecification","valueRequired":true,"valueName":"search_term_string"}}],"inLanguage":"es"},{"@type":"Person","@id":"https:\/\/aeronoticias.com.pe\/noticiero\/#\/schema\/person\/fc1e5d578f4b62ba1cf7ac2bba1170a0","name":"Redacci\u00f3n Aeronoticias","url":"https:\/\/aeronoticias.com.pe\/noticiero\/author\/piloto\/"}]}},"_links":{"self":[{"href":"https:\/\/aeronoticias.com.pe\/noticiero\/wp-json\/wp\/v2\/posts\/38070","targetHints":{"allow":["GET"]}}],"collection":[{"href":"https:\/\/aeronoticias.com.pe\/noticiero\/wp-json\/wp\/v2\/posts"}],"about":[{"href":"https:\/\/aeronoticias.com.pe\/noticiero\/wp-json\/wp\/v2\/types\/post"}],"author":[{"embeddable":true,"href":"https:\/\/aeronoticias.com.pe\/noticiero\/wp-json\/wp\/v2\/users\/1"}],"replies":[{"embeddable":true,"href":"https:\/\/aeronoticias.com.pe\/noticiero\/wp-json\/wp\/v2\/comments?post=38070"}],"version-history":[{"count":0,"href":"https:\/\/aeronoticias.com.pe\/noticiero\/wp-json\/wp\/v2\/posts\/38070\/revisions"}],"wp:attachment":[{"href":"https:\/\/aeronoticias.com.pe\/noticiero\/wp-json\/wp\/v2\/media?parent=38070"}],"wp:term":[{"taxonomy":"category","embeddable":true,"href":"https:\/\/aeronoticias.com.pe\/noticiero\/wp-json\/wp\/v2\/categories?post=38070"},{"taxonomy":"post_tag","embeddable":true,"href":"https:\/\/aeronoticias.com.pe\/noticiero\/wp-json\/wp\/v2\/tags?post=38070"}],"curies":[{"name":"wp","href":"https:\/\/api.w.org\/{rel}","templated":true}]}}