{"id":38071,"date":"2013-06-22T13:00:34","date_gmt":"2013-06-22T13:00:34","guid":{"rendered":"http:\/\/desarrollo.mcvicious.com\/aero2020\/2013\/06\/22\/india-asciende-a-550-el-numero-de-muertos-tras-varios-dias-de-lluvias\/"},"modified":"2013-06-22T13:00:34","modified_gmt":"2013-06-22T13:00:34","slug":"india-asciende-a-550-el-numero-de-muertos-tras-varios-dias-de-lluvias","status":"publish","type":"post","link":"https:\/\/aeronoticias.com.pe\/noticiero\/internacionales\/india-asciende-a-550-el-numero-de-muertos-tras-varios-dias-de-lluvias\/","title":{"rendered":"India: Asciende a 550 el n\u00famero de muertos tras varios d\u00edas de lluvias"},"content":{"rendered":"<p>\u00a0<\/p>\n<p style=\"text-align: justify;\"><span style=\"line-height: 1.3em;\"><strong>(Aeronoticias)<\/strong>.- Centenares de v\u00edctimas y decenas de miles de desaparecidos tras las inundaciones en diversas regiones de India fueron descubiertos, seg\u00fan indic\u00f3 Vijay Bahaguna, jefe de gobierno de Uttarakhand, el estado m\u00e1s afectado.<\/span><\/p>\n<p style=\"text-align: justify;\">Por su parte, el vocero del gobierno de Uttrakhand, Amit Chandola, sostuvo que la operaci\u00f3n de rescate se centr\u00f3 en evacuar a casi 27.000 personas atrapadas en el \u00e1rea de templos de Kedarnath, uno de los templos hinduistas m\u00e1s sagrados dedicados al dios Shiva, en la c\u00faspide de Garhwal, en la cadena del Himalaya.<\/p>\n<p style=\"text-align: justify;\">En tanto, hasta el momento fueron evacuadas 73.000 personas, pero podr\u00edan pasar hasta dos semanas hasta que sean evacuadas todas, subrayaron las autoridades. Se cree que las lluvias del monz\u00f3n podr\u00edan haber causado dicha cat\u00e1strofe, pero no se podr\u00eda asegurar que esta sea la \u00fanica causa.<\/p>\n<div style=\"text-align: justify;\">Con informaci\u00f3n de <a href=\"http:\/\/www.lacapital.com.ar\/informacion-gral\/Las-lluvias-monzonicas-dejan-mas-de-550-muertos-en-India-20130622-0015.html\" target=\"_blank\" rel=\"noopener noreferrer\"><span style=\"text-decoration: underline;\"><em><strong>La Capital<\/strong><\/em><\/span><\/a>.<\/div>\n<div style=\"text-align: justify;\"><img decoding=\"async\" src=\"images\/stories\/13\/06\/220613\/lluvias.jpg\" border=\"0\" align=\"left\" \/><\/div>\n<p>\u00a0<\/p>\n","protected":false},"excerpt":{"rendered":"<p>\u00a0 (Aeronoticias).- Centenares de v\u00edctimas y decenas de miles de desaparecidos tras las inundaciones en diversas regiones de India fueron descubiertos, seg\u00fan indic\u00f3 Vijay Bahaguna, jefe de gobierno de Uttarakhand, el estado m\u00e1s afectado. Por su parte, el vocero del gobierno de Uttrakhand, Amit Chandola, sostuvo que la operaci\u00f3n de rescate se centr\u00f3 en evacuar [&hellip;]<\/p>\n","protected":false},"author":1,"featured_media":0,"comment_status":"open","ping_status":"open","sticky":false,"template":"","format":"standard","meta":{"tdm_status":"","tdm_grid_status":"","footnotes":""},"categories":[34],"tags":[],"class_list":{"0":"post-38071","1":"post","2":"type-post","3":"status-publish","4":"format-standard","6":"category-internacionales"},"yoast_head":"<!-- This site is optimized with the Yoast SEO plugin v25.1 - https:\/\/yoast.com\/wordpress\/plugins\/seo\/ -->\n<title>India: Asciende a 550 el n\u00famero de muertos tras varios d\u00edas de lluvias<\/title>\n<meta name=\"description\" content=\"Portal de noticias del Per\u00fa sobre el transporte a\u00e9reo, aviaci\u00f3n, turismo, hoteleria, actualidad.\" \/>\n<meta name=\"robots\" content=\"index, follow, max-snippet:-1, max-image-preview:large, max-video-preview:-1\" \/>\n<link rel=\"canonical\" href=\"https:\/\/aeronoticias.com.pe\/noticiero\/internacionales\/india-asciende-a-550-el-numero-de-muertos-tras-varios-dias-de-lluvias\/\" \/>\n<meta property=\"og:locale\" content=\"es_ES\" \/>\n<meta property=\"og:type\" content=\"article\" \/>\n<meta property=\"og:title\" content=\"India: Asciende a 550 el n\u00famero de muertos tras varios d\u00edas de lluvias\" \/>\n<meta property=\"og:description\" content=\"Portal de noticias del Per\u00fa sobre el transporte a\u00e9reo, aviaci\u00f3n, turismo, hoteleria, actualidad.\" \/>\n<meta property=\"og:url\" content=\"https:\/\/aeronoticias.com.pe\/noticiero\/internacionales\/india-asciende-a-550-el-numero-de-muertos-tras-varios-dias-de-lluvias\/\" \/>\n<meta property=\"og:site_name\" content=\"Aeronoticias.com.pe\" \/>\n<meta property=\"article:publisher\" content=\"https:\/\/www.facebook.com\/Aeronoticias.com.pe\/\" \/>\n<meta property=\"article:published_time\" content=\"2013-06-22T13:00:34+00:00\" \/>\n<meta name=\"author\" content=\"Redacci\u00f3n Aeronoticias\" \/>\n<meta name=\"twitter:card\" content=\"summary_large_image\" \/>\n<meta name=\"twitter:creator\" content=\"@aeronoticias\" \/>\n<meta name=\"twitter:site\" content=\"@aeronoticias\" \/>\n<meta name=\"twitter:label1\" content=\"Escrito por\" \/>\n\t<meta name=\"twitter:data1\" content=\"Redacci\u00f3n Aeronoticias\" \/>\n\t<meta name=\"twitter:label2\" content=\"Tiempo de lectura\" \/>\n\t<meta name=\"twitter:data2\" content=\"1 minuto\" \/>\n<script type=\"application\/ld+json\" class=\"yoast-schema-graph\">{\"@context\":\"https:\/\/schema.org\",\"@graph\":[{\"@type\":\"WebPage\",\"@id\":\"https:\/\/aeronoticias.com.pe\/noticiero\/internacionales\/india-asciende-a-550-el-numero-de-muertos-tras-varios-dias-de-lluvias\/\",\"url\":\"https:\/\/aeronoticias.com.pe\/noticiero\/internacionales\/india-asciende-a-550-el-numero-de-muertos-tras-varios-dias-de-lluvias\/\",\"name\":\"India: Asciende a 550 el n\u00famero de muertos tras varios d\u00edas de lluvias\",\"isPartOf\":{\"@id\":\"https:\/\/aeronoticias.com.pe\/noticiero\/#website\"},\"datePublished\":\"2013-06-22T13:00:34+00:00\",\"author\":{\"@id\":\"https:\/\/aeronoticias.com.pe\/noticiero\/#\/schema\/person\/fc1e5d578f4b62ba1cf7ac2bba1170a0\"},\"description\":\"Portal de noticias del Per\u00fa sobre el transporte a\u00e9reo, aviaci\u00f3n, turismo, hoteleria, actualidad.\",\"breadcrumb\":{\"@id\":\"https:\/\/aeronoticias.com.pe\/noticiero\/internacionales\/india-asciende-a-550-el-numero-de-muertos-tras-varios-dias-de-lluvias\/#breadcrumb\"},\"inLanguage\":\"es\",\"potentialAction\":[{\"@type\":\"ReadAction\",\"target\":[\"https:\/\/aeronoticias.com.pe\/noticiero\/internacionales\/india-asciende-a-550-el-numero-de-muertos-tras-varios-dias-de-lluvias\/\"]}]},{\"@type\":\"BreadcrumbList\",\"@id\":\"https:\/\/aeronoticias.com.pe\/noticiero\/internacionales\/india-asciende-a-550-el-numero-de-muertos-tras-varios-dias-de-lluvias\/#breadcrumb\",\"itemListElement\":[{\"@type\":\"ListItem\",\"position\":1,\"name\":\"Portada\",\"item\":\"https:\/\/aeronoticias.com.pe\/noticiero\/\"},{\"@type\":\"ListItem\",\"position\":2,\"name\":\"India: Asciende a 550 el n\u00famero de muertos tras varios d\u00edas de lluvias\"}]},{\"@type\":\"WebSite\",\"@id\":\"https:\/\/aeronoticias.com.pe\/noticiero\/#website\",\"url\":\"https:\/\/aeronoticias.com.pe\/noticiero\/\",\"name\":\"Aeronoticias.com.pe\",\"description\":\"Noticias de tranporte aereo, turismo, hoteles, gastronomia, actualidad, internacional\",\"potentialAction\":[{\"@type\":\"SearchAction\",\"target\":{\"@type\":\"EntryPoint\",\"urlTemplate\":\"https:\/\/aeronoticias.com.pe\/noticiero\/?s={search_term_string}\"},\"query-input\":{\"@type\":\"PropertyValueSpecification\",\"valueRequired\":true,\"valueName\":\"search_term_string\"}}],\"inLanguage\":\"es\"},{\"@type\":\"Person\",\"@id\":\"https:\/\/aeronoticias.com.pe\/noticiero\/#\/schema\/person\/fc1e5d578f4b62ba1cf7ac2bba1170a0\",\"name\":\"Redacci\u00f3n Aeronoticias\",\"url\":\"https:\/\/aeronoticias.com.pe\/noticiero\/author\/piloto\/\"}]}<\/script>\n<!-- \/ Yoast SEO plugin. -->","yoast_head_json":{"title":"India: Asciende a 550 el n\u00famero de muertos tras varios d\u00edas de lluvias","description":"Portal de noticias del Per\u00fa sobre el transporte a\u00e9reo, aviaci\u00f3n, turismo, hoteleria, actualidad.","robots":{"index":"index","follow":"follow","max-snippet":"max-snippet:-1","max-image-preview":"max-image-preview:large","max-video-preview":"max-video-preview:-1"},"canonical":"https:\/\/aeronoticias.com.pe\/noticiero\/internacionales\/india-asciende-a-550-el-numero-de-muertos-tras-varios-dias-de-lluvias\/","og_locale":"es_ES","og_type":"article","og_title":"India: Asciende a 550 el n\u00famero de muertos tras varios d\u00edas de lluvias","og_description":"Portal de noticias del Per\u00fa sobre el transporte a\u00e9reo, aviaci\u00f3n, turismo, hoteleria, actualidad.","og_url":"https:\/\/aeronoticias.com.pe\/noticiero\/internacionales\/india-asciende-a-550-el-numero-de-muertos-tras-varios-dias-de-lluvias\/","og_site_name":"Aeronoticias.com.pe","article_publisher":"https:\/\/www.facebook.com\/Aeronoticias.com.pe\/","article_published_time":"2013-06-22T13:00:34+00:00","author":"Redacci\u00f3n Aeronoticias","twitter_card":"summary_large_image","twitter_creator":"@aeronoticias","twitter_site":"@aeronoticias","twitter_misc":{"Escrito por":"Redacci\u00f3n Aeronoticias","Tiempo de lectura":"1 minuto"},"schema":{"@context":"https:\/\/schema.org","@graph":[{"@type":"WebPage","@id":"https:\/\/aeronoticias.com.pe\/noticiero\/internacionales\/india-asciende-a-550-el-numero-de-muertos-tras-varios-dias-de-lluvias\/","url":"https:\/\/aeronoticias.com.pe\/noticiero\/internacionales\/india-asciende-a-550-el-numero-de-muertos-tras-varios-dias-de-lluvias\/","name":"India: Asciende a 550 el n\u00famero de muertos tras varios d\u00edas de lluvias","isPartOf":{"@id":"https:\/\/aeronoticias.com.pe\/noticiero\/#website"},"datePublished":"2013-06-22T13:00:34+00:00","author":{"@id":"https:\/\/aeronoticias.com.pe\/noticiero\/#\/schema\/person\/fc1e5d578f4b62ba1cf7ac2bba1170a0"},"description":"Portal de noticias del Per\u00fa sobre el transporte a\u00e9reo, aviaci\u00f3n, turismo, hoteleria, actualidad.","breadcrumb":{"@id":"https:\/\/aeronoticias.com.pe\/noticiero\/internacionales\/india-asciende-a-550-el-numero-de-muertos-tras-varios-dias-de-lluvias\/#breadcrumb"},"inLanguage":"es","potentialAction":[{"@type":"ReadAction","target":["https:\/\/aeronoticias.com.pe\/noticiero\/internacionales\/india-asciende-a-550-el-numero-de-muertos-tras-varios-dias-de-lluvias\/"]}]},{"@type":"BreadcrumbList","@id":"https:\/\/aeronoticias.com.pe\/noticiero\/internacionales\/india-asciende-a-550-el-numero-de-muertos-tras-varios-dias-de-lluvias\/#breadcrumb","itemListElement":[{"@type":"ListItem","position":1,"name":"Portada","item":"https:\/\/aeronoticias.com.pe\/noticiero\/"},{"@type":"ListItem","position":2,"name":"India: Asciende a 550 el n\u00famero de muertos tras varios d\u00edas de lluvias"}]},{"@type":"WebSite","@id":"https:\/\/aeronoticias.com.pe\/noticiero\/#website","url":"https:\/\/aeronoticias.com.pe\/noticiero\/","name":"Aeronoticias.com.pe","description":"Noticias de tranporte aereo, turismo, hoteles, gastronomia, actualidad, internacional","potentialAction":[{"@type":"SearchAction","target":{"@type":"EntryPoint","urlTemplate":"https:\/\/aeronoticias.com.pe\/noticiero\/?s={search_term_string}"},"query-input":{"@type":"PropertyValueSpecification","valueRequired":true,"valueName":"search_term_string"}}],"inLanguage":"es"},{"@type":"Person","@id":"https:\/\/aeronoticias.com.pe\/noticiero\/#\/schema\/person\/fc1e5d578f4b62ba1cf7ac2bba1170a0","name":"Redacci\u00f3n Aeronoticias","url":"https:\/\/aeronoticias.com.pe\/noticiero\/author\/piloto\/"}]}},"_links":{"self":[{"href":"https:\/\/aeronoticias.com.pe\/noticiero\/wp-json\/wp\/v2\/posts\/38071","targetHints":{"allow":["GET"]}}],"collection":[{"href":"https:\/\/aeronoticias.com.pe\/noticiero\/wp-json\/wp\/v2\/posts"}],"about":[{"href":"https:\/\/aeronoticias.com.pe\/noticiero\/wp-json\/wp\/v2\/types\/post"}],"author":[{"embeddable":true,"href":"https:\/\/aeronoticias.com.pe\/noticiero\/wp-json\/wp\/v2\/users\/1"}],"replies":[{"embeddable":true,"href":"https:\/\/aeronoticias.com.pe\/noticiero\/wp-json\/wp\/v2\/comments?post=38071"}],"version-history":[{"count":0,"href":"https:\/\/aeronoticias.com.pe\/noticiero\/wp-json\/wp\/v2\/posts\/38071\/revisions"}],"wp:attachment":[{"href":"https:\/\/aeronoticias.com.pe\/noticiero\/wp-json\/wp\/v2\/media?parent=38071"}],"wp:term":[{"taxonomy":"category","embeddable":true,"href":"https:\/\/aeronoticias.com.pe\/noticiero\/wp-json\/wp\/v2\/categories?post=38071"},{"taxonomy":"post_tag","embeddable":true,"href":"https:\/\/aeronoticias.com.pe\/noticiero\/wp-json\/wp\/v2\/tags?post=38071"}],"curies":[{"name":"wp","href":"https:\/\/api.w.org\/{rel}","templated":true}]}}