{"id":38193,"date":"2013-06-27T14:57:52","date_gmt":"2013-06-27T14:57:52","guid":{"rendered":"http:\/\/desarrollo.mcvicious.com\/aero2020\/2013\/06\/27\/se-llevo-a-cabo-el-primer-festival-gastronomico-peruano-en-honduras\/"},"modified":"2013-06-27T14:57:52","modified_gmt":"2013-06-27T14:57:52","slug":"se-llevo-a-cabo-el-primer-festival-gastronomico-peruano-en-honduras","status":"publish","type":"post","link":"https:\/\/aeronoticias.com.pe\/noticiero\/turismo\/gastronomia\/se-llevo-a-cabo-el-primer-festival-gastronomico-peruano-en-honduras\/","title":{"rendered":"Se llev\u00f3 a cabo el Primer Festival Gastron\u00f3mico Peruano en Honduras"},"content":{"rendered":"<p style=\"text-align: justify;\"><strong>(Aeronoticias) <\/strong><span style=\"line-height: 1.3em;\">El Primer Festival Gastron\u00f3mico Peruano en Honduras fue inaugurado esta semana por el embajador de Per\u00fa en Tegucigalpa,Guillermo Gonz\u00e1lez Arica, quien dijo que se est\u00e1 celebrando \u201cun a\u00f1o extraordinario de la culinaria\u201d de su pa\u00eds \u201cen el mundo\u201d.<\/span><\/p>\n<p style=\"text-align: justify;\">El festival, que fue inaugurado en un reconocido hotel de la capital hondure\u00f1a, ofrecer\u00e1 hasta el pr\u00f3ximo domingo una amplia degustaci\u00f3n de platillos de la cocina peruana, indic\u00f3 el diplom\u00e1tico.<\/p>\n<p style=\"text-align: justify;\">A la inauguraci\u00f3n asistieron funcionarios del Gobierno de Honduras,empresarios, intelectuales, diplom\u00e1ticos y representantes de otros sectores sociales.<\/p>\n<p style=\"text-align: justify;\">Gonz\u00e1lez record\u00f3 que la comida peruana es fruto de un mestizaje, de una multiculturalidad, de la gran diversidad de sus ingredientes cultivados en un pa\u00eds que tiene 89 de los 114 climas del mundo. \u201cLa comida peruana es fruto de varias influencias y migraciones como la europea, mediterr\u00e1nea, africana y asi\u00e1tica\u201d, agreg\u00f3.<\/p>\n<p style=\"text-align: justify;\"><span style=\"line-height: 1.3em;\">El embajador del pa\u00eds sudamericano tambi\u00e9n inform\u00f3 que habr\u00e1 otros festivales gastron\u00f3micos peruanos y que en setiembre pr\u00f3ximo, en coordinaci\u00f3n con la C\u00e1mara Nacional de Turismo, se celebrar\u00e1 el primero en San Pedro Sula, norte, la segunda ciudad m\u00e1s importante de Honduras.<\/span><\/p>\n<p style=\"text-align: justify;\">Seg\u00fan indic\u00f3 Gonz\u00e1lez, la comida peruana ha llegado a Tegucigalpa para seducir y conquistar sus paladares.<\/p>\n<p style=\"text-align: justify;\">El festival gastron\u00f3mico ofrecer\u00e1 entre otros platillos cebiches, pulpo grillado en salsa de olivo y huanca\u00edna; empanadas de aj\u00ed de gallina,minianticuchos con salsa anticuchera y langostinos apanados con quinua y ocopa.<\/p>\n<p style=\"text-align: justify;\"><span style=\"line-height: 1.3em;\">Se suman lomo saltado, chupe de camarones y arroz con mariscos a la norte\u00f1a, acompa\u00f1ados de pisco, bebida peruana con denominaci\u00f3n de origen, y algunos postres como el suspiro a la lime\u00f1a, natilla de chirimoya y l\u00facuma, y sorbetes de chicha morada. Fuente: EFE<\/span><\/p>\n<p style=\"text-align: justify;\"><span style=\"line-height: 1.3em;\"><img decoding=\"async\" src=\"images\/stories\/13\/06\/270613\/amariscos.jpg\" border=\"0\" \/><img decoding=\"async\" src=\"Se llev\u00f3 a cabo el Primer Festival Gastron\u00f3mico Peruano en Honduras\" border=\"0\" alt=\"Se llev\u00f3 a cabo el Primer Festival Gastron\u00f3mico Peruano en Honduras\" \/><br \/><\/span><\/p>\n","protected":false},"excerpt":{"rendered":"<p>(Aeronoticias) El Primer Festival Gastron\u00f3mico Peruano en Honduras fue inaugurado esta semana por el embajador de Per\u00fa en Tegucigalpa,Guillermo Gonz\u00e1lez Arica, quien dijo que se est\u00e1 celebrando \u201cun a\u00f1o extraordinario de la culinaria\u201d de su pa\u00eds \u201cen el mundo\u201d. El festival, que fue inaugurado en un reconocido hotel de la capital hondure\u00f1a, ofrecer\u00e1 hasta el [&hellip;]<\/p>\n","protected":false},"author":1,"featured_media":0,"comment_status":"open","ping_status":"open","sticky":false,"template":"","format":"standard","meta":{"tdm_status":"","tdm_grid_status":"","footnotes":""},"categories":[49],"tags":[],"class_list":{"0":"post-38193","1":"post","2":"type-post","3":"status-publish","4":"format-standard","6":"category-gastronomia"},"yoast_head":"<!-- This site is optimized with the Yoast SEO plugin v25.1 - https:\/\/yoast.com\/wordpress\/plugins\/seo\/ -->\n<title>Se llev\u00f3 a cabo el Primer Festival Gastron\u00f3mico Peruano en Honduras<\/title>\n<meta name=\"description\" content=\"Portal de noticias del Per\u00fa sobre el transporte a\u00e9reo, aviaci\u00f3n, turismo, hoteleria, actualidad.\" \/>\n<meta name=\"robots\" content=\"index, follow, max-snippet:-1, max-image-preview:large, max-video-preview:-1\" \/>\n<link rel=\"canonical\" href=\"https:\/\/aeronoticias.com.pe\/noticiero\/turismo\/gastronomia\/se-llevo-a-cabo-el-primer-festival-gastronomico-peruano-en-honduras\/\" \/>\n<meta property=\"og:locale\" content=\"es_ES\" \/>\n<meta property=\"og:type\" content=\"article\" \/>\n<meta property=\"og:title\" content=\"Se llev\u00f3 a cabo el Primer Festival Gastron\u00f3mico Peruano en Honduras\" \/>\n<meta property=\"og:description\" content=\"Portal de noticias del Per\u00fa sobre el transporte a\u00e9reo, aviaci\u00f3n, turismo, hoteleria, actualidad.\" \/>\n<meta property=\"og:url\" content=\"https:\/\/aeronoticias.com.pe\/noticiero\/turismo\/gastronomia\/se-llevo-a-cabo-el-primer-festival-gastronomico-peruano-en-honduras\/\" \/>\n<meta property=\"og:site_name\" content=\"Aeronoticias.com.pe\" \/>\n<meta property=\"article:publisher\" content=\"https:\/\/www.facebook.com\/Aeronoticias.com.pe\/\" \/>\n<meta property=\"article:published_time\" content=\"2013-06-27T14:57:52+00:00\" \/>\n<meta name=\"author\" content=\"Redacci\u00f3n Aeronoticias\" \/>\n<meta name=\"twitter:card\" content=\"summary_large_image\" \/>\n<meta name=\"twitter:creator\" content=\"@aeronoticias\" \/>\n<meta name=\"twitter:site\" content=\"@aeronoticias\" \/>\n<meta name=\"twitter:label1\" content=\"Escrito por\" \/>\n\t<meta name=\"twitter:data1\" content=\"Redacci\u00f3n Aeronoticias\" \/>\n\t<meta name=\"twitter:label2\" content=\"Tiempo de lectura\" \/>\n\t<meta name=\"twitter:data2\" content=\"2 minutos\" \/>\n<script type=\"application\/ld+json\" class=\"yoast-schema-graph\">{\"@context\":\"https:\/\/schema.org\",\"@graph\":[{\"@type\":\"WebPage\",\"@id\":\"https:\/\/aeronoticias.com.pe\/noticiero\/turismo\/gastronomia\/se-llevo-a-cabo-el-primer-festival-gastronomico-peruano-en-honduras\/\",\"url\":\"https:\/\/aeronoticias.com.pe\/noticiero\/turismo\/gastronomia\/se-llevo-a-cabo-el-primer-festival-gastronomico-peruano-en-honduras\/\",\"name\":\"Se llev\u00f3 a cabo el Primer Festival Gastron\u00f3mico Peruano en Honduras\",\"isPartOf\":{\"@id\":\"https:\/\/aeronoticias.com.pe\/noticiero\/#website\"},\"datePublished\":\"2013-06-27T14:57:52+00:00\",\"author\":{\"@id\":\"https:\/\/aeronoticias.com.pe\/noticiero\/#\/schema\/person\/fc1e5d578f4b62ba1cf7ac2bba1170a0\"},\"description\":\"Portal de noticias del Per\u00fa sobre el transporte a\u00e9reo, aviaci\u00f3n, turismo, hoteleria, actualidad.\",\"breadcrumb\":{\"@id\":\"https:\/\/aeronoticias.com.pe\/noticiero\/turismo\/gastronomia\/se-llevo-a-cabo-el-primer-festival-gastronomico-peruano-en-honduras\/#breadcrumb\"},\"inLanguage\":\"es\",\"potentialAction\":[{\"@type\":\"ReadAction\",\"target\":[\"https:\/\/aeronoticias.com.pe\/noticiero\/turismo\/gastronomia\/se-llevo-a-cabo-el-primer-festival-gastronomico-peruano-en-honduras\/\"]}]},{\"@type\":\"BreadcrumbList\",\"@id\":\"https:\/\/aeronoticias.com.pe\/noticiero\/turismo\/gastronomia\/se-llevo-a-cabo-el-primer-festival-gastronomico-peruano-en-honduras\/#breadcrumb\",\"itemListElement\":[{\"@type\":\"ListItem\",\"position\":1,\"name\":\"Portada\",\"item\":\"https:\/\/aeronoticias.com.pe\/noticiero\/\"},{\"@type\":\"ListItem\",\"position\":2,\"name\":\"Se llev\u00f3 a cabo el Primer Festival Gastron\u00f3mico Peruano en Honduras\"}]},{\"@type\":\"WebSite\",\"@id\":\"https:\/\/aeronoticias.com.pe\/noticiero\/#website\",\"url\":\"https:\/\/aeronoticias.com.pe\/noticiero\/\",\"name\":\"Aeronoticias.com.pe\",\"description\":\"Noticias de tranporte aereo, turismo, hoteles, gastronomia, actualidad, internacional\",\"potentialAction\":[{\"@type\":\"SearchAction\",\"target\":{\"@type\":\"EntryPoint\",\"urlTemplate\":\"https:\/\/aeronoticias.com.pe\/noticiero\/?s={search_term_string}\"},\"query-input\":{\"@type\":\"PropertyValueSpecification\",\"valueRequired\":true,\"valueName\":\"search_term_string\"}}],\"inLanguage\":\"es\"},{\"@type\":\"Person\",\"@id\":\"https:\/\/aeronoticias.com.pe\/noticiero\/#\/schema\/person\/fc1e5d578f4b62ba1cf7ac2bba1170a0\",\"name\":\"Redacci\u00f3n Aeronoticias\",\"url\":\"https:\/\/aeronoticias.com.pe\/noticiero\/author\/piloto\/\"}]}<\/script>\n<!-- \/ Yoast SEO plugin. -->","yoast_head_json":{"title":"Se llev\u00f3 a cabo el Primer Festival Gastron\u00f3mico Peruano en Honduras","description":"Portal de noticias del Per\u00fa sobre el transporte a\u00e9reo, aviaci\u00f3n, turismo, hoteleria, actualidad.","robots":{"index":"index","follow":"follow","max-snippet":"max-snippet:-1","max-image-preview":"max-image-preview:large","max-video-preview":"max-video-preview:-1"},"canonical":"https:\/\/aeronoticias.com.pe\/noticiero\/turismo\/gastronomia\/se-llevo-a-cabo-el-primer-festival-gastronomico-peruano-en-honduras\/","og_locale":"es_ES","og_type":"article","og_title":"Se llev\u00f3 a cabo el Primer Festival Gastron\u00f3mico Peruano en Honduras","og_description":"Portal de noticias del Per\u00fa sobre el transporte a\u00e9reo, aviaci\u00f3n, turismo, hoteleria, actualidad.","og_url":"https:\/\/aeronoticias.com.pe\/noticiero\/turismo\/gastronomia\/se-llevo-a-cabo-el-primer-festival-gastronomico-peruano-en-honduras\/","og_site_name":"Aeronoticias.com.pe","article_publisher":"https:\/\/www.facebook.com\/Aeronoticias.com.pe\/","article_published_time":"2013-06-27T14:57:52+00:00","author":"Redacci\u00f3n Aeronoticias","twitter_card":"summary_large_image","twitter_creator":"@aeronoticias","twitter_site":"@aeronoticias","twitter_misc":{"Escrito por":"Redacci\u00f3n Aeronoticias","Tiempo de lectura":"2 minutos"},"schema":{"@context":"https:\/\/schema.org","@graph":[{"@type":"WebPage","@id":"https:\/\/aeronoticias.com.pe\/noticiero\/turismo\/gastronomia\/se-llevo-a-cabo-el-primer-festival-gastronomico-peruano-en-honduras\/","url":"https:\/\/aeronoticias.com.pe\/noticiero\/turismo\/gastronomia\/se-llevo-a-cabo-el-primer-festival-gastronomico-peruano-en-honduras\/","name":"Se llev\u00f3 a cabo el Primer Festival Gastron\u00f3mico Peruano en Honduras","isPartOf":{"@id":"https:\/\/aeronoticias.com.pe\/noticiero\/#website"},"datePublished":"2013-06-27T14:57:52+00:00","author":{"@id":"https:\/\/aeronoticias.com.pe\/noticiero\/#\/schema\/person\/fc1e5d578f4b62ba1cf7ac2bba1170a0"},"description":"Portal de noticias del Per\u00fa sobre el transporte a\u00e9reo, aviaci\u00f3n, turismo, hoteleria, actualidad.","breadcrumb":{"@id":"https:\/\/aeronoticias.com.pe\/noticiero\/turismo\/gastronomia\/se-llevo-a-cabo-el-primer-festival-gastronomico-peruano-en-honduras\/#breadcrumb"},"inLanguage":"es","potentialAction":[{"@type":"ReadAction","target":["https:\/\/aeronoticias.com.pe\/noticiero\/turismo\/gastronomia\/se-llevo-a-cabo-el-primer-festival-gastronomico-peruano-en-honduras\/"]}]},{"@type":"BreadcrumbList","@id":"https:\/\/aeronoticias.com.pe\/noticiero\/turismo\/gastronomia\/se-llevo-a-cabo-el-primer-festival-gastronomico-peruano-en-honduras\/#breadcrumb","itemListElement":[{"@type":"ListItem","position":1,"name":"Portada","item":"https:\/\/aeronoticias.com.pe\/noticiero\/"},{"@type":"ListItem","position":2,"name":"Se llev\u00f3 a cabo el Primer Festival Gastron\u00f3mico Peruano en Honduras"}]},{"@type":"WebSite","@id":"https:\/\/aeronoticias.com.pe\/noticiero\/#website","url":"https:\/\/aeronoticias.com.pe\/noticiero\/","name":"Aeronoticias.com.pe","description":"Noticias de tranporte aereo, turismo, hoteles, gastronomia, actualidad, internacional","potentialAction":[{"@type":"SearchAction","target":{"@type":"EntryPoint","urlTemplate":"https:\/\/aeronoticias.com.pe\/noticiero\/?s={search_term_string}"},"query-input":{"@type":"PropertyValueSpecification","valueRequired":true,"valueName":"search_term_string"}}],"inLanguage":"es"},{"@type":"Person","@id":"https:\/\/aeronoticias.com.pe\/noticiero\/#\/schema\/person\/fc1e5d578f4b62ba1cf7ac2bba1170a0","name":"Redacci\u00f3n Aeronoticias","url":"https:\/\/aeronoticias.com.pe\/noticiero\/author\/piloto\/"}]}},"_links":{"self":[{"href":"https:\/\/aeronoticias.com.pe\/noticiero\/wp-json\/wp\/v2\/posts\/38193","targetHints":{"allow":["GET"]}}],"collection":[{"href":"https:\/\/aeronoticias.com.pe\/noticiero\/wp-json\/wp\/v2\/posts"}],"about":[{"href":"https:\/\/aeronoticias.com.pe\/noticiero\/wp-json\/wp\/v2\/types\/post"}],"author":[{"embeddable":true,"href":"https:\/\/aeronoticias.com.pe\/noticiero\/wp-json\/wp\/v2\/users\/1"}],"replies":[{"embeddable":true,"href":"https:\/\/aeronoticias.com.pe\/noticiero\/wp-json\/wp\/v2\/comments?post=38193"}],"version-history":[{"count":0,"href":"https:\/\/aeronoticias.com.pe\/noticiero\/wp-json\/wp\/v2\/posts\/38193\/revisions"}],"wp:attachment":[{"href":"https:\/\/aeronoticias.com.pe\/noticiero\/wp-json\/wp\/v2\/media?parent=38193"}],"wp:term":[{"taxonomy":"category","embeddable":true,"href":"https:\/\/aeronoticias.com.pe\/noticiero\/wp-json\/wp\/v2\/categories?post=38193"},{"taxonomy":"post_tag","embeddable":true,"href":"https:\/\/aeronoticias.com.pe\/noticiero\/wp-json\/wp\/v2\/tags?post=38193"}],"curies":[{"name":"wp","href":"https:\/\/api.w.org\/{rel}","templated":true}]}}