{"id":38194,"date":"2013-06-27T15:00:34","date_gmt":"2013-06-27T15:00:34","guid":{"rendered":"http:\/\/desarrollo.mcvicious.com\/aero2020\/2013\/06\/27\/libro-de-pedro-suarez-vertiz-yo-pedro-sera-presentado-este-20-de-julio\/"},"modified":"2013-06-27T15:00:34","modified_gmt":"2013-06-27T15:00:34","slug":"libro-de-pedro-suarez-vertiz-yo-pedro-sera-presentado-este-20-de-julio","status":"publish","type":"post","link":"https:\/\/aeronoticias.com.pe\/noticiero\/espectaculos\/libro-de-pedro-suarez-vertiz-yo-pedro-sera-presentado-este-20-de-julio\/","title":{"rendered":"Libro de Pedro Su\u00e1rez V\u00e9rtiz \u2018Yo Pedro\u2019 ser\u00e1 presentado este 20 de julio"},"content":{"rendered":"<p style=\"text-align: justify;\"><strong>(Aeronoticias) <\/strong><span style=\"line-height: 1.3em;\">En medio de controversias por el pedido de la Asociaci\u00f3n Peruana de Autores y Compositores de una pensi\u00f3n de gracia a favor del cantantePedro Su\u00e1rez V\u00e9rtiz, se conoci\u00f3 que el libro que marcar\u00e1 el debut como escritor del rockero nacional se llamar\u00e1 \u201cYo Pedro\u201d y ser\u00e1 presentado este 20 de julio en la XVIII Feria Internacional del Libro de Lima.<\/span><\/p>\n<p style=\"text-align: justify;\">El int\u00e9rprete de \u201cMe elev\u00e9\u201d cuenta en \u201cYo Pedro\u201d importantes episodios de su vida que han sido divididos en cap\u00edtulos sobre su ni\u00f1ez, su familia, sus amigos, las mujeres y los personajes extravagantes que conoci\u00f3 en varios de sus viajes por el mundo.<\/p>\n<p style=\"text-align: justify;\">Este libro marca el debut como escritor del cantante, quien actualmente tiene una columna en \u201cSomos\u201d.<\/p>\n<p style=\"text-align: justify;\">Cabe destacar que, adem\u00e1s de Pedro, Federico Moccia, Federico Andahazi, Jaime Bayly, Martha Hildebrandt, Mario Mendoza, entre otros autores se presentar\u00e1n en la XVIII Feria Internacional del Libro de Lima.<\/p>\n<p style=\"text-align: justify;\">El argentino Federico Andahazi regresar\u00e1 a Lima luego de cinco a\u00f1os para presentar una nueva historia que se ubica en el siglo XV: \u201cEl libro de los placeres prohibidos\u201d.<\/p>\n<p style=\"text-align: justify;\">En tanto, para quienes se preguntan qu\u00e9 significa \u201ccurcuncho\u201d o de d\u00f3nde viene \u201cde a puchitos\u201d encontrar\u00e1n la respuesta en la edici\u00f3n actualizada de \u201cPeruanismos\u201d, libro de Martha Hildebrandt que incorpora las definiciones de nuevos vocablos, frases y acepciones propias del lenguaje peruano que, en varios casos, han sido admitidos en el diccionario. Fuente: elcomercio.pe<\/p>\n<p style=\"text-align: justify;\"><img decoding=\"async\" src=\"images\/stories\/13\/06\/270613\/pedro1.jpg\" border=\"0\" \/><img decoding=\"async\" src=\"Libro de Pedro Su\u00e1rez V\u00e9rtiz \u2018Yo Pedro\u2019 ser\u00e1 presentado este 20 de julio\" border=\"0\" alt=\"Libro de Pedro Su\u00e1rez V\u00e9rtiz \u2018Yo Pedro\u2019 ser\u00e1 presentado este 20 de julio \" \/><\/p>\n<p><strong><br \/><\/strong><\/p>\n<p><strong> <\/strong><\/p>\n<p>\u00a0<\/p>\n","protected":false},"excerpt":{"rendered":"<p>(Aeronoticias) En medio de controversias por el pedido de la Asociaci\u00f3n Peruana de Autores y Compositores de una pensi\u00f3n de gracia a favor del cantantePedro Su\u00e1rez V\u00e9rtiz, se conoci\u00f3 que el libro que marcar\u00e1 el debut como escritor del rockero nacional se llamar\u00e1 \u201cYo Pedro\u201d y ser\u00e1 presentado este 20 de julio en la XVIII [&hellip;]<\/p>\n","protected":false},"author":1,"featured_media":0,"comment_status":"open","ping_status":"open","sticky":false,"template":"","format":"standard","meta":{"tdm_status":"","tdm_grid_status":"","footnotes":""},"categories":[41],"tags":[],"class_list":{"0":"post-38194","1":"post","2":"type-post","3":"status-publish","4":"format-standard","6":"category-espectaculos"},"yoast_head":"<!-- This site is optimized with the Yoast SEO plugin v25.1 - https:\/\/yoast.com\/wordpress\/plugins\/seo\/ -->\n<title>Libro de Pedro Su\u00e1rez V\u00e9rtiz \u2018Yo Pedro\u2019 ser\u00e1 presentado este 20 de julio<\/title>\n<meta name=\"description\" content=\"Portal de noticias del Per\u00fa sobre el transporte a\u00e9reo, aviaci\u00f3n, turismo, hoteleria, actualidad.\" \/>\n<meta name=\"robots\" content=\"index, follow, max-snippet:-1, max-image-preview:large, max-video-preview:-1\" \/>\n<link rel=\"canonical\" href=\"https:\/\/aeronoticias.com.pe\/noticiero\/espectaculos\/libro-de-pedro-suarez-vertiz-yo-pedro-sera-presentado-este-20-de-julio\/\" \/>\n<meta property=\"og:locale\" content=\"es_ES\" \/>\n<meta property=\"og:type\" content=\"article\" \/>\n<meta property=\"og:title\" content=\"Libro de Pedro Su\u00e1rez V\u00e9rtiz \u2018Yo Pedro\u2019 ser\u00e1 presentado este 20 de julio\" \/>\n<meta property=\"og:description\" content=\"Portal de noticias del Per\u00fa sobre el transporte a\u00e9reo, aviaci\u00f3n, turismo, hoteleria, actualidad.\" \/>\n<meta property=\"og:url\" content=\"https:\/\/aeronoticias.com.pe\/noticiero\/espectaculos\/libro-de-pedro-suarez-vertiz-yo-pedro-sera-presentado-este-20-de-julio\/\" \/>\n<meta property=\"og:site_name\" content=\"Aeronoticias.com.pe\" \/>\n<meta property=\"article:publisher\" content=\"https:\/\/www.facebook.com\/Aeronoticias.com.pe\/\" \/>\n<meta property=\"article:published_time\" content=\"2013-06-27T15:00:34+00:00\" \/>\n<meta name=\"author\" content=\"Redacci\u00f3n Aeronoticias\" \/>\n<meta name=\"twitter:card\" content=\"summary_large_image\" \/>\n<meta name=\"twitter:creator\" content=\"@aeronoticias\" \/>\n<meta name=\"twitter:site\" content=\"@aeronoticias\" \/>\n<meta name=\"twitter:label1\" content=\"Escrito por\" \/>\n\t<meta name=\"twitter:data1\" content=\"Redacci\u00f3n Aeronoticias\" \/>\n\t<meta name=\"twitter:label2\" content=\"Tiempo de lectura\" \/>\n\t<meta name=\"twitter:data2\" content=\"1 minuto\" \/>\n<script type=\"application\/ld+json\" class=\"yoast-schema-graph\">{\"@context\":\"https:\/\/schema.org\",\"@graph\":[{\"@type\":\"WebPage\",\"@id\":\"https:\/\/aeronoticias.com.pe\/noticiero\/espectaculos\/libro-de-pedro-suarez-vertiz-yo-pedro-sera-presentado-este-20-de-julio\/\",\"url\":\"https:\/\/aeronoticias.com.pe\/noticiero\/espectaculos\/libro-de-pedro-suarez-vertiz-yo-pedro-sera-presentado-este-20-de-julio\/\",\"name\":\"Libro de Pedro Su\u00e1rez V\u00e9rtiz \u2018Yo Pedro\u2019 ser\u00e1 presentado este 20 de julio\",\"isPartOf\":{\"@id\":\"https:\/\/aeronoticias.com.pe\/noticiero\/#website\"},\"datePublished\":\"2013-06-27T15:00:34+00:00\",\"author\":{\"@id\":\"https:\/\/aeronoticias.com.pe\/noticiero\/#\/schema\/person\/fc1e5d578f4b62ba1cf7ac2bba1170a0\"},\"description\":\"Portal de noticias del Per\u00fa sobre el transporte a\u00e9reo, aviaci\u00f3n, turismo, hoteleria, actualidad.\",\"breadcrumb\":{\"@id\":\"https:\/\/aeronoticias.com.pe\/noticiero\/espectaculos\/libro-de-pedro-suarez-vertiz-yo-pedro-sera-presentado-este-20-de-julio\/#breadcrumb\"},\"inLanguage\":\"es\",\"potentialAction\":[{\"@type\":\"ReadAction\",\"target\":[\"https:\/\/aeronoticias.com.pe\/noticiero\/espectaculos\/libro-de-pedro-suarez-vertiz-yo-pedro-sera-presentado-este-20-de-julio\/\"]}]},{\"@type\":\"BreadcrumbList\",\"@id\":\"https:\/\/aeronoticias.com.pe\/noticiero\/espectaculos\/libro-de-pedro-suarez-vertiz-yo-pedro-sera-presentado-este-20-de-julio\/#breadcrumb\",\"itemListElement\":[{\"@type\":\"ListItem\",\"position\":1,\"name\":\"Portada\",\"item\":\"https:\/\/aeronoticias.com.pe\/noticiero\/\"},{\"@type\":\"ListItem\",\"position\":2,\"name\":\"Libro de Pedro Su\u00e1rez V\u00e9rtiz \u2018Yo Pedro\u2019 ser\u00e1 presentado este 20 de julio\"}]},{\"@type\":\"WebSite\",\"@id\":\"https:\/\/aeronoticias.com.pe\/noticiero\/#website\",\"url\":\"https:\/\/aeronoticias.com.pe\/noticiero\/\",\"name\":\"Aeronoticias.com.pe\",\"description\":\"Noticias de tranporte aereo, turismo, hoteles, gastronomia, actualidad, internacional\",\"potentialAction\":[{\"@type\":\"SearchAction\",\"target\":{\"@type\":\"EntryPoint\",\"urlTemplate\":\"https:\/\/aeronoticias.com.pe\/noticiero\/?s={search_term_string}\"},\"query-input\":{\"@type\":\"PropertyValueSpecification\",\"valueRequired\":true,\"valueName\":\"search_term_string\"}}],\"inLanguage\":\"es\"},{\"@type\":\"Person\",\"@id\":\"https:\/\/aeronoticias.com.pe\/noticiero\/#\/schema\/person\/fc1e5d578f4b62ba1cf7ac2bba1170a0\",\"name\":\"Redacci\u00f3n Aeronoticias\",\"url\":\"https:\/\/aeronoticias.com.pe\/noticiero\/author\/piloto\/\"}]}<\/script>\n<!-- \/ Yoast SEO plugin. -->","yoast_head_json":{"title":"Libro de Pedro Su\u00e1rez V\u00e9rtiz \u2018Yo Pedro\u2019 ser\u00e1 presentado este 20 de julio","description":"Portal de noticias del Per\u00fa sobre el transporte a\u00e9reo, aviaci\u00f3n, turismo, hoteleria, actualidad.","robots":{"index":"index","follow":"follow","max-snippet":"max-snippet:-1","max-image-preview":"max-image-preview:large","max-video-preview":"max-video-preview:-1"},"canonical":"https:\/\/aeronoticias.com.pe\/noticiero\/espectaculos\/libro-de-pedro-suarez-vertiz-yo-pedro-sera-presentado-este-20-de-julio\/","og_locale":"es_ES","og_type":"article","og_title":"Libro de Pedro Su\u00e1rez V\u00e9rtiz \u2018Yo Pedro\u2019 ser\u00e1 presentado este 20 de julio","og_description":"Portal de noticias del Per\u00fa sobre el transporte a\u00e9reo, aviaci\u00f3n, turismo, hoteleria, actualidad.","og_url":"https:\/\/aeronoticias.com.pe\/noticiero\/espectaculos\/libro-de-pedro-suarez-vertiz-yo-pedro-sera-presentado-este-20-de-julio\/","og_site_name":"Aeronoticias.com.pe","article_publisher":"https:\/\/www.facebook.com\/Aeronoticias.com.pe\/","article_published_time":"2013-06-27T15:00:34+00:00","author":"Redacci\u00f3n Aeronoticias","twitter_card":"summary_large_image","twitter_creator":"@aeronoticias","twitter_site":"@aeronoticias","twitter_misc":{"Escrito por":"Redacci\u00f3n Aeronoticias","Tiempo de lectura":"1 minuto"},"schema":{"@context":"https:\/\/schema.org","@graph":[{"@type":"WebPage","@id":"https:\/\/aeronoticias.com.pe\/noticiero\/espectaculos\/libro-de-pedro-suarez-vertiz-yo-pedro-sera-presentado-este-20-de-julio\/","url":"https:\/\/aeronoticias.com.pe\/noticiero\/espectaculos\/libro-de-pedro-suarez-vertiz-yo-pedro-sera-presentado-este-20-de-julio\/","name":"Libro de Pedro Su\u00e1rez V\u00e9rtiz \u2018Yo Pedro\u2019 ser\u00e1 presentado este 20 de julio","isPartOf":{"@id":"https:\/\/aeronoticias.com.pe\/noticiero\/#website"},"datePublished":"2013-06-27T15:00:34+00:00","author":{"@id":"https:\/\/aeronoticias.com.pe\/noticiero\/#\/schema\/person\/fc1e5d578f4b62ba1cf7ac2bba1170a0"},"description":"Portal de noticias del Per\u00fa sobre el transporte a\u00e9reo, aviaci\u00f3n, turismo, hoteleria, actualidad.","breadcrumb":{"@id":"https:\/\/aeronoticias.com.pe\/noticiero\/espectaculos\/libro-de-pedro-suarez-vertiz-yo-pedro-sera-presentado-este-20-de-julio\/#breadcrumb"},"inLanguage":"es","potentialAction":[{"@type":"ReadAction","target":["https:\/\/aeronoticias.com.pe\/noticiero\/espectaculos\/libro-de-pedro-suarez-vertiz-yo-pedro-sera-presentado-este-20-de-julio\/"]}]},{"@type":"BreadcrumbList","@id":"https:\/\/aeronoticias.com.pe\/noticiero\/espectaculos\/libro-de-pedro-suarez-vertiz-yo-pedro-sera-presentado-este-20-de-julio\/#breadcrumb","itemListElement":[{"@type":"ListItem","position":1,"name":"Portada","item":"https:\/\/aeronoticias.com.pe\/noticiero\/"},{"@type":"ListItem","position":2,"name":"Libro de Pedro Su\u00e1rez V\u00e9rtiz \u2018Yo Pedro\u2019 ser\u00e1 presentado este 20 de julio"}]},{"@type":"WebSite","@id":"https:\/\/aeronoticias.com.pe\/noticiero\/#website","url":"https:\/\/aeronoticias.com.pe\/noticiero\/","name":"Aeronoticias.com.pe","description":"Noticias de tranporte aereo, turismo, hoteles, gastronomia, actualidad, internacional","potentialAction":[{"@type":"SearchAction","target":{"@type":"EntryPoint","urlTemplate":"https:\/\/aeronoticias.com.pe\/noticiero\/?s={search_term_string}"},"query-input":{"@type":"PropertyValueSpecification","valueRequired":true,"valueName":"search_term_string"}}],"inLanguage":"es"},{"@type":"Person","@id":"https:\/\/aeronoticias.com.pe\/noticiero\/#\/schema\/person\/fc1e5d578f4b62ba1cf7ac2bba1170a0","name":"Redacci\u00f3n Aeronoticias","url":"https:\/\/aeronoticias.com.pe\/noticiero\/author\/piloto\/"}]}},"_links":{"self":[{"href":"https:\/\/aeronoticias.com.pe\/noticiero\/wp-json\/wp\/v2\/posts\/38194","targetHints":{"allow":["GET"]}}],"collection":[{"href":"https:\/\/aeronoticias.com.pe\/noticiero\/wp-json\/wp\/v2\/posts"}],"about":[{"href":"https:\/\/aeronoticias.com.pe\/noticiero\/wp-json\/wp\/v2\/types\/post"}],"author":[{"embeddable":true,"href":"https:\/\/aeronoticias.com.pe\/noticiero\/wp-json\/wp\/v2\/users\/1"}],"replies":[{"embeddable":true,"href":"https:\/\/aeronoticias.com.pe\/noticiero\/wp-json\/wp\/v2\/comments?post=38194"}],"version-history":[{"count":0,"href":"https:\/\/aeronoticias.com.pe\/noticiero\/wp-json\/wp\/v2\/posts\/38194\/revisions"}],"wp:attachment":[{"href":"https:\/\/aeronoticias.com.pe\/noticiero\/wp-json\/wp\/v2\/media?parent=38194"}],"wp:term":[{"taxonomy":"category","embeddable":true,"href":"https:\/\/aeronoticias.com.pe\/noticiero\/wp-json\/wp\/v2\/categories?post=38194"},{"taxonomy":"post_tag","embeddable":true,"href":"https:\/\/aeronoticias.com.pe\/noticiero\/wp-json\/wp\/v2\/tags?post=38194"}],"curies":[{"name":"wp","href":"https:\/\/api.w.org\/{rel}","templated":true}]}}