{"id":38196,"date":"2013-06-27T15:21:06","date_gmt":"2013-06-27T15:21:06","guid":{"rendered":"http:\/\/desarrollo.mcvicious.com\/aero2020\/2013\/06\/27\/world-travel-awards-peru-nominado-cinco-categorias\/"},"modified":"2013-06-27T15:21:06","modified_gmt":"2013-06-27T15:21:06","slug":"world-travel-awards-peru-nominado-cinco-categorias","status":"publish","type":"post","link":"https:\/\/aeronoticias.com.pe\/noticiero\/turismo\/13\/world-travel-awards-peru-nominado-cinco-categorias\/","title":{"rendered":"World Travel Awards: Per\u00fa nominado cinco categor\u00edas"},"content":{"rendered":"<p style=\"text-align: justify;\"><strong>(Aeronoticias).-<\/strong> Este a\u00f1o, el Per\u00fa ha sido nominado para los prestigiosos \u00abWorld Travel Awards\u00bb, considerados los \u201cOscar del Turismo\u201d, en las categor\u00edas de Mejor Destino (Lima), Mejor Destino Culinario (Per\u00fa), Mejor Destino Verde (Machu Picchu) y Mejor Puerto (Callao).<\/p>\n<p style=\"text-align: justify;\">En tanto, PromPer\u00fa tambi\u00e9n se encuentra en carrera en la categor\u00eda Mejor Oficina de Turismo.<\/p>\n<p style=\"text-align: justify;\">Lima albergar\u00e1 a la Primera Gala de Premiaci\u00f3n para Centro y Sudam\u00e9rica de los WTA, el 20 de julio de este a\u00f1o, cuyos nominados luego competir\u00e1n a nivel mundial<\/p>\n<p>  <!--more-->  <\/p>\n<p style=\"text-align: justify;\">La Huaca Pucllana, ubicada en el c\u00e9ntrico distrito de Miraflores, ser\u00e1 el lugar donde se realizar\u00e1 este evento.<\/p>\n<p style=\"text-align: justify;\">El Ministerio de Comercio Exterior y Turismo (Mincetur) invita a la poblaci\u00f3n a votar a trav\u00e9s de la Internet ingresando a la p\u00e1gina web www.worldtravelawards.com\/vote para poder alzarnos con las distinciones regionales y entrar en competencia por los galardones globales.<\/p>\n<p style=\"text-align: justify;\">Los World Travel Awards se iniciaron en 1993 para reconocer, celebrar y premiar la excelencia en la industria de viajes, turismo y hospitalidad.<\/p>\n<p style=\"text-align: justify;\">Celebrando su vig\u00e9simo aniversario, estos premios son el reconocimiento m\u00e1s alto que se puede aspirar a alcanzar.<\/p>\n<p style=\"text-align: justify;\">Asimismo, las Galas de Premiaci\u00f3n son ceremonias consideradas como el principal espacio donde los m\u00e1s importantes profesionales del turismo y la hoteler\u00eda pueden establecer sinergias con sus pares de todo el mundo.<\/p>\n<p style=\"text-align: justify;\">Agencia Andina.<\/p>\n<p style=\"text-align: justify;\"><img decoding=\"async\" src=\"images\/stories\/11\/09\/270911\/turistas_extranjeros_peru_estadistica.jpg\" border=\"0\" alt=\"World Travel Awards: Per\u00fa nominado cinco categor\u00edas\" title=\"World Travel Awards: Per\u00fa nominado cinco categor\u00edas\" \/><\/p>\n","protected":false},"excerpt":{"rendered":"<p>(Aeronoticias).- Este a\u00f1o, el Per\u00fa ha sido nominado para los prestigiosos \u00abWorld Travel Awards\u00bb, considerados los \u201cOscar del Turismo\u201d, en las categor\u00edas de Mejor Destino (Lima), Mejor Destino Culinario (Per\u00fa), Mejor Destino Verde (Machu Picchu) y Mejor Puerto (Callao). En tanto, PromPer\u00fa tambi\u00e9n se encuentra en carrera en la categor\u00eda Mejor Oficina de Turismo. Lima [&hellip;]<\/p>\n","protected":false},"author":1,"featured_media":0,"comment_status":"open","ping_status":"open","sticky":false,"template":"","format":"standard","meta":{"tdm_status":"","tdm_grid_status":"","footnotes":""},"categories":[31],"tags":[],"class_list":{"0":"post-38196","1":"post","2":"type-post","3":"status-publish","4":"format-standard","6":"category-31"},"yoast_head":"<!-- This site is optimized with the Yoast SEO plugin v25.1 - https:\/\/yoast.com\/wordpress\/plugins\/seo\/ -->\n<title>World Travel Awards: Per\u00fa nominado cinco categor\u00edas<\/title>\n<meta name=\"description\" content=\"Portal de noticias del Per\u00fa sobre el transporte a\u00e9reo, aviaci\u00f3n, turismo, hoteleria, actualidad.\" \/>\n<meta name=\"robots\" content=\"index, follow, max-snippet:-1, max-image-preview:large, max-video-preview:-1\" \/>\n<link rel=\"canonical\" href=\"https:\/\/aeronoticias.com.pe\/noticiero\/turismo\/13\/world-travel-awards-peru-nominado-cinco-categorias\/\" \/>\n<meta property=\"og:locale\" content=\"es_ES\" \/>\n<meta property=\"og:type\" content=\"article\" \/>\n<meta property=\"og:title\" content=\"World Travel Awards: Per\u00fa nominado cinco categor\u00edas\" \/>\n<meta property=\"og:description\" content=\"Portal de noticias del Per\u00fa sobre el transporte a\u00e9reo, aviaci\u00f3n, turismo, hoteleria, actualidad.\" \/>\n<meta property=\"og:url\" content=\"https:\/\/aeronoticias.com.pe\/noticiero\/turismo\/13\/world-travel-awards-peru-nominado-cinco-categorias\/\" \/>\n<meta property=\"og:site_name\" content=\"Aeronoticias.com.pe\" \/>\n<meta property=\"article:publisher\" content=\"https:\/\/www.facebook.com\/Aeronoticias.com.pe\/\" \/>\n<meta property=\"article:published_time\" content=\"2013-06-27T15:21:06+00:00\" \/>\n<meta name=\"author\" content=\"Redacci\u00f3n Aeronoticias\" \/>\n<meta name=\"twitter:card\" content=\"summary_large_image\" \/>\n<meta name=\"twitter:creator\" content=\"@aeronoticias\" \/>\n<meta name=\"twitter:site\" content=\"@aeronoticias\" \/>\n<meta name=\"twitter:label1\" content=\"Escrito por\" \/>\n\t<meta name=\"twitter:data1\" content=\"Redacci\u00f3n Aeronoticias\" \/>\n\t<meta name=\"twitter:label2\" content=\"Tiempo de lectura\" \/>\n\t<meta name=\"twitter:data2\" content=\"1 minuto\" \/>\n<script type=\"application\/ld+json\" class=\"yoast-schema-graph\">{\"@context\":\"https:\/\/schema.org\",\"@graph\":[{\"@type\":\"WebPage\",\"@id\":\"https:\/\/aeronoticias.com.pe\/noticiero\/turismo\/13\/world-travel-awards-peru-nominado-cinco-categorias\/\",\"url\":\"https:\/\/aeronoticias.com.pe\/noticiero\/turismo\/13\/world-travel-awards-peru-nominado-cinco-categorias\/\",\"name\":\"World Travel Awards: Per\u00fa nominado cinco categor\u00edas\",\"isPartOf\":{\"@id\":\"https:\/\/aeronoticias.com.pe\/noticiero\/#website\"},\"datePublished\":\"2013-06-27T15:21:06+00:00\",\"author\":{\"@id\":\"https:\/\/aeronoticias.com.pe\/noticiero\/#\/schema\/person\/fc1e5d578f4b62ba1cf7ac2bba1170a0\"},\"description\":\"Portal de noticias del Per\u00fa sobre el transporte a\u00e9reo, aviaci\u00f3n, turismo, hoteleria, actualidad.\",\"breadcrumb\":{\"@id\":\"https:\/\/aeronoticias.com.pe\/noticiero\/turismo\/13\/world-travel-awards-peru-nominado-cinco-categorias\/#breadcrumb\"},\"inLanguage\":\"es\",\"potentialAction\":[{\"@type\":\"ReadAction\",\"target\":[\"https:\/\/aeronoticias.com.pe\/noticiero\/turismo\/13\/world-travel-awards-peru-nominado-cinco-categorias\/\"]}]},{\"@type\":\"BreadcrumbList\",\"@id\":\"https:\/\/aeronoticias.com.pe\/noticiero\/turismo\/13\/world-travel-awards-peru-nominado-cinco-categorias\/#breadcrumb\",\"itemListElement\":[{\"@type\":\"ListItem\",\"position\":1,\"name\":\"Portada\",\"item\":\"https:\/\/aeronoticias.com.pe\/noticiero\/\"},{\"@type\":\"ListItem\",\"position\":2,\"name\":\"World Travel Awards: Per\u00fa nominado cinco categor\u00edas\"}]},{\"@type\":\"WebSite\",\"@id\":\"https:\/\/aeronoticias.com.pe\/noticiero\/#website\",\"url\":\"https:\/\/aeronoticias.com.pe\/noticiero\/\",\"name\":\"Aeronoticias.com.pe\",\"description\":\"Noticias de tranporte aereo, turismo, hoteles, gastronomia, actualidad, internacional\",\"potentialAction\":[{\"@type\":\"SearchAction\",\"target\":{\"@type\":\"EntryPoint\",\"urlTemplate\":\"https:\/\/aeronoticias.com.pe\/noticiero\/?s={search_term_string}\"},\"query-input\":{\"@type\":\"PropertyValueSpecification\",\"valueRequired\":true,\"valueName\":\"search_term_string\"}}],\"inLanguage\":\"es\"},{\"@type\":\"Person\",\"@id\":\"https:\/\/aeronoticias.com.pe\/noticiero\/#\/schema\/person\/fc1e5d578f4b62ba1cf7ac2bba1170a0\",\"name\":\"Redacci\u00f3n Aeronoticias\",\"url\":\"https:\/\/aeronoticias.com.pe\/noticiero\/author\/piloto\/\"}]}<\/script>\n<!-- \/ Yoast SEO plugin. -->","yoast_head_json":{"title":"World Travel Awards: Per\u00fa nominado cinco categor\u00edas","description":"Portal de noticias del Per\u00fa sobre el transporte a\u00e9reo, aviaci\u00f3n, turismo, hoteleria, actualidad.","robots":{"index":"index","follow":"follow","max-snippet":"max-snippet:-1","max-image-preview":"max-image-preview:large","max-video-preview":"max-video-preview:-1"},"canonical":"https:\/\/aeronoticias.com.pe\/noticiero\/turismo\/13\/world-travel-awards-peru-nominado-cinco-categorias\/","og_locale":"es_ES","og_type":"article","og_title":"World Travel Awards: Per\u00fa nominado cinco categor\u00edas","og_description":"Portal de noticias del Per\u00fa sobre el transporte a\u00e9reo, aviaci\u00f3n, turismo, hoteleria, actualidad.","og_url":"https:\/\/aeronoticias.com.pe\/noticiero\/turismo\/13\/world-travel-awards-peru-nominado-cinco-categorias\/","og_site_name":"Aeronoticias.com.pe","article_publisher":"https:\/\/www.facebook.com\/Aeronoticias.com.pe\/","article_published_time":"2013-06-27T15:21:06+00:00","author":"Redacci\u00f3n Aeronoticias","twitter_card":"summary_large_image","twitter_creator":"@aeronoticias","twitter_site":"@aeronoticias","twitter_misc":{"Escrito por":"Redacci\u00f3n Aeronoticias","Tiempo de lectura":"1 minuto"},"schema":{"@context":"https:\/\/schema.org","@graph":[{"@type":"WebPage","@id":"https:\/\/aeronoticias.com.pe\/noticiero\/turismo\/13\/world-travel-awards-peru-nominado-cinco-categorias\/","url":"https:\/\/aeronoticias.com.pe\/noticiero\/turismo\/13\/world-travel-awards-peru-nominado-cinco-categorias\/","name":"World Travel Awards: Per\u00fa nominado cinco categor\u00edas","isPartOf":{"@id":"https:\/\/aeronoticias.com.pe\/noticiero\/#website"},"datePublished":"2013-06-27T15:21:06+00:00","author":{"@id":"https:\/\/aeronoticias.com.pe\/noticiero\/#\/schema\/person\/fc1e5d578f4b62ba1cf7ac2bba1170a0"},"description":"Portal de noticias del Per\u00fa sobre el transporte a\u00e9reo, aviaci\u00f3n, turismo, hoteleria, actualidad.","breadcrumb":{"@id":"https:\/\/aeronoticias.com.pe\/noticiero\/turismo\/13\/world-travel-awards-peru-nominado-cinco-categorias\/#breadcrumb"},"inLanguage":"es","potentialAction":[{"@type":"ReadAction","target":["https:\/\/aeronoticias.com.pe\/noticiero\/turismo\/13\/world-travel-awards-peru-nominado-cinco-categorias\/"]}]},{"@type":"BreadcrumbList","@id":"https:\/\/aeronoticias.com.pe\/noticiero\/turismo\/13\/world-travel-awards-peru-nominado-cinco-categorias\/#breadcrumb","itemListElement":[{"@type":"ListItem","position":1,"name":"Portada","item":"https:\/\/aeronoticias.com.pe\/noticiero\/"},{"@type":"ListItem","position":2,"name":"World Travel Awards: Per\u00fa nominado cinco categor\u00edas"}]},{"@type":"WebSite","@id":"https:\/\/aeronoticias.com.pe\/noticiero\/#website","url":"https:\/\/aeronoticias.com.pe\/noticiero\/","name":"Aeronoticias.com.pe","description":"Noticias de tranporte aereo, turismo, hoteles, gastronomia, actualidad, internacional","potentialAction":[{"@type":"SearchAction","target":{"@type":"EntryPoint","urlTemplate":"https:\/\/aeronoticias.com.pe\/noticiero\/?s={search_term_string}"},"query-input":{"@type":"PropertyValueSpecification","valueRequired":true,"valueName":"search_term_string"}}],"inLanguage":"es"},{"@type":"Person","@id":"https:\/\/aeronoticias.com.pe\/noticiero\/#\/schema\/person\/fc1e5d578f4b62ba1cf7ac2bba1170a0","name":"Redacci\u00f3n Aeronoticias","url":"https:\/\/aeronoticias.com.pe\/noticiero\/author\/piloto\/"}]}},"_links":{"self":[{"href":"https:\/\/aeronoticias.com.pe\/noticiero\/wp-json\/wp\/v2\/posts\/38196","targetHints":{"allow":["GET"]}}],"collection":[{"href":"https:\/\/aeronoticias.com.pe\/noticiero\/wp-json\/wp\/v2\/posts"}],"about":[{"href":"https:\/\/aeronoticias.com.pe\/noticiero\/wp-json\/wp\/v2\/types\/post"}],"author":[{"embeddable":true,"href":"https:\/\/aeronoticias.com.pe\/noticiero\/wp-json\/wp\/v2\/users\/1"}],"replies":[{"embeddable":true,"href":"https:\/\/aeronoticias.com.pe\/noticiero\/wp-json\/wp\/v2\/comments?post=38196"}],"version-history":[{"count":0,"href":"https:\/\/aeronoticias.com.pe\/noticiero\/wp-json\/wp\/v2\/posts\/38196\/revisions"}],"wp:attachment":[{"href":"https:\/\/aeronoticias.com.pe\/noticiero\/wp-json\/wp\/v2\/media?parent=38196"}],"wp:term":[{"taxonomy":"category","embeddable":true,"href":"https:\/\/aeronoticias.com.pe\/noticiero\/wp-json\/wp\/v2\/categories?post=38196"},{"taxonomy":"post_tag","embeddable":true,"href":"https:\/\/aeronoticias.com.pe\/noticiero\/wp-json\/wp\/v2\/tags?post=38196"}],"curies":[{"name":"wp","href":"https:\/\/api.w.org\/{rel}","templated":true}]}}