{"id":38561,"date":"2013-07-14T00:10:12","date_gmt":"2013-07-14T00:10:12","guid":{"rendered":"http:\/\/desarrollo.mcvicious.com\/aero2020\/2013\/07\/14\/la-ley-universitaria-no-debe-perderse-en-discusiones-sobre-autonomias\/"},"modified":"2013-07-14T00:10:12","modified_gmt":"2013-07-14T00:10:12","slug":"la-ley-universitaria-no-debe-perderse-en-discusiones-sobre-autonomias","status":"publish","type":"post","link":"https:\/\/aeronoticias.com.pe\/noticiero\/nacionales\/la-ley-universitaria-no-debe-perderse-en-discusiones-sobre-autonomias\/","title":{"rendered":"La Ley Universitaria \u2018no debe perderse en discusiones sobre autonom\u00edas\u2019"},"content":{"rendered":"<p style=\"text-align: justify;\"><strong>(Aeronoticias)<\/strong>.- El gran debate sobre la nueva Ley Universitaria debe centrarse en c\u00f3mo mejorar la calidad de la educaci\u00f3n superior del pa\u00eds y \u00abno perderse en discusiones sobre autonom\u00edas\u00bb, asever\u00f3 el ministro de Econom\u00eda y Finanzas, Luis Miguel Castilla, precisando que dicha iniciativa parte del Congreso de la Rep\u00fablica y no parte del Ejecutivo.<\/p>\n<p style=\"text-align: justify;\">\u00abY ese es el punto m\u00e1s importante (mejorar la educaci\u00f3n) y se pierde en discusiones de autonom\u00edas que son respetables. Esos son los aspectos que deben discutirse, c\u00f3mo tener una educaci\u00f3n que permita pensar (&#8230;) y que se traduzca en una oportunidad laboral y una inserci\u00f3n al mercado de trabajo\u00bb, subray\u00f3.<\/p>\n<p style=\"text-align: justify;\">Castilla se\u00f1al\u00f3 que es importante efectuar un trabajo sobre la certificaci\u00f3n de calidad de la educaci\u00f3n superior frente a la proliferaci\u00f3n de tantas universidades no solo de la p\u00fablica, sino tambi\u00e9n de la privada. En este sentido, la Comisi\u00f3n de Educaci\u00f3n del Congreso precis\u00f3 que esta superintendencia estar\u00e1 conformada por representantes de las propias universidades.<\/p>\n<div style=\"text-align: justify;\">Con informaci\u00f3n de <strong><em>Andina<\/em><\/strong>.<\/div>\n<div style=\"text-align: justify;\"><img decoding=\"async\" src=\"images\/stories\/13\/07\/130713\/mef.jpg\" border=\"0\" align=\"left\" \/><\/div>\n","protected":false},"excerpt":{"rendered":"<p>(Aeronoticias).- El gran debate sobre la nueva Ley Universitaria debe centrarse en c\u00f3mo mejorar la calidad de la educaci\u00f3n superior del pa\u00eds y \u00abno perderse en discusiones sobre autonom\u00edas\u00bb, asever\u00f3 el ministro de Econom\u00eda y Finanzas, Luis Miguel Castilla, precisando que dicha iniciativa parte del Congreso de la Rep\u00fablica y no parte del Ejecutivo. \u00abY [&hellip;]<\/p>\n","protected":false},"author":1,"featured_media":0,"comment_status":"open","ping_status":"open","sticky":false,"template":"","format":"standard","meta":{"tdm_status":"","tdm_grid_status":"","footnotes":""},"categories":[38],"tags":[],"class_list":{"0":"post-38561","1":"post","2":"type-post","3":"status-publish","4":"format-standard","6":"category-nacionales"},"yoast_head":"<!-- This site is optimized with the Yoast SEO plugin v25.1 - https:\/\/yoast.com\/wordpress\/plugins\/seo\/ -->\n<title>La Ley Universitaria \u2018no debe perderse en discusiones sobre autonom\u00edas\u2019<\/title>\n<meta name=\"description\" content=\"Portal de noticias del Per\u00fa sobre el transporte a\u00e9reo, aviaci\u00f3n, turismo, hoteleria, actualidad.\" \/>\n<meta name=\"robots\" content=\"index, follow, max-snippet:-1, max-image-preview:large, max-video-preview:-1\" \/>\n<link rel=\"canonical\" href=\"https:\/\/aeronoticias.com.pe\/noticiero\/nacionales\/la-ley-universitaria-no-debe-perderse-en-discusiones-sobre-autonomias\/\" \/>\n<meta property=\"og:locale\" content=\"es_ES\" \/>\n<meta property=\"og:type\" content=\"article\" \/>\n<meta property=\"og:title\" content=\"La Ley Universitaria \u2018no debe perderse en discusiones sobre autonom\u00edas\u2019\" \/>\n<meta property=\"og:description\" content=\"Portal de noticias del Per\u00fa sobre el transporte a\u00e9reo, aviaci\u00f3n, turismo, hoteleria, actualidad.\" \/>\n<meta property=\"og:url\" content=\"https:\/\/aeronoticias.com.pe\/noticiero\/nacionales\/la-ley-universitaria-no-debe-perderse-en-discusiones-sobre-autonomias\/\" \/>\n<meta property=\"og:site_name\" content=\"Aeronoticias.com.pe\" \/>\n<meta property=\"article:publisher\" content=\"https:\/\/www.facebook.com\/Aeronoticias.com.pe\/\" \/>\n<meta property=\"article:published_time\" content=\"2013-07-14T00:10:12+00:00\" \/>\n<meta name=\"author\" content=\"Redacci\u00f3n Aeronoticias\" \/>\n<meta name=\"twitter:card\" content=\"summary_large_image\" \/>\n<meta name=\"twitter:creator\" content=\"@aeronoticias\" \/>\n<meta name=\"twitter:site\" content=\"@aeronoticias\" \/>\n<meta name=\"twitter:label1\" content=\"Escrito por\" \/>\n\t<meta name=\"twitter:data1\" content=\"Redacci\u00f3n Aeronoticias\" \/>\n\t<meta name=\"twitter:label2\" content=\"Tiempo de lectura\" \/>\n\t<meta name=\"twitter:data2\" content=\"1 minuto\" \/>\n<script type=\"application\/ld+json\" class=\"yoast-schema-graph\">{\"@context\":\"https:\/\/schema.org\",\"@graph\":[{\"@type\":\"WebPage\",\"@id\":\"https:\/\/aeronoticias.com.pe\/noticiero\/nacionales\/la-ley-universitaria-no-debe-perderse-en-discusiones-sobre-autonomias\/\",\"url\":\"https:\/\/aeronoticias.com.pe\/noticiero\/nacionales\/la-ley-universitaria-no-debe-perderse-en-discusiones-sobre-autonomias\/\",\"name\":\"La Ley Universitaria \u2018no debe perderse en discusiones sobre autonom\u00edas\u2019\",\"isPartOf\":{\"@id\":\"https:\/\/aeronoticias.com.pe\/noticiero\/#website\"},\"datePublished\":\"2013-07-14T00:10:12+00:00\",\"author\":{\"@id\":\"https:\/\/aeronoticias.com.pe\/noticiero\/#\/schema\/person\/fc1e5d578f4b62ba1cf7ac2bba1170a0\"},\"description\":\"Portal de noticias del Per\u00fa sobre el transporte a\u00e9reo, aviaci\u00f3n, turismo, hoteleria, actualidad.\",\"breadcrumb\":{\"@id\":\"https:\/\/aeronoticias.com.pe\/noticiero\/nacionales\/la-ley-universitaria-no-debe-perderse-en-discusiones-sobre-autonomias\/#breadcrumb\"},\"inLanguage\":\"es\",\"potentialAction\":[{\"@type\":\"ReadAction\",\"target\":[\"https:\/\/aeronoticias.com.pe\/noticiero\/nacionales\/la-ley-universitaria-no-debe-perderse-en-discusiones-sobre-autonomias\/\"]}]},{\"@type\":\"BreadcrumbList\",\"@id\":\"https:\/\/aeronoticias.com.pe\/noticiero\/nacionales\/la-ley-universitaria-no-debe-perderse-en-discusiones-sobre-autonomias\/#breadcrumb\",\"itemListElement\":[{\"@type\":\"ListItem\",\"position\":1,\"name\":\"Portada\",\"item\":\"https:\/\/aeronoticias.com.pe\/noticiero\/\"},{\"@type\":\"ListItem\",\"position\":2,\"name\":\"La Ley Universitaria \u2018no debe perderse en discusiones sobre autonom\u00edas\u2019\"}]},{\"@type\":\"WebSite\",\"@id\":\"https:\/\/aeronoticias.com.pe\/noticiero\/#website\",\"url\":\"https:\/\/aeronoticias.com.pe\/noticiero\/\",\"name\":\"Aeronoticias.com.pe\",\"description\":\"Noticias de tranporte aereo, turismo, hoteles, gastronomia, actualidad, internacional\",\"potentialAction\":[{\"@type\":\"SearchAction\",\"target\":{\"@type\":\"EntryPoint\",\"urlTemplate\":\"https:\/\/aeronoticias.com.pe\/noticiero\/?s={search_term_string}\"},\"query-input\":{\"@type\":\"PropertyValueSpecification\",\"valueRequired\":true,\"valueName\":\"search_term_string\"}}],\"inLanguage\":\"es\"},{\"@type\":\"Person\",\"@id\":\"https:\/\/aeronoticias.com.pe\/noticiero\/#\/schema\/person\/fc1e5d578f4b62ba1cf7ac2bba1170a0\",\"name\":\"Redacci\u00f3n Aeronoticias\",\"url\":\"https:\/\/aeronoticias.com.pe\/noticiero\/author\/piloto\/\"}]}<\/script>\n<!-- \/ Yoast SEO plugin. -->","yoast_head_json":{"title":"La Ley Universitaria \u2018no debe perderse en discusiones sobre autonom\u00edas\u2019","description":"Portal de noticias del Per\u00fa sobre el transporte a\u00e9reo, aviaci\u00f3n, turismo, hoteleria, actualidad.","robots":{"index":"index","follow":"follow","max-snippet":"max-snippet:-1","max-image-preview":"max-image-preview:large","max-video-preview":"max-video-preview:-1"},"canonical":"https:\/\/aeronoticias.com.pe\/noticiero\/nacionales\/la-ley-universitaria-no-debe-perderse-en-discusiones-sobre-autonomias\/","og_locale":"es_ES","og_type":"article","og_title":"La Ley Universitaria \u2018no debe perderse en discusiones sobre autonom\u00edas\u2019","og_description":"Portal de noticias del Per\u00fa sobre el transporte a\u00e9reo, aviaci\u00f3n, turismo, hoteleria, actualidad.","og_url":"https:\/\/aeronoticias.com.pe\/noticiero\/nacionales\/la-ley-universitaria-no-debe-perderse-en-discusiones-sobre-autonomias\/","og_site_name":"Aeronoticias.com.pe","article_publisher":"https:\/\/www.facebook.com\/Aeronoticias.com.pe\/","article_published_time":"2013-07-14T00:10:12+00:00","author":"Redacci\u00f3n Aeronoticias","twitter_card":"summary_large_image","twitter_creator":"@aeronoticias","twitter_site":"@aeronoticias","twitter_misc":{"Escrito por":"Redacci\u00f3n Aeronoticias","Tiempo de lectura":"1 minuto"},"schema":{"@context":"https:\/\/schema.org","@graph":[{"@type":"WebPage","@id":"https:\/\/aeronoticias.com.pe\/noticiero\/nacionales\/la-ley-universitaria-no-debe-perderse-en-discusiones-sobre-autonomias\/","url":"https:\/\/aeronoticias.com.pe\/noticiero\/nacionales\/la-ley-universitaria-no-debe-perderse-en-discusiones-sobre-autonomias\/","name":"La Ley Universitaria \u2018no debe perderse en discusiones sobre autonom\u00edas\u2019","isPartOf":{"@id":"https:\/\/aeronoticias.com.pe\/noticiero\/#website"},"datePublished":"2013-07-14T00:10:12+00:00","author":{"@id":"https:\/\/aeronoticias.com.pe\/noticiero\/#\/schema\/person\/fc1e5d578f4b62ba1cf7ac2bba1170a0"},"description":"Portal de noticias del Per\u00fa sobre el transporte a\u00e9reo, aviaci\u00f3n, turismo, hoteleria, actualidad.","breadcrumb":{"@id":"https:\/\/aeronoticias.com.pe\/noticiero\/nacionales\/la-ley-universitaria-no-debe-perderse-en-discusiones-sobre-autonomias\/#breadcrumb"},"inLanguage":"es","potentialAction":[{"@type":"ReadAction","target":["https:\/\/aeronoticias.com.pe\/noticiero\/nacionales\/la-ley-universitaria-no-debe-perderse-en-discusiones-sobre-autonomias\/"]}]},{"@type":"BreadcrumbList","@id":"https:\/\/aeronoticias.com.pe\/noticiero\/nacionales\/la-ley-universitaria-no-debe-perderse-en-discusiones-sobre-autonomias\/#breadcrumb","itemListElement":[{"@type":"ListItem","position":1,"name":"Portada","item":"https:\/\/aeronoticias.com.pe\/noticiero\/"},{"@type":"ListItem","position":2,"name":"La Ley Universitaria \u2018no debe perderse en discusiones sobre autonom\u00edas\u2019"}]},{"@type":"WebSite","@id":"https:\/\/aeronoticias.com.pe\/noticiero\/#website","url":"https:\/\/aeronoticias.com.pe\/noticiero\/","name":"Aeronoticias.com.pe","description":"Noticias de tranporte aereo, turismo, hoteles, gastronomia, actualidad, internacional","potentialAction":[{"@type":"SearchAction","target":{"@type":"EntryPoint","urlTemplate":"https:\/\/aeronoticias.com.pe\/noticiero\/?s={search_term_string}"},"query-input":{"@type":"PropertyValueSpecification","valueRequired":true,"valueName":"search_term_string"}}],"inLanguage":"es"},{"@type":"Person","@id":"https:\/\/aeronoticias.com.pe\/noticiero\/#\/schema\/person\/fc1e5d578f4b62ba1cf7ac2bba1170a0","name":"Redacci\u00f3n Aeronoticias","url":"https:\/\/aeronoticias.com.pe\/noticiero\/author\/piloto\/"}]}},"_links":{"self":[{"href":"https:\/\/aeronoticias.com.pe\/noticiero\/wp-json\/wp\/v2\/posts\/38561","targetHints":{"allow":["GET"]}}],"collection":[{"href":"https:\/\/aeronoticias.com.pe\/noticiero\/wp-json\/wp\/v2\/posts"}],"about":[{"href":"https:\/\/aeronoticias.com.pe\/noticiero\/wp-json\/wp\/v2\/types\/post"}],"author":[{"embeddable":true,"href":"https:\/\/aeronoticias.com.pe\/noticiero\/wp-json\/wp\/v2\/users\/1"}],"replies":[{"embeddable":true,"href":"https:\/\/aeronoticias.com.pe\/noticiero\/wp-json\/wp\/v2\/comments?post=38561"}],"version-history":[{"count":0,"href":"https:\/\/aeronoticias.com.pe\/noticiero\/wp-json\/wp\/v2\/posts\/38561\/revisions"}],"wp:attachment":[{"href":"https:\/\/aeronoticias.com.pe\/noticiero\/wp-json\/wp\/v2\/media?parent=38561"}],"wp:term":[{"taxonomy":"category","embeddable":true,"href":"https:\/\/aeronoticias.com.pe\/noticiero\/wp-json\/wp\/v2\/categories?post=38561"},{"taxonomy":"post_tag","embeddable":true,"href":"https:\/\/aeronoticias.com.pe\/noticiero\/wp-json\/wp\/v2\/tags?post=38561"}],"curies":[{"name":"wp","href":"https:\/\/api.w.org\/{rel}","templated":true}]}}