{"id":386,"date":"2008-09-02T10:03:05","date_gmt":"2008-09-02T10:03:05","guid":{"rendered":"http:\/\/desarrollo.mcvicious.com\/aero2020\/2008\/09\/02\/qhannaq-degradada-a-tormenta-tropical-mientras-se-forma-la-dma-depresike\/"},"modified":"2008-09-02T10:03:05","modified_gmt":"2008-09-02T10:03:05","slug":"qhannaq-degradada-a-tormenta-tropical-mientras-se-forma-la-dma-depresike","status":"publish","type":"post","link":"https:\/\/aeronoticias.com.pe\/noticiero\/ultimas\/1\/qhannaq-degradada-a-tormenta-tropical-mientras-se-forma-la-dma-depresike\/","title":{"rendered":"\u00abHanna\u00bb degradada a tormenta tropical mientras se forma la d"},"content":{"rendered":"<p style=\"font-size: 12px; color: #003a75; font-family: Arial, Helvetica, sans-serif\" align=\"justify\">El hurac&aacute;n &quot;Hanna&quot; fue degradado hoy a tormenta tropical, aunque se espera que se fortalezca de nuevo, mientras la d&eacute;cima depresi&oacute;n tropical denominada Ike y que forma parte de la temporada de huracanes del Atl&aacute;ntico se form&oacute; hoy al sureste de las islas de Cabo Verde.<\/p>\n<p style=\"font-size: 12px; color: #003a75; font-family: Arial, Helvetica, sans-serif\" align=\"justify\">El Centro Nacional de Huracanes de Estados Unidos (CNH) inform&oacute; en su bolet&iacute;n de hoy que &quot;Hanna&quot; se ha debilitado y presenta vientos m&aacute;ximos sostenidos de 110 kil&oacute;metros por hora.Pese a que se esperan &quot;pocos cambios&quot; en su intensidad durante las pr&oacute;ximas 24 horas, el sistema &quot;podr&iacute;a de nuevo derivar en hurac&aacute;n hoy por la tarde o ma&ntilde;ana, mi&eacute;rcoles&quot;, seg&uacute;n el CNH, con sede en Miami.<\/p>\n<p style=\"font-size: 12px; color: #003a75; font-family: Arial, Helvetica, sans-serif\" align=\"justify\">A esa hora el ojo de la tormenta se hallaba a 21,2 grados de latitud norte y 73,1 grados de longitud oeste, &quot;muy cerca de la isla Great Inagua y a unos 625 kil&oacute;metros al sudeste de Nassau (Bahamas)&quot;.&quot;Hanna&quot; se mueve lentamente, a unos 4 kil&oacute;metros por hora, de forma err&aacute;tica, y los expertos vaticinan que comenzar&aacute; a desplazarse en direcci&oacute;n noroeste esta noche o ma&ntilde;ana, mi&eacute;rcoles inform&oacute; la agencia Efe.<\/p>\n<div style=\"text-align: center\"><img loading=\"lazy\" decoding=\"async\" src=\"http:\/\/aeronoticias.com.pe\/fotonoticias\/setiembre\/gustav2sep.JPG\" alt=\" \" title=\"El cicl&oacute;n &quot;Gustav&quot; se redujo hoy de tormenta tropical a depresi&oacute;n tropical tras su paso por Luisiana. (Foto: Internet)\" hspace=\"5\" vspace=\"5\" width=\"400\" height=\"248\" \/><\/div>\n<p> <!--more--> <\/p>\n<p style=\"font-size: 12px; color: #003a75; font-family: Arial, Helvetica, sans-serif\" align=\"center\"><strong>Hanna se mover&aacute; sobre Bahamas<\/strong><\/p>\n<p style=\"font-size: 12px; color: #003a75; font-family: Arial, Helvetica, sans-serif\" align=\"justify\">Seg&uacute;n un probable patr&oacute;n de trayectoria, el ojo de &quot;Hanna&quot; se mover&aacute; hoy y el mi&eacute;rcoles, sobre Bahamas.&quot;Intensas lluvias est&aacute;n afectando al sudeste de Bahamas, las islas Turcos y Caicos y Hait&iacute;&quot;, se&ntilde;al&oacute; el CNH.<\/p>\n<p style=\"font-size: 12px; color: #003a75; font-family: Arial, Helvetica, sans-serif\" align=\"justify\">Permanece activado un aviso de hurac&aacute;n (paso del sistema en 24 horas) para la zona central y sudeste de Bahamas, Turcos y Caicos.<\/p>\n<p style=\"font-size: 12px; color: #003a75; font-family: Arial, Helvetica, sans-serif\" align=\"justify\">Mientras tanto, la d&eacute;cima depresi&oacute;n de la actual temporada se form&oacute; al este del atl&aacute;ntico, cerca de Cabo Verde, y el CNH prev&eacute; que hoy mismo la depresi&oacute;n se convierta en tormenta tropical. <\/p>\n<p style=\"font-size: 12px; color: #003a75; font-family: Arial, Helvetica, sans-serif\" align=\"center\"><strong>Gustav se redujo a tormenta tropical<\/strong><\/p>\n<p style=\"font-size: 12px; color: #003a75; font-family: Arial, Helvetica, sans-serif\" align=\"justify\">Adem&aacute;s, el cicl&oacute;n &quot;Gustav&quot; se redujo hoy de tormenta tropical a depresi&oacute;n tropical y sigui&oacute; debilit&aacute;ndose mientras manten&iacute;a su rumbo al noroeste, desde Luisiana hacia el noreste de Texas, aunque todav&iacute;a acompa&ntilde;ado de amenazas de inundaciones.<\/p>\n<p style=\"font-size: 12px; color: #003a75; font-family: Arial, Helvetica, sans-serif\" align=\"justify\">Gustav&quot; toc&oacute; tierra ayer en la costa de Luisiana a 110 kil&oacute;metros al oeste de Nueva Orleans como hurac&aacute;n de categor&iacute;a dos en la escala de intensidad Saffir-Simpson, de un m&aacute;ximo de cinco. <\/p>\n<p style=\"font-size: 12px; color: #003a75; font-family: Arial, Helvetica, sans-serif\" align=\"center\"><strong>Tormenta Ike<\/strong><\/p>\n<p style=\"font-size: 12px; color: #003a75; font-family: Arial, Helvetica, sans-serif\" align=\"justify\">Por su parte, la tormenta tropical &quot;Ike&quot; se encuentra a mitad de camino entre el continente africano y las Antillas menores, y se mueve hacia el oeste a 24 kil&oacute;metros por hora.<\/p>\n<p style=\"font-size: 12px; color: #003a75; font-family: Arial, Helvetica, sans-serif\" align=\"justify\">Su ojo se encuentra localizado a unos 1.985 kil&oacute;metros de las islas de Sotavento.<\/p>\n<p style=\"font-size: 12px; color: #003a75; font-family: Arial, Helvetica, sans-serif\" align=\"justify\">&quot;Ike&quot; presenta vientos m&aacute;ximos sostenidos de 85 kil&oacute;metros por hora y se espera &quot;su fortalecimiento en los pr&oacute;ximos dos d&iacute;as&quot;, seg&uacute;n los meteor&oacute;logos.<\/p>\n<p style=\"font-size: 12px; color: #003a75; font-family: Arial, Helvetica, sans-serif\" align=\"justify\">En la actual temporada de huracanes en el Atl&aacute;ntico (del 1 de junio al 30 de noviembre) se han formado nueve tormentas y cuatro huracanes.<\/p>\n<p style=\"font-size: 12px; color: #003a75; font-family: Arial, Helvetica, sans-serif\" align=\"justify\">Los meteor&oacute;logos de la Administraci&oacute;n Nacional de Oc&eacute;anos y Atm&oacute;sfera de EEUU vaticinaron en agosto pasado que esta temporada ser&aacute; muy activa, con la posible formaci&oacute;n de 14 a 18 tormentas tropicales, de las que entre siete y 10 puede llegar a ser huracanes.<\/p>\n<p>&nbsp;<\/p>\n","protected":false},"excerpt":{"rendered":"<p>El hurac&aacute;n &quot;Hanna&quot; fue degradado hoy a tormenta tropical, aunque se espera que se fortalezca de nuevo, mientras la d&eacute;cima depresi&oacute;n tropical denominada Ike y que forma parte de la temporada de huracanes del Atl&aacute;ntico se form&oacute; hoy al sureste de las islas de Cabo Verde. El Centro Nacional de Huracanes de Estados Unidos (CNH) [&hellip;]<\/p>\n","protected":false},"author":1,"featured_media":0,"comment_status":"open","ping_status":"open","sticky":false,"template":"","format":"standard","meta":{"tdm_status":"","tdm_grid_status":"","footnotes":""},"categories":[30],"tags":[],"class_list":{"0":"post-386","1":"post","2":"type-post","3":"status-publish","4":"format-standard","6":"category-30"},"yoast_head":"<!-- This site is optimized with the Yoast SEO plugin v25.1 - https:\/\/yoast.com\/wordpress\/plugins\/seo\/ -->\n<title>&quot;Hanna&quot; degradada a tormenta tropical mientras se forma la d<\/title>\n<meta name=\"description\" content=\"Portal de noticias del Per\u00fa sobre el transporte a\u00e9reo, aviaci\u00f3n, turismo, hoteleria, actualidad.\" \/>\n<meta name=\"robots\" content=\"index, follow, max-snippet:-1, max-image-preview:large, max-video-preview:-1\" \/>\n<link rel=\"canonical\" href=\"https:\/\/aeronoticias.com.pe\/noticiero\/ultimas\/1\/qhannaq-degradada-a-tormenta-tropical-mientras-se-forma-la-dma-depresike\/\" \/>\n<meta property=\"og:locale\" content=\"es_ES\" \/>\n<meta property=\"og:type\" content=\"article\" \/>\n<meta property=\"og:title\" content=\"&quot;Hanna&quot; degradada a tormenta tropical mientras se forma la d\" \/>\n<meta property=\"og:description\" content=\"Portal de noticias del Per\u00fa sobre el transporte a\u00e9reo, aviaci\u00f3n, turismo, hoteleria, actualidad.\" \/>\n<meta property=\"og:url\" content=\"https:\/\/aeronoticias.com.pe\/noticiero\/ultimas\/1\/qhannaq-degradada-a-tormenta-tropical-mientras-se-forma-la-dma-depresike\/\" \/>\n<meta property=\"og:site_name\" content=\"Aeronoticias.com.pe\" \/>\n<meta property=\"article:publisher\" content=\"https:\/\/www.facebook.com\/Aeronoticias.com.pe\/\" \/>\n<meta property=\"article:published_time\" content=\"2008-09-02T10:03:05+00:00\" \/>\n<meta property=\"og:image\" content=\"http:\/\/aeronoticias.com.pe\/fotonoticias\/setiembre\/gustav2sep.JPG\" \/>\n<meta name=\"author\" content=\"Redacci\u00f3n Aeronoticias\" \/>\n<meta name=\"twitter:card\" content=\"summary_large_image\" \/>\n<meta name=\"twitter:creator\" content=\"@aeronoticias\" \/>\n<meta name=\"twitter:site\" content=\"@aeronoticias\" \/>\n<meta name=\"twitter:label1\" content=\"Escrito por\" \/>\n\t<meta name=\"twitter:data1\" content=\"Redacci\u00f3n Aeronoticias\" \/>\n\t<meta name=\"twitter:label2\" content=\"Tiempo de lectura\" \/>\n\t<meta name=\"twitter:data2\" content=\"3 minutos\" \/>\n<script type=\"application\/ld+json\" class=\"yoast-schema-graph\">{\"@context\":\"https:\/\/schema.org\",\"@graph\":[{\"@type\":\"WebPage\",\"@id\":\"https:\/\/aeronoticias.com.pe\/noticiero\/ultimas\/1\/qhannaq-degradada-a-tormenta-tropical-mientras-se-forma-la-dma-depresike\/\",\"url\":\"https:\/\/aeronoticias.com.pe\/noticiero\/ultimas\/1\/qhannaq-degradada-a-tormenta-tropical-mientras-se-forma-la-dma-depresike\/\",\"name\":\"\\\"Hanna\\\" degradada a tormenta tropical mientras se forma la d\",\"isPartOf\":{\"@id\":\"https:\/\/aeronoticias.com.pe\/noticiero\/#website\"},\"primaryImageOfPage\":{\"@id\":\"https:\/\/aeronoticias.com.pe\/noticiero\/ultimas\/1\/qhannaq-degradada-a-tormenta-tropical-mientras-se-forma-la-dma-depresike\/#primaryimage\"},\"image\":{\"@id\":\"https:\/\/aeronoticias.com.pe\/noticiero\/ultimas\/1\/qhannaq-degradada-a-tormenta-tropical-mientras-se-forma-la-dma-depresike\/#primaryimage\"},\"thumbnailUrl\":\"http:\/\/aeronoticias.com.pe\/fotonoticias\/setiembre\/gustav2sep.JPG\",\"datePublished\":\"2008-09-02T10:03:05+00:00\",\"author\":{\"@id\":\"https:\/\/aeronoticias.com.pe\/noticiero\/#\/schema\/person\/fc1e5d578f4b62ba1cf7ac2bba1170a0\"},\"description\":\"Portal de noticias del Per\u00fa sobre el transporte a\u00e9reo, aviaci\u00f3n, turismo, hoteleria, actualidad.\",\"breadcrumb\":{\"@id\":\"https:\/\/aeronoticias.com.pe\/noticiero\/ultimas\/1\/qhannaq-degradada-a-tormenta-tropical-mientras-se-forma-la-dma-depresike\/#breadcrumb\"},\"inLanguage\":\"es\",\"potentialAction\":[{\"@type\":\"ReadAction\",\"target\":[\"https:\/\/aeronoticias.com.pe\/noticiero\/ultimas\/1\/qhannaq-degradada-a-tormenta-tropical-mientras-se-forma-la-dma-depresike\/\"]}]},{\"@type\":\"ImageObject\",\"inLanguage\":\"es\",\"@id\":\"https:\/\/aeronoticias.com.pe\/noticiero\/ultimas\/1\/qhannaq-degradada-a-tormenta-tropical-mientras-se-forma-la-dma-depresike\/#primaryimage\",\"url\":\"http:\/\/aeronoticias.com.pe\/fotonoticias\/setiembre\/gustav2sep.JPG\",\"contentUrl\":\"http:\/\/aeronoticias.com.pe\/fotonoticias\/setiembre\/gustav2sep.JPG\"},{\"@type\":\"BreadcrumbList\",\"@id\":\"https:\/\/aeronoticias.com.pe\/noticiero\/ultimas\/1\/qhannaq-degradada-a-tormenta-tropical-mientras-se-forma-la-dma-depresike\/#breadcrumb\",\"itemListElement\":[{\"@type\":\"ListItem\",\"position\":1,\"name\":\"Portada\",\"item\":\"https:\/\/aeronoticias.com.pe\/noticiero\/\"},{\"@type\":\"ListItem\",\"position\":2,\"name\":\"\u00abHanna\u00bb degradada a tormenta tropical mientras se forma la d\"}]},{\"@type\":\"WebSite\",\"@id\":\"https:\/\/aeronoticias.com.pe\/noticiero\/#website\",\"url\":\"https:\/\/aeronoticias.com.pe\/noticiero\/\",\"name\":\"Aeronoticias.com.pe\",\"description\":\"Noticias de tranporte aereo, turismo, hoteles, gastronomia, actualidad, internacional\",\"potentialAction\":[{\"@type\":\"SearchAction\",\"target\":{\"@type\":\"EntryPoint\",\"urlTemplate\":\"https:\/\/aeronoticias.com.pe\/noticiero\/?s={search_term_string}\"},\"query-input\":{\"@type\":\"PropertyValueSpecification\",\"valueRequired\":true,\"valueName\":\"search_term_string\"}}],\"inLanguage\":\"es\"},{\"@type\":\"Person\",\"@id\":\"https:\/\/aeronoticias.com.pe\/noticiero\/#\/schema\/person\/fc1e5d578f4b62ba1cf7ac2bba1170a0\",\"name\":\"Redacci\u00f3n Aeronoticias\",\"url\":\"https:\/\/aeronoticias.com.pe\/noticiero\/author\/piloto\/\"}]}<\/script>\n<!-- \/ Yoast SEO plugin. -->","yoast_head_json":{"title":"\"Hanna\" degradada a tormenta tropical mientras se forma la d","description":"Portal de noticias del Per\u00fa sobre el transporte a\u00e9reo, aviaci\u00f3n, turismo, hoteleria, actualidad.","robots":{"index":"index","follow":"follow","max-snippet":"max-snippet:-1","max-image-preview":"max-image-preview:large","max-video-preview":"max-video-preview:-1"},"canonical":"https:\/\/aeronoticias.com.pe\/noticiero\/ultimas\/1\/qhannaq-degradada-a-tormenta-tropical-mientras-se-forma-la-dma-depresike\/","og_locale":"es_ES","og_type":"article","og_title":"\"Hanna\" degradada a tormenta tropical mientras se forma la d","og_description":"Portal de noticias del Per\u00fa sobre el transporte a\u00e9reo, aviaci\u00f3n, turismo, hoteleria, actualidad.","og_url":"https:\/\/aeronoticias.com.pe\/noticiero\/ultimas\/1\/qhannaq-degradada-a-tormenta-tropical-mientras-se-forma-la-dma-depresike\/","og_site_name":"Aeronoticias.com.pe","article_publisher":"https:\/\/www.facebook.com\/Aeronoticias.com.pe\/","article_published_time":"2008-09-02T10:03:05+00:00","og_image":[{"url":"http:\/\/aeronoticias.com.pe\/fotonoticias\/setiembre\/gustav2sep.JPG","type":"","width":"","height":""}],"author":"Redacci\u00f3n Aeronoticias","twitter_card":"summary_large_image","twitter_creator":"@aeronoticias","twitter_site":"@aeronoticias","twitter_misc":{"Escrito por":"Redacci\u00f3n Aeronoticias","Tiempo de lectura":"3 minutos"},"schema":{"@context":"https:\/\/schema.org","@graph":[{"@type":"WebPage","@id":"https:\/\/aeronoticias.com.pe\/noticiero\/ultimas\/1\/qhannaq-degradada-a-tormenta-tropical-mientras-se-forma-la-dma-depresike\/","url":"https:\/\/aeronoticias.com.pe\/noticiero\/ultimas\/1\/qhannaq-degradada-a-tormenta-tropical-mientras-se-forma-la-dma-depresike\/","name":"\"Hanna\" degradada a tormenta tropical mientras se forma la d","isPartOf":{"@id":"https:\/\/aeronoticias.com.pe\/noticiero\/#website"},"primaryImageOfPage":{"@id":"https:\/\/aeronoticias.com.pe\/noticiero\/ultimas\/1\/qhannaq-degradada-a-tormenta-tropical-mientras-se-forma-la-dma-depresike\/#primaryimage"},"image":{"@id":"https:\/\/aeronoticias.com.pe\/noticiero\/ultimas\/1\/qhannaq-degradada-a-tormenta-tropical-mientras-se-forma-la-dma-depresike\/#primaryimage"},"thumbnailUrl":"http:\/\/aeronoticias.com.pe\/fotonoticias\/setiembre\/gustav2sep.JPG","datePublished":"2008-09-02T10:03:05+00:00","author":{"@id":"https:\/\/aeronoticias.com.pe\/noticiero\/#\/schema\/person\/fc1e5d578f4b62ba1cf7ac2bba1170a0"},"description":"Portal de noticias del Per\u00fa sobre el transporte a\u00e9reo, aviaci\u00f3n, turismo, hoteleria, actualidad.","breadcrumb":{"@id":"https:\/\/aeronoticias.com.pe\/noticiero\/ultimas\/1\/qhannaq-degradada-a-tormenta-tropical-mientras-se-forma-la-dma-depresike\/#breadcrumb"},"inLanguage":"es","potentialAction":[{"@type":"ReadAction","target":["https:\/\/aeronoticias.com.pe\/noticiero\/ultimas\/1\/qhannaq-degradada-a-tormenta-tropical-mientras-se-forma-la-dma-depresike\/"]}]},{"@type":"ImageObject","inLanguage":"es","@id":"https:\/\/aeronoticias.com.pe\/noticiero\/ultimas\/1\/qhannaq-degradada-a-tormenta-tropical-mientras-se-forma-la-dma-depresike\/#primaryimage","url":"http:\/\/aeronoticias.com.pe\/fotonoticias\/setiembre\/gustav2sep.JPG","contentUrl":"http:\/\/aeronoticias.com.pe\/fotonoticias\/setiembre\/gustav2sep.JPG"},{"@type":"BreadcrumbList","@id":"https:\/\/aeronoticias.com.pe\/noticiero\/ultimas\/1\/qhannaq-degradada-a-tormenta-tropical-mientras-se-forma-la-dma-depresike\/#breadcrumb","itemListElement":[{"@type":"ListItem","position":1,"name":"Portada","item":"https:\/\/aeronoticias.com.pe\/noticiero\/"},{"@type":"ListItem","position":2,"name":"\u00abHanna\u00bb degradada a tormenta tropical mientras se forma la d"}]},{"@type":"WebSite","@id":"https:\/\/aeronoticias.com.pe\/noticiero\/#website","url":"https:\/\/aeronoticias.com.pe\/noticiero\/","name":"Aeronoticias.com.pe","description":"Noticias de tranporte aereo, turismo, hoteles, gastronomia, actualidad, internacional","potentialAction":[{"@type":"SearchAction","target":{"@type":"EntryPoint","urlTemplate":"https:\/\/aeronoticias.com.pe\/noticiero\/?s={search_term_string}"},"query-input":{"@type":"PropertyValueSpecification","valueRequired":true,"valueName":"search_term_string"}}],"inLanguage":"es"},{"@type":"Person","@id":"https:\/\/aeronoticias.com.pe\/noticiero\/#\/schema\/person\/fc1e5d578f4b62ba1cf7ac2bba1170a0","name":"Redacci\u00f3n Aeronoticias","url":"https:\/\/aeronoticias.com.pe\/noticiero\/author\/piloto\/"}]}},"_links":{"self":[{"href":"https:\/\/aeronoticias.com.pe\/noticiero\/wp-json\/wp\/v2\/posts\/386","targetHints":{"allow":["GET"]}}],"collection":[{"href":"https:\/\/aeronoticias.com.pe\/noticiero\/wp-json\/wp\/v2\/posts"}],"about":[{"href":"https:\/\/aeronoticias.com.pe\/noticiero\/wp-json\/wp\/v2\/types\/post"}],"author":[{"embeddable":true,"href":"https:\/\/aeronoticias.com.pe\/noticiero\/wp-json\/wp\/v2\/users\/1"}],"replies":[{"embeddable":true,"href":"https:\/\/aeronoticias.com.pe\/noticiero\/wp-json\/wp\/v2\/comments?post=386"}],"version-history":[{"count":0,"href":"https:\/\/aeronoticias.com.pe\/noticiero\/wp-json\/wp\/v2\/posts\/386\/revisions"}],"wp:attachment":[{"href":"https:\/\/aeronoticias.com.pe\/noticiero\/wp-json\/wp\/v2\/media?parent=386"}],"wp:term":[{"taxonomy":"category","embeddable":true,"href":"https:\/\/aeronoticias.com.pe\/noticiero\/wp-json\/wp\/v2\/categories?post=386"},{"taxonomy":"post_tag","embeddable":true,"href":"https:\/\/aeronoticias.com.pe\/noticiero\/wp-json\/wp\/v2\/tags?post=386"}],"curies":[{"name":"wp","href":"https:\/\/api.w.org\/{rel}","templated":true}]}}