{"id":38984,"date":"2013-08-01T15:22:50","date_gmt":"2013-08-01T15:22:50","guid":{"rendered":"http:\/\/desarrollo.mcvicious.com\/aero2020\/2013\/08\/01\/imitador-de-luis-miguel-afirma-que-fue-discriminado-en-yo-soy\/"},"modified":"2013-08-01T15:22:50","modified_gmt":"2013-08-01T15:22:50","slug":"imitador-de-luis-miguel-afirma-que-fue-discriminado-en-yo-soy","status":"publish","type":"post","link":"https:\/\/aeronoticias.com.pe\/noticiero\/espectaculos\/imitador-de-luis-miguel-afirma-que-fue-discriminado-en-yo-soy\/","title":{"rendered":"Imitador de Luis Miguel afirma que fue discriminado en \u2018Yo soy\u2019"},"content":{"rendered":"<p style=\"text-align: justify;\"><strong>(Aeronoticias)<\/strong> El<strong> <\/strong>imitador del cantante Luis Miguel en \u00abYo soy\u00bb,\u00a0<span style=\"line-height: 1.3em;\">Jano Canavesi, asegur\u00f3 que su reacci\u00f3n tras ser eliminado del programa concurso se debi\u00f3 a la discriminaci\u00f3n de la que se sinti\u00f3 v\u00edctima desde la primera gala.<\/span><\/p>\n<p style=\"text-align: justify;\"><span style=\"line-height: 1.3em;\">\u201cDesde mi presentaci\u00f3n inicial fui discriminado, insultado, silbado por ser extranjero. (&#8230;) Tambi\u00e9n he sido insultado por miles de personas en la p\u00e1gina oficial del programa\u201d, public\u00f3 el imitador a trav\u00e9s de su cuenta oficial de Facebook.<\/span><\/p>\n<p style=\"text-align: justify;\"><span style=\"line-height: 1.3em;\">\u201cNunca pude disfrutar una presentaci\u00f3n, ya que por todos estos motivos l\u00f3gicos, el maltrato de la producci\u00f3n para con mi persona fue netamente una falta de respeto (&#8230;) No me molesta perder, pero s\u00ed me duele y molesta que me hayan tra\u00eddo desde mi pa\u00eds para sufrir solo por el morbo de basurear a una persona porque es extranjero\u201c, agagre\u00f3 Canavesi en un mensaje que borro luego para publicar el siguiente comunicado: \u00ab<\/span><span style=\"line-height: 1.3em;\">Gracias a Frecuencia Latina y Rayo en la botella (productora de Mor\u00e1n) por la oportunidad que me brindaron de poder mostrarle al Per\u00fa mi trabajo que tiene una trayectoria con m\u00e1s de catorce a\u00f1os en diferentes escenarios de Am\u00e9rica\u201d.<\/span><\/p>\n<p style=\"text-align: justify;\"><span style=\"line-height: 1.3em;\"><img decoding=\"async\" src=\"images\/stories\/13\/08\/imitadorluismiguel.jpg\" border=\"0\" \/><img decoding=\"async\" src=\"Imitador de Luis Miguel afirma que fue discriminado en \u2018Yo soy\u2019\" border=\"0\" alt=\"Imitador de Luis Miguel afirma que fue discriminado en \u2018Yo soy\u2019\" \/><br \/><\/span><\/p>\n","protected":false},"excerpt":{"rendered":"<p>(Aeronoticias) El imitador del cantante Luis Miguel en \u00abYo soy\u00bb,\u00a0Jano Canavesi, asegur\u00f3 que su reacci\u00f3n tras ser eliminado del programa concurso se debi\u00f3 a la discriminaci\u00f3n de la que se sinti\u00f3 v\u00edctima desde la primera gala. \u201cDesde mi presentaci\u00f3n inicial fui discriminado, insultado, silbado por ser extranjero. (&#8230;) Tambi\u00e9n he sido insultado por miles de [&hellip;]<\/p>\n","protected":false},"author":1,"featured_media":0,"comment_status":"open","ping_status":"open","sticky":false,"template":"","format":"standard","meta":{"tdm_status":"","tdm_grid_status":"","footnotes":""},"categories":[41],"tags":[],"class_list":{"0":"post-38984","1":"post","2":"type-post","3":"status-publish","4":"format-standard","6":"category-espectaculos"},"yoast_head":"<!-- This site is optimized with the Yoast SEO plugin v25.1 - https:\/\/yoast.com\/wordpress\/plugins\/seo\/ -->\n<title>Imitador de Luis Miguel afirma que fue discriminado en \u2018Yo soy\u2019<\/title>\n<meta name=\"description\" content=\"Portal de noticias del Per\u00fa sobre el transporte a\u00e9reo, aviaci\u00f3n, turismo, hoteleria, actualidad.\" \/>\n<meta name=\"robots\" content=\"index, follow, max-snippet:-1, max-image-preview:large, max-video-preview:-1\" \/>\n<link rel=\"canonical\" href=\"https:\/\/aeronoticias.com.pe\/noticiero\/espectaculos\/imitador-de-luis-miguel-afirma-que-fue-discriminado-en-yo-soy\/\" \/>\n<meta property=\"og:locale\" content=\"es_ES\" \/>\n<meta property=\"og:type\" content=\"article\" \/>\n<meta property=\"og:title\" content=\"Imitador de Luis Miguel afirma que fue discriminado en \u2018Yo soy\u2019\" \/>\n<meta property=\"og:description\" content=\"Portal de noticias del Per\u00fa sobre el transporte a\u00e9reo, aviaci\u00f3n, turismo, hoteleria, actualidad.\" \/>\n<meta property=\"og:url\" content=\"https:\/\/aeronoticias.com.pe\/noticiero\/espectaculos\/imitador-de-luis-miguel-afirma-que-fue-discriminado-en-yo-soy\/\" \/>\n<meta property=\"og:site_name\" content=\"Aeronoticias.com.pe\" \/>\n<meta property=\"article:publisher\" content=\"https:\/\/www.facebook.com\/Aeronoticias.com.pe\/\" \/>\n<meta property=\"article:published_time\" content=\"2013-08-01T15:22:50+00:00\" \/>\n<meta name=\"author\" content=\"Redacci\u00f3n Aeronoticias\" \/>\n<meta name=\"twitter:card\" content=\"summary_large_image\" \/>\n<meta name=\"twitter:creator\" content=\"@aeronoticias\" \/>\n<meta name=\"twitter:site\" content=\"@aeronoticias\" \/>\n<meta name=\"twitter:label1\" content=\"Escrito por\" \/>\n\t<meta name=\"twitter:data1\" content=\"Redacci\u00f3n Aeronoticias\" \/>\n\t<meta name=\"twitter:label2\" content=\"Tiempo de lectura\" \/>\n\t<meta name=\"twitter:data2\" content=\"1 minuto\" \/>\n<script type=\"application\/ld+json\" class=\"yoast-schema-graph\">{\"@context\":\"https:\/\/schema.org\",\"@graph\":[{\"@type\":\"WebPage\",\"@id\":\"https:\/\/aeronoticias.com.pe\/noticiero\/espectaculos\/imitador-de-luis-miguel-afirma-que-fue-discriminado-en-yo-soy\/\",\"url\":\"https:\/\/aeronoticias.com.pe\/noticiero\/espectaculos\/imitador-de-luis-miguel-afirma-que-fue-discriminado-en-yo-soy\/\",\"name\":\"Imitador de Luis Miguel afirma que fue discriminado en \u2018Yo soy\u2019\",\"isPartOf\":{\"@id\":\"https:\/\/aeronoticias.com.pe\/noticiero\/#website\"},\"datePublished\":\"2013-08-01T15:22:50+00:00\",\"author\":{\"@id\":\"https:\/\/aeronoticias.com.pe\/noticiero\/#\/schema\/person\/fc1e5d578f4b62ba1cf7ac2bba1170a0\"},\"description\":\"Portal de noticias del Per\u00fa sobre el transporte a\u00e9reo, aviaci\u00f3n, turismo, hoteleria, actualidad.\",\"breadcrumb\":{\"@id\":\"https:\/\/aeronoticias.com.pe\/noticiero\/espectaculos\/imitador-de-luis-miguel-afirma-que-fue-discriminado-en-yo-soy\/#breadcrumb\"},\"inLanguage\":\"es\",\"potentialAction\":[{\"@type\":\"ReadAction\",\"target\":[\"https:\/\/aeronoticias.com.pe\/noticiero\/espectaculos\/imitador-de-luis-miguel-afirma-que-fue-discriminado-en-yo-soy\/\"]}]},{\"@type\":\"BreadcrumbList\",\"@id\":\"https:\/\/aeronoticias.com.pe\/noticiero\/espectaculos\/imitador-de-luis-miguel-afirma-que-fue-discriminado-en-yo-soy\/#breadcrumb\",\"itemListElement\":[{\"@type\":\"ListItem\",\"position\":1,\"name\":\"Portada\",\"item\":\"https:\/\/aeronoticias.com.pe\/noticiero\/\"},{\"@type\":\"ListItem\",\"position\":2,\"name\":\"Imitador de Luis Miguel afirma que fue discriminado en \u2018Yo soy\u2019\"}]},{\"@type\":\"WebSite\",\"@id\":\"https:\/\/aeronoticias.com.pe\/noticiero\/#website\",\"url\":\"https:\/\/aeronoticias.com.pe\/noticiero\/\",\"name\":\"Aeronoticias.com.pe\",\"description\":\"Noticias de tranporte aereo, turismo, hoteles, gastronomia, actualidad, internacional\",\"potentialAction\":[{\"@type\":\"SearchAction\",\"target\":{\"@type\":\"EntryPoint\",\"urlTemplate\":\"https:\/\/aeronoticias.com.pe\/noticiero\/?s={search_term_string}\"},\"query-input\":{\"@type\":\"PropertyValueSpecification\",\"valueRequired\":true,\"valueName\":\"search_term_string\"}}],\"inLanguage\":\"es\"},{\"@type\":\"Person\",\"@id\":\"https:\/\/aeronoticias.com.pe\/noticiero\/#\/schema\/person\/fc1e5d578f4b62ba1cf7ac2bba1170a0\",\"name\":\"Redacci\u00f3n Aeronoticias\",\"url\":\"https:\/\/aeronoticias.com.pe\/noticiero\/author\/piloto\/\"}]}<\/script>\n<!-- \/ Yoast SEO plugin. -->","yoast_head_json":{"title":"Imitador de Luis Miguel afirma que fue discriminado en \u2018Yo soy\u2019","description":"Portal de noticias del Per\u00fa sobre el transporte a\u00e9reo, aviaci\u00f3n, turismo, hoteleria, actualidad.","robots":{"index":"index","follow":"follow","max-snippet":"max-snippet:-1","max-image-preview":"max-image-preview:large","max-video-preview":"max-video-preview:-1"},"canonical":"https:\/\/aeronoticias.com.pe\/noticiero\/espectaculos\/imitador-de-luis-miguel-afirma-que-fue-discriminado-en-yo-soy\/","og_locale":"es_ES","og_type":"article","og_title":"Imitador de Luis Miguel afirma que fue discriminado en \u2018Yo soy\u2019","og_description":"Portal de noticias del Per\u00fa sobre el transporte a\u00e9reo, aviaci\u00f3n, turismo, hoteleria, actualidad.","og_url":"https:\/\/aeronoticias.com.pe\/noticiero\/espectaculos\/imitador-de-luis-miguel-afirma-que-fue-discriminado-en-yo-soy\/","og_site_name":"Aeronoticias.com.pe","article_publisher":"https:\/\/www.facebook.com\/Aeronoticias.com.pe\/","article_published_time":"2013-08-01T15:22:50+00:00","author":"Redacci\u00f3n Aeronoticias","twitter_card":"summary_large_image","twitter_creator":"@aeronoticias","twitter_site":"@aeronoticias","twitter_misc":{"Escrito por":"Redacci\u00f3n Aeronoticias","Tiempo de lectura":"1 minuto"},"schema":{"@context":"https:\/\/schema.org","@graph":[{"@type":"WebPage","@id":"https:\/\/aeronoticias.com.pe\/noticiero\/espectaculos\/imitador-de-luis-miguel-afirma-que-fue-discriminado-en-yo-soy\/","url":"https:\/\/aeronoticias.com.pe\/noticiero\/espectaculos\/imitador-de-luis-miguel-afirma-que-fue-discriminado-en-yo-soy\/","name":"Imitador de Luis Miguel afirma que fue discriminado en \u2018Yo soy\u2019","isPartOf":{"@id":"https:\/\/aeronoticias.com.pe\/noticiero\/#website"},"datePublished":"2013-08-01T15:22:50+00:00","author":{"@id":"https:\/\/aeronoticias.com.pe\/noticiero\/#\/schema\/person\/fc1e5d578f4b62ba1cf7ac2bba1170a0"},"description":"Portal de noticias del Per\u00fa sobre el transporte a\u00e9reo, aviaci\u00f3n, turismo, hoteleria, actualidad.","breadcrumb":{"@id":"https:\/\/aeronoticias.com.pe\/noticiero\/espectaculos\/imitador-de-luis-miguel-afirma-que-fue-discriminado-en-yo-soy\/#breadcrumb"},"inLanguage":"es","potentialAction":[{"@type":"ReadAction","target":["https:\/\/aeronoticias.com.pe\/noticiero\/espectaculos\/imitador-de-luis-miguel-afirma-que-fue-discriminado-en-yo-soy\/"]}]},{"@type":"BreadcrumbList","@id":"https:\/\/aeronoticias.com.pe\/noticiero\/espectaculos\/imitador-de-luis-miguel-afirma-que-fue-discriminado-en-yo-soy\/#breadcrumb","itemListElement":[{"@type":"ListItem","position":1,"name":"Portada","item":"https:\/\/aeronoticias.com.pe\/noticiero\/"},{"@type":"ListItem","position":2,"name":"Imitador de Luis Miguel afirma que fue discriminado en \u2018Yo soy\u2019"}]},{"@type":"WebSite","@id":"https:\/\/aeronoticias.com.pe\/noticiero\/#website","url":"https:\/\/aeronoticias.com.pe\/noticiero\/","name":"Aeronoticias.com.pe","description":"Noticias de tranporte aereo, turismo, hoteles, gastronomia, actualidad, internacional","potentialAction":[{"@type":"SearchAction","target":{"@type":"EntryPoint","urlTemplate":"https:\/\/aeronoticias.com.pe\/noticiero\/?s={search_term_string}"},"query-input":{"@type":"PropertyValueSpecification","valueRequired":true,"valueName":"search_term_string"}}],"inLanguage":"es"},{"@type":"Person","@id":"https:\/\/aeronoticias.com.pe\/noticiero\/#\/schema\/person\/fc1e5d578f4b62ba1cf7ac2bba1170a0","name":"Redacci\u00f3n Aeronoticias","url":"https:\/\/aeronoticias.com.pe\/noticiero\/author\/piloto\/"}]}},"_links":{"self":[{"href":"https:\/\/aeronoticias.com.pe\/noticiero\/wp-json\/wp\/v2\/posts\/38984","targetHints":{"allow":["GET"]}}],"collection":[{"href":"https:\/\/aeronoticias.com.pe\/noticiero\/wp-json\/wp\/v2\/posts"}],"about":[{"href":"https:\/\/aeronoticias.com.pe\/noticiero\/wp-json\/wp\/v2\/types\/post"}],"author":[{"embeddable":true,"href":"https:\/\/aeronoticias.com.pe\/noticiero\/wp-json\/wp\/v2\/users\/1"}],"replies":[{"embeddable":true,"href":"https:\/\/aeronoticias.com.pe\/noticiero\/wp-json\/wp\/v2\/comments?post=38984"}],"version-history":[{"count":0,"href":"https:\/\/aeronoticias.com.pe\/noticiero\/wp-json\/wp\/v2\/posts\/38984\/revisions"}],"wp:attachment":[{"href":"https:\/\/aeronoticias.com.pe\/noticiero\/wp-json\/wp\/v2\/media?parent=38984"}],"wp:term":[{"taxonomy":"category","embeddable":true,"href":"https:\/\/aeronoticias.com.pe\/noticiero\/wp-json\/wp\/v2\/categories?post=38984"},{"taxonomy":"post_tag","embeddable":true,"href":"https:\/\/aeronoticias.com.pe\/noticiero\/wp-json\/wp\/v2\/tags?post=38984"}],"curies":[{"name":"wp","href":"https:\/\/api.w.org\/{rel}","templated":true}]}}