{"id":39036,"date":"2013-08-03T07:48:54","date_gmt":"2013-08-03T07:48:54","guid":{"rendered":"http:\/\/desarrollo.mcvicious.com\/aero2020\/2013\/08\/03\/villa-el-salvador-policia-abatio-a-delincuentes-que-planeaban-robo-a-grifo\/"},"modified":"2013-08-03T07:48:54","modified_gmt":"2013-08-03T07:48:54","slug":"villa-el-salvador-policia-abatio-a-delincuentes-que-planeaban-robo-a-grifo","status":"publish","type":"post","link":"https:\/\/aeronoticias.com.pe\/noticiero\/nacionales\/villa-el-salvador-policia-abatio-a-delincuentes-que-planeaban-robo-a-grifo\/","title":{"rendered":"Villa El Salvador: Polic\u00eda abati\u00f3 a delincuentes que planeaban robo a grifo"},"content":{"rendered":"<p style=\"text-align: justify;\"><strong>(Aeronoticias)<\/strong>.- Cuatro sujetos encapuchados caminaban por las calles del asentamiento humano Edilberto Ramos en Villa El Salvador. Cabe resaltar que uno de ellos iba en moto.<\/p>\n<p style=\"text-align: justify;\">No obstante, la polic\u00eda por medio de una patrulla logr\u00f3 detectar a los sospechosos. De manera que, los delincuentes a penas vieron a los agentes comenzaron a dispararles, seg\u00fan se\u00f1al\u00f3 Miguel \u00c1ngel Carbajal, jefe de la Direcci\u00f3n General de Criminal\u00edstica.<\/p>\n<p style=\"text-align: justify;\">Debido a ello, se produjo una balacera, en donde dos de los delincuentes resultaron abatidos, mientras otro herido. Por su parte, la Polic\u00eda indic\u00f3 que los sujetos planeaban asaltar un grifo de la zona. El sujeto que iba en moto escap\u00f3.<\/p>\n<p style=\"text-align: justify;\">Con informaci\u00f3n de <a href=\"http:\/\/www.americatv.com.pe\/portal\/noticias\/actualidad\/polic-abati-dos-delincuentes-cuando-planeaban-asaltar-un-grifo-en-villa-el-salvador-2013\" target=\"_blank\" rel=\"noopener noreferrer\"><em><strong>Am\u00e9rica TV<\/strong><\/em><\/a>.<\/p>\n<p style=\"text-align: justify;\"><img decoding=\"async\" src=\"images\/stories\/13\/08\/020813\/vu.jpg\" border=\"0\" \/><\/p>\n","protected":false},"excerpt":{"rendered":"<p>(Aeronoticias).- Cuatro sujetos encapuchados caminaban por las calles del asentamiento humano Edilberto Ramos en Villa El Salvador. Cabe resaltar que uno de ellos iba en moto. No obstante, la polic\u00eda por medio de una patrulla logr\u00f3 detectar a los sospechosos. De manera que, los delincuentes a penas vieron a los agentes comenzaron a dispararles, seg\u00fan [&hellip;]<\/p>\n","protected":false},"author":1,"featured_media":0,"comment_status":"open","ping_status":"open","sticky":false,"template":"","format":"standard","meta":{"tdm_status":"","tdm_grid_status":"","footnotes":""},"categories":[38],"tags":[],"class_list":{"0":"post-39036","1":"post","2":"type-post","3":"status-publish","4":"format-standard","6":"category-nacionales"},"yoast_head":"<!-- This site is optimized with the Yoast SEO plugin v25.1 - https:\/\/yoast.com\/wordpress\/plugins\/seo\/ -->\n<title>Villa El Salvador: Polic\u00eda abati\u00f3 a delincuentes que planeaban robo a grifo<\/title>\n<meta name=\"description\" content=\"Portal de noticias del Per\u00fa sobre el transporte a\u00e9reo, aviaci\u00f3n, turismo, hoteleria, actualidad.\" \/>\n<meta name=\"robots\" content=\"index, follow, max-snippet:-1, max-image-preview:large, max-video-preview:-1\" \/>\n<link rel=\"canonical\" href=\"https:\/\/aeronoticias.com.pe\/noticiero\/nacionales\/villa-el-salvador-policia-abatio-a-delincuentes-que-planeaban-robo-a-grifo\/\" \/>\n<meta property=\"og:locale\" content=\"es_ES\" \/>\n<meta property=\"og:type\" content=\"article\" \/>\n<meta property=\"og:title\" content=\"Villa El Salvador: Polic\u00eda abati\u00f3 a delincuentes que planeaban robo a grifo\" \/>\n<meta property=\"og:description\" content=\"Portal de noticias del Per\u00fa sobre el transporte a\u00e9reo, aviaci\u00f3n, turismo, hoteleria, actualidad.\" \/>\n<meta property=\"og:url\" content=\"https:\/\/aeronoticias.com.pe\/noticiero\/nacionales\/villa-el-salvador-policia-abatio-a-delincuentes-que-planeaban-robo-a-grifo\/\" \/>\n<meta property=\"og:site_name\" content=\"Aeronoticias.com.pe\" \/>\n<meta property=\"article:publisher\" content=\"https:\/\/www.facebook.com\/Aeronoticias.com.pe\/\" \/>\n<meta property=\"article:published_time\" content=\"2013-08-03T07:48:54+00:00\" \/>\n<meta name=\"author\" content=\"Redacci\u00f3n Aeronoticias\" \/>\n<meta name=\"twitter:card\" content=\"summary_large_image\" \/>\n<meta name=\"twitter:creator\" content=\"@aeronoticias\" \/>\n<meta name=\"twitter:site\" content=\"@aeronoticias\" \/>\n<meta name=\"twitter:label1\" content=\"Escrito por\" \/>\n\t<meta name=\"twitter:data1\" content=\"Redacci\u00f3n Aeronoticias\" \/>\n\t<meta name=\"twitter:label2\" content=\"Tiempo de lectura\" \/>\n\t<meta name=\"twitter:data2\" content=\"1 minuto\" \/>\n<script type=\"application\/ld+json\" class=\"yoast-schema-graph\">{\"@context\":\"https:\/\/schema.org\",\"@graph\":[{\"@type\":\"WebPage\",\"@id\":\"https:\/\/aeronoticias.com.pe\/noticiero\/nacionales\/villa-el-salvador-policia-abatio-a-delincuentes-que-planeaban-robo-a-grifo\/\",\"url\":\"https:\/\/aeronoticias.com.pe\/noticiero\/nacionales\/villa-el-salvador-policia-abatio-a-delincuentes-que-planeaban-robo-a-grifo\/\",\"name\":\"Villa El Salvador: Polic\u00eda abati\u00f3 a delincuentes que planeaban robo a grifo\",\"isPartOf\":{\"@id\":\"https:\/\/aeronoticias.com.pe\/noticiero\/#website\"},\"datePublished\":\"2013-08-03T07:48:54+00:00\",\"author\":{\"@id\":\"https:\/\/aeronoticias.com.pe\/noticiero\/#\/schema\/person\/fc1e5d578f4b62ba1cf7ac2bba1170a0\"},\"description\":\"Portal de noticias del Per\u00fa sobre el transporte a\u00e9reo, aviaci\u00f3n, turismo, hoteleria, actualidad.\",\"breadcrumb\":{\"@id\":\"https:\/\/aeronoticias.com.pe\/noticiero\/nacionales\/villa-el-salvador-policia-abatio-a-delincuentes-que-planeaban-robo-a-grifo\/#breadcrumb\"},\"inLanguage\":\"es\",\"potentialAction\":[{\"@type\":\"ReadAction\",\"target\":[\"https:\/\/aeronoticias.com.pe\/noticiero\/nacionales\/villa-el-salvador-policia-abatio-a-delincuentes-que-planeaban-robo-a-grifo\/\"]}]},{\"@type\":\"BreadcrumbList\",\"@id\":\"https:\/\/aeronoticias.com.pe\/noticiero\/nacionales\/villa-el-salvador-policia-abatio-a-delincuentes-que-planeaban-robo-a-grifo\/#breadcrumb\",\"itemListElement\":[{\"@type\":\"ListItem\",\"position\":1,\"name\":\"Portada\",\"item\":\"https:\/\/aeronoticias.com.pe\/noticiero\/\"},{\"@type\":\"ListItem\",\"position\":2,\"name\":\"Villa El Salvador: Polic\u00eda abati\u00f3 a delincuentes que planeaban robo a grifo\"}]},{\"@type\":\"WebSite\",\"@id\":\"https:\/\/aeronoticias.com.pe\/noticiero\/#website\",\"url\":\"https:\/\/aeronoticias.com.pe\/noticiero\/\",\"name\":\"Aeronoticias.com.pe\",\"description\":\"Noticias de tranporte aereo, turismo, hoteles, gastronomia, actualidad, internacional\",\"potentialAction\":[{\"@type\":\"SearchAction\",\"target\":{\"@type\":\"EntryPoint\",\"urlTemplate\":\"https:\/\/aeronoticias.com.pe\/noticiero\/?s={search_term_string}\"},\"query-input\":{\"@type\":\"PropertyValueSpecification\",\"valueRequired\":true,\"valueName\":\"search_term_string\"}}],\"inLanguage\":\"es\"},{\"@type\":\"Person\",\"@id\":\"https:\/\/aeronoticias.com.pe\/noticiero\/#\/schema\/person\/fc1e5d578f4b62ba1cf7ac2bba1170a0\",\"name\":\"Redacci\u00f3n Aeronoticias\",\"url\":\"https:\/\/aeronoticias.com.pe\/noticiero\/author\/piloto\/\"}]}<\/script>\n<!-- \/ Yoast SEO plugin. -->","yoast_head_json":{"title":"Villa El Salvador: Polic\u00eda abati\u00f3 a delincuentes que planeaban robo a grifo","description":"Portal de noticias del Per\u00fa sobre el transporte a\u00e9reo, aviaci\u00f3n, turismo, hoteleria, actualidad.","robots":{"index":"index","follow":"follow","max-snippet":"max-snippet:-1","max-image-preview":"max-image-preview:large","max-video-preview":"max-video-preview:-1"},"canonical":"https:\/\/aeronoticias.com.pe\/noticiero\/nacionales\/villa-el-salvador-policia-abatio-a-delincuentes-que-planeaban-robo-a-grifo\/","og_locale":"es_ES","og_type":"article","og_title":"Villa El Salvador: Polic\u00eda abati\u00f3 a delincuentes que planeaban robo a grifo","og_description":"Portal de noticias del Per\u00fa sobre el transporte a\u00e9reo, aviaci\u00f3n, turismo, hoteleria, actualidad.","og_url":"https:\/\/aeronoticias.com.pe\/noticiero\/nacionales\/villa-el-salvador-policia-abatio-a-delincuentes-que-planeaban-robo-a-grifo\/","og_site_name":"Aeronoticias.com.pe","article_publisher":"https:\/\/www.facebook.com\/Aeronoticias.com.pe\/","article_published_time":"2013-08-03T07:48:54+00:00","author":"Redacci\u00f3n Aeronoticias","twitter_card":"summary_large_image","twitter_creator":"@aeronoticias","twitter_site":"@aeronoticias","twitter_misc":{"Escrito por":"Redacci\u00f3n Aeronoticias","Tiempo de lectura":"1 minuto"},"schema":{"@context":"https:\/\/schema.org","@graph":[{"@type":"WebPage","@id":"https:\/\/aeronoticias.com.pe\/noticiero\/nacionales\/villa-el-salvador-policia-abatio-a-delincuentes-que-planeaban-robo-a-grifo\/","url":"https:\/\/aeronoticias.com.pe\/noticiero\/nacionales\/villa-el-salvador-policia-abatio-a-delincuentes-que-planeaban-robo-a-grifo\/","name":"Villa El Salvador: Polic\u00eda abati\u00f3 a delincuentes que planeaban robo a grifo","isPartOf":{"@id":"https:\/\/aeronoticias.com.pe\/noticiero\/#website"},"datePublished":"2013-08-03T07:48:54+00:00","author":{"@id":"https:\/\/aeronoticias.com.pe\/noticiero\/#\/schema\/person\/fc1e5d578f4b62ba1cf7ac2bba1170a0"},"description":"Portal de noticias del Per\u00fa sobre el transporte a\u00e9reo, aviaci\u00f3n, turismo, hoteleria, actualidad.","breadcrumb":{"@id":"https:\/\/aeronoticias.com.pe\/noticiero\/nacionales\/villa-el-salvador-policia-abatio-a-delincuentes-que-planeaban-robo-a-grifo\/#breadcrumb"},"inLanguage":"es","potentialAction":[{"@type":"ReadAction","target":["https:\/\/aeronoticias.com.pe\/noticiero\/nacionales\/villa-el-salvador-policia-abatio-a-delincuentes-que-planeaban-robo-a-grifo\/"]}]},{"@type":"BreadcrumbList","@id":"https:\/\/aeronoticias.com.pe\/noticiero\/nacionales\/villa-el-salvador-policia-abatio-a-delincuentes-que-planeaban-robo-a-grifo\/#breadcrumb","itemListElement":[{"@type":"ListItem","position":1,"name":"Portada","item":"https:\/\/aeronoticias.com.pe\/noticiero\/"},{"@type":"ListItem","position":2,"name":"Villa El Salvador: Polic\u00eda abati\u00f3 a delincuentes que planeaban robo a grifo"}]},{"@type":"WebSite","@id":"https:\/\/aeronoticias.com.pe\/noticiero\/#website","url":"https:\/\/aeronoticias.com.pe\/noticiero\/","name":"Aeronoticias.com.pe","description":"Noticias de tranporte aereo, turismo, hoteles, gastronomia, actualidad, internacional","potentialAction":[{"@type":"SearchAction","target":{"@type":"EntryPoint","urlTemplate":"https:\/\/aeronoticias.com.pe\/noticiero\/?s={search_term_string}"},"query-input":{"@type":"PropertyValueSpecification","valueRequired":true,"valueName":"search_term_string"}}],"inLanguage":"es"},{"@type":"Person","@id":"https:\/\/aeronoticias.com.pe\/noticiero\/#\/schema\/person\/fc1e5d578f4b62ba1cf7ac2bba1170a0","name":"Redacci\u00f3n Aeronoticias","url":"https:\/\/aeronoticias.com.pe\/noticiero\/author\/piloto\/"}]}},"_links":{"self":[{"href":"https:\/\/aeronoticias.com.pe\/noticiero\/wp-json\/wp\/v2\/posts\/39036","targetHints":{"allow":["GET"]}}],"collection":[{"href":"https:\/\/aeronoticias.com.pe\/noticiero\/wp-json\/wp\/v2\/posts"}],"about":[{"href":"https:\/\/aeronoticias.com.pe\/noticiero\/wp-json\/wp\/v2\/types\/post"}],"author":[{"embeddable":true,"href":"https:\/\/aeronoticias.com.pe\/noticiero\/wp-json\/wp\/v2\/users\/1"}],"replies":[{"embeddable":true,"href":"https:\/\/aeronoticias.com.pe\/noticiero\/wp-json\/wp\/v2\/comments?post=39036"}],"version-history":[{"count":0,"href":"https:\/\/aeronoticias.com.pe\/noticiero\/wp-json\/wp\/v2\/posts\/39036\/revisions"}],"wp:attachment":[{"href":"https:\/\/aeronoticias.com.pe\/noticiero\/wp-json\/wp\/v2\/media?parent=39036"}],"wp:term":[{"taxonomy":"category","embeddable":true,"href":"https:\/\/aeronoticias.com.pe\/noticiero\/wp-json\/wp\/v2\/categories?post=39036"},{"taxonomy":"post_tag","embeddable":true,"href":"https:\/\/aeronoticias.com.pe\/noticiero\/wp-json\/wp\/v2\/tags?post=39036"}],"curies":[{"name":"wp","href":"https:\/\/api.w.org\/{rel}","templated":true}]}}