{"id":39037,"date":"2013-08-03T15:31:30","date_gmt":"2013-08-03T15:31:30","guid":{"rendered":"http:\/\/desarrollo.mcvicious.com\/aero2020\/2013\/08\/03\/alan-garcia-cuando-mis-amigos-estan-en-investigacion\/"},"modified":"2013-08-03T15:31:30","modified_gmt":"2013-08-03T15:31:30","slug":"alan-garcia-cuando-mis-amigos-estan-en-investigacion","status":"publish","type":"post","link":"https:\/\/aeronoticias.com.pe\/noticiero\/49\/alan-garcia-cuando-mis-amigos-estan-en-investigacion\/","title":{"rendered":"Alan Garc\u00eda: Cuando mis amigos est\u00e1n en investigaci\u00f3n"},"content":{"rendered":"<p style=\"text-align: justify;\"><strong>(Aeronoticias)<\/strong>.- El Poder Judicial orden\u00f3 el levantamiento del secreto de las comunicaciones del hombre que visit\u00f3 m\u00e1s de 30 veces Palacio de Gobierno durante la era del entonces presidente Alan Garc\u00eda P\u00e9rez (2006-2011), Facundo Chingel, al igual que el levantamiento de dichas informaciones del exsecretario general de la Presidencial de la Rep\u00fablica, Luis Nava.<\/p>\n<p style=\"text-align: justify;\">F\u00e1cil no la tiene el se\u00f1or Facundo Chingel, extitular de la Comisi\u00f3n de Gracias Presidenciales, luego de que extendieran dicho pedido del Poder Judicial a toda aquella c\u00fapula en la que se comerci\u00f3 con la reducci\u00f3n de penas a m\u00e1s de 5 mil presos, de los cuales una parte no les correspond\u00eda dicha gracia presidencial.<\/p>\n<p style=\"text-align: justify;\">Walter Delgado, fiscal supraprovincial, busc\u00f3 establecer -a trav\u00e9s del juez de investigaci\u00f3n prepraratoria nacional, Miguel Quevedo, quien acogi\u00f3 el pedido del fiscal- si se ten\u00eda conocimiento, por parte del exfuncionario aprista, del intercambio de conmutaci\u00f3n de penas a reos a cambio de sobornos.<\/p>\n<p style=\"text-align: justify;\">Con informaci\u00f3n de <a href=\"#mce_temp_url#\"><em><strong><span style=\"text-decoration: underline;\">Per\u00fa21<\/span><\/strong><\/em><\/a>.<\/p>\n<p style=\"text-align: justify;\"><img decoding=\"async\" src=\"images\/stories\/13\/08\/030813\/amigos.jpg\" border=\"0\" \/><\/p>\n","protected":false},"excerpt":{"rendered":"<p>(Aeronoticias).- El Poder Judicial orden\u00f3 el levantamiento del secreto de las comunicaciones del hombre que visit\u00f3 m\u00e1s de 30 veces Palacio de Gobierno durante la era del entonces presidente Alan Garc\u00eda P\u00e9rez (2006-2011), Facundo Chingel, al igual que el levantamiento de dichas informaciones del exsecretario general de la Presidencial de la Rep\u00fablica, Luis Nava. F\u00e1cil [&hellip;]<\/p>\n","protected":false},"author":1,"featured_media":0,"comment_status":"open","ping_status":"open","sticky":false,"template":"","format":"standard","meta":{"tdm_status":"","tdm_grid_status":"","footnotes":""},"categories":[39],"tags":[],"class_list":{"0":"post-39037","1":"post","2":"type-post","3":"status-publish","4":"format-standard","6":"category-39"},"yoast_head":"<!-- This site is optimized with the Yoast SEO plugin v25.1 - https:\/\/yoast.com\/wordpress\/plugins\/seo\/ -->\n<title>Alan Garc\u00eda: Cuando mis amigos est\u00e1n en investigaci\u00f3n<\/title>\n<meta name=\"description\" content=\"Portal de noticias del Per\u00fa sobre el transporte a\u00e9reo, aviaci\u00f3n, turismo, hoteleria, actualidad.\" \/>\n<meta name=\"robots\" content=\"index, follow, max-snippet:-1, max-image-preview:large, max-video-preview:-1\" \/>\n<link rel=\"canonical\" href=\"https:\/\/aeronoticias.com.pe\/noticiero\/49\/alan-garcia-cuando-mis-amigos-estan-en-investigacion\/\" \/>\n<meta property=\"og:locale\" content=\"es_ES\" \/>\n<meta property=\"og:type\" content=\"article\" \/>\n<meta property=\"og:title\" content=\"Alan Garc\u00eda: Cuando mis amigos est\u00e1n en investigaci\u00f3n\" \/>\n<meta property=\"og:description\" content=\"Portal de noticias del Per\u00fa sobre el transporte a\u00e9reo, aviaci\u00f3n, turismo, hoteleria, actualidad.\" \/>\n<meta property=\"og:url\" content=\"https:\/\/aeronoticias.com.pe\/noticiero\/49\/alan-garcia-cuando-mis-amigos-estan-en-investigacion\/\" \/>\n<meta property=\"og:site_name\" content=\"Aeronoticias.com.pe\" \/>\n<meta property=\"article:publisher\" content=\"https:\/\/www.facebook.com\/Aeronoticias.com.pe\/\" \/>\n<meta property=\"article:published_time\" content=\"2013-08-03T15:31:30+00:00\" \/>\n<meta name=\"author\" content=\"Redacci\u00f3n Aeronoticias\" \/>\n<meta name=\"twitter:card\" content=\"summary_large_image\" \/>\n<meta name=\"twitter:creator\" content=\"@aeronoticias\" \/>\n<meta name=\"twitter:site\" content=\"@aeronoticias\" \/>\n<meta name=\"twitter:label1\" content=\"Escrito por\" \/>\n\t<meta name=\"twitter:data1\" content=\"Redacci\u00f3n Aeronoticias\" \/>\n\t<meta name=\"twitter:label2\" content=\"Tiempo de lectura\" \/>\n\t<meta name=\"twitter:data2\" content=\"1 minuto\" \/>\n<script type=\"application\/ld+json\" class=\"yoast-schema-graph\">{\"@context\":\"https:\/\/schema.org\",\"@graph\":[{\"@type\":\"WebPage\",\"@id\":\"https:\/\/aeronoticias.com.pe\/noticiero\/49\/alan-garcia-cuando-mis-amigos-estan-en-investigacion\/\",\"url\":\"https:\/\/aeronoticias.com.pe\/noticiero\/49\/alan-garcia-cuando-mis-amigos-estan-en-investigacion\/\",\"name\":\"Alan Garc\u00eda: Cuando mis amigos est\u00e1n en investigaci\u00f3n\",\"isPartOf\":{\"@id\":\"https:\/\/aeronoticias.com.pe\/noticiero\/#website\"},\"datePublished\":\"2013-08-03T15:31:30+00:00\",\"author\":{\"@id\":\"https:\/\/aeronoticias.com.pe\/noticiero\/#\/schema\/person\/fc1e5d578f4b62ba1cf7ac2bba1170a0\"},\"description\":\"Portal de noticias del Per\u00fa sobre el transporte a\u00e9reo, aviaci\u00f3n, turismo, hoteleria, actualidad.\",\"breadcrumb\":{\"@id\":\"https:\/\/aeronoticias.com.pe\/noticiero\/49\/alan-garcia-cuando-mis-amigos-estan-en-investigacion\/#breadcrumb\"},\"inLanguage\":\"es\",\"potentialAction\":[{\"@type\":\"ReadAction\",\"target\":[\"https:\/\/aeronoticias.com.pe\/noticiero\/49\/alan-garcia-cuando-mis-amigos-estan-en-investigacion\/\"]}]},{\"@type\":\"BreadcrumbList\",\"@id\":\"https:\/\/aeronoticias.com.pe\/noticiero\/49\/alan-garcia-cuando-mis-amigos-estan-en-investigacion\/#breadcrumb\",\"itemListElement\":[{\"@type\":\"ListItem\",\"position\":1,\"name\":\"Portada\",\"item\":\"https:\/\/aeronoticias.com.pe\/noticiero\/\"},{\"@type\":\"ListItem\",\"position\":2,\"name\":\"Alan Garc\u00eda: Cuando mis amigos est\u00e1n en investigaci\u00f3n\"}]},{\"@type\":\"WebSite\",\"@id\":\"https:\/\/aeronoticias.com.pe\/noticiero\/#website\",\"url\":\"https:\/\/aeronoticias.com.pe\/noticiero\/\",\"name\":\"Aeronoticias.com.pe\",\"description\":\"Noticias de tranporte aereo, turismo, hoteles, gastronomia, actualidad, internacional\",\"potentialAction\":[{\"@type\":\"SearchAction\",\"target\":{\"@type\":\"EntryPoint\",\"urlTemplate\":\"https:\/\/aeronoticias.com.pe\/noticiero\/?s={search_term_string}\"},\"query-input\":{\"@type\":\"PropertyValueSpecification\",\"valueRequired\":true,\"valueName\":\"search_term_string\"}}],\"inLanguage\":\"es\"},{\"@type\":\"Person\",\"@id\":\"https:\/\/aeronoticias.com.pe\/noticiero\/#\/schema\/person\/fc1e5d578f4b62ba1cf7ac2bba1170a0\",\"name\":\"Redacci\u00f3n Aeronoticias\",\"url\":\"https:\/\/aeronoticias.com.pe\/noticiero\/author\/piloto\/\"}]}<\/script>\n<!-- \/ Yoast SEO plugin. -->","yoast_head_json":{"title":"Alan Garc\u00eda: Cuando mis amigos est\u00e1n en investigaci\u00f3n","description":"Portal de noticias del Per\u00fa sobre el transporte a\u00e9reo, aviaci\u00f3n, turismo, hoteleria, actualidad.","robots":{"index":"index","follow":"follow","max-snippet":"max-snippet:-1","max-image-preview":"max-image-preview:large","max-video-preview":"max-video-preview:-1"},"canonical":"https:\/\/aeronoticias.com.pe\/noticiero\/49\/alan-garcia-cuando-mis-amigos-estan-en-investigacion\/","og_locale":"es_ES","og_type":"article","og_title":"Alan Garc\u00eda: Cuando mis amigos est\u00e1n en investigaci\u00f3n","og_description":"Portal de noticias del Per\u00fa sobre el transporte a\u00e9reo, aviaci\u00f3n, turismo, hoteleria, actualidad.","og_url":"https:\/\/aeronoticias.com.pe\/noticiero\/49\/alan-garcia-cuando-mis-amigos-estan-en-investigacion\/","og_site_name":"Aeronoticias.com.pe","article_publisher":"https:\/\/www.facebook.com\/Aeronoticias.com.pe\/","article_published_time":"2013-08-03T15:31:30+00:00","author":"Redacci\u00f3n Aeronoticias","twitter_card":"summary_large_image","twitter_creator":"@aeronoticias","twitter_site":"@aeronoticias","twitter_misc":{"Escrito por":"Redacci\u00f3n Aeronoticias","Tiempo de lectura":"1 minuto"},"schema":{"@context":"https:\/\/schema.org","@graph":[{"@type":"WebPage","@id":"https:\/\/aeronoticias.com.pe\/noticiero\/49\/alan-garcia-cuando-mis-amigos-estan-en-investigacion\/","url":"https:\/\/aeronoticias.com.pe\/noticiero\/49\/alan-garcia-cuando-mis-amigos-estan-en-investigacion\/","name":"Alan Garc\u00eda: Cuando mis amigos est\u00e1n en investigaci\u00f3n","isPartOf":{"@id":"https:\/\/aeronoticias.com.pe\/noticiero\/#website"},"datePublished":"2013-08-03T15:31:30+00:00","author":{"@id":"https:\/\/aeronoticias.com.pe\/noticiero\/#\/schema\/person\/fc1e5d578f4b62ba1cf7ac2bba1170a0"},"description":"Portal de noticias del Per\u00fa sobre el transporte a\u00e9reo, aviaci\u00f3n, turismo, hoteleria, actualidad.","breadcrumb":{"@id":"https:\/\/aeronoticias.com.pe\/noticiero\/49\/alan-garcia-cuando-mis-amigos-estan-en-investigacion\/#breadcrumb"},"inLanguage":"es","potentialAction":[{"@type":"ReadAction","target":["https:\/\/aeronoticias.com.pe\/noticiero\/49\/alan-garcia-cuando-mis-amigos-estan-en-investigacion\/"]}]},{"@type":"BreadcrumbList","@id":"https:\/\/aeronoticias.com.pe\/noticiero\/49\/alan-garcia-cuando-mis-amigos-estan-en-investigacion\/#breadcrumb","itemListElement":[{"@type":"ListItem","position":1,"name":"Portada","item":"https:\/\/aeronoticias.com.pe\/noticiero\/"},{"@type":"ListItem","position":2,"name":"Alan Garc\u00eda: Cuando mis amigos est\u00e1n en investigaci\u00f3n"}]},{"@type":"WebSite","@id":"https:\/\/aeronoticias.com.pe\/noticiero\/#website","url":"https:\/\/aeronoticias.com.pe\/noticiero\/","name":"Aeronoticias.com.pe","description":"Noticias de tranporte aereo, turismo, hoteles, gastronomia, actualidad, internacional","potentialAction":[{"@type":"SearchAction","target":{"@type":"EntryPoint","urlTemplate":"https:\/\/aeronoticias.com.pe\/noticiero\/?s={search_term_string}"},"query-input":{"@type":"PropertyValueSpecification","valueRequired":true,"valueName":"search_term_string"}}],"inLanguage":"es"},{"@type":"Person","@id":"https:\/\/aeronoticias.com.pe\/noticiero\/#\/schema\/person\/fc1e5d578f4b62ba1cf7ac2bba1170a0","name":"Redacci\u00f3n Aeronoticias","url":"https:\/\/aeronoticias.com.pe\/noticiero\/author\/piloto\/"}]}},"_links":{"self":[{"href":"https:\/\/aeronoticias.com.pe\/noticiero\/wp-json\/wp\/v2\/posts\/39037","targetHints":{"allow":["GET"]}}],"collection":[{"href":"https:\/\/aeronoticias.com.pe\/noticiero\/wp-json\/wp\/v2\/posts"}],"about":[{"href":"https:\/\/aeronoticias.com.pe\/noticiero\/wp-json\/wp\/v2\/types\/post"}],"author":[{"embeddable":true,"href":"https:\/\/aeronoticias.com.pe\/noticiero\/wp-json\/wp\/v2\/users\/1"}],"replies":[{"embeddable":true,"href":"https:\/\/aeronoticias.com.pe\/noticiero\/wp-json\/wp\/v2\/comments?post=39037"}],"version-history":[{"count":0,"href":"https:\/\/aeronoticias.com.pe\/noticiero\/wp-json\/wp\/v2\/posts\/39037\/revisions"}],"wp:attachment":[{"href":"https:\/\/aeronoticias.com.pe\/noticiero\/wp-json\/wp\/v2\/media?parent=39037"}],"wp:term":[{"taxonomy":"category","embeddable":true,"href":"https:\/\/aeronoticias.com.pe\/noticiero\/wp-json\/wp\/v2\/categories?post=39037"},{"taxonomy":"post_tag","embeddable":true,"href":"https:\/\/aeronoticias.com.pe\/noticiero\/wp-json\/wp\/v2\/tags?post=39037"}],"curies":[{"name":"wp","href":"https:\/\/api.w.org\/{rel}","templated":true}]}}