{"id":39383,"date":"2013-08-15T20:11:24","date_gmt":"2013-08-15T20:11:24","guid":{"rendered":"http:\/\/desarrollo.mcvicious.com\/aero2020\/2013\/08\/15\/corpac-retrasos-de-algunos-vuelos-en-aeropuerto-jorge-chavez-se-encuentra-dentro-de-lo-habitual\/"},"modified":"2013-08-15T20:11:24","modified_gmt":"2013-08-15T20:11:24","slug":"corpac-retrasos-de-algunos-vuelos-en-aeropuerto-jorge-chavez-se-encuentra-dentro-de-lo-habitual","status":"publish","type":"post","link":"https:\/\/aeronoticias.com.pe\/noticiero\/transporte-aereo\/nacional\/corpac-retrasos-de-algunos-vuelos-en-aeropuerto-jorge-chavez-se-encuentra-dentro-de-lo-habitual\/","title":{"rendered":"Corpac: Retrasos de vuelos en aeropuerto Jorge Ch\u00e1vez se encuentra dentro de lo habitual"},"content":{"rendered":"<p style=\"text-align: justify;\"><span style=\"line-height: 1.3em;\"><strong>(Aeronoticias).-<\/strong> Luis Rivera, gerente central de Aeronavegaci\u00f3n de Corpac, indic\u00f3 que los retrasos de algunos vuelos en el aeropuerto internacional Jorge Ch\u00e1vez se encuentran dentro de lo habitual, considerando el intenso tr\u00e1fico a\u00e9reo que registra dicho terminal a\u00e9reo.<\/span><\/p>\n<p style=\"text-align: justify;\">Tras descartar que se hayan reportado cancelaciones de vuelos, Rivera P\u00e9rez aclar\u00f3 que en el caso del vuelo internacional programado por la compa\u00f1\u00eda Iberia, la cancelaci\u00f3n no tuvo relaci\u00f3n con el paro, sino al parecer con motivos t\u00e9cnicos de mantenimiento u otros que se conocer\u00e1n en las siguientes horas.<\/p>\n<p>  <!--more-->  <\/p>\n<p style=\"text-align: justify;\">Explic\u00f3 que las operaciones a\u00e9reas contin\u00faan realiz\u00e1ndose con normalidad en todo el territorio nacional en el segundo d\u00eda del paro de 72 horas que acata el gremio de controladores de tr\u00e1nsito a\u00e9reo.<\/p>\n<div style=\"text-align: justify;\">Con informaci\u00f3n de <strong>Andina<\/p>\n<p><\/strong><\/div>\n<div style=\"text-align: justify;\"><strong><img decoding=\"async\" src=\"images\/stories\/13\/08\/150813\/aeropuerto02.jpg\" border=\"0\" alt=\"Corpac: Retrasos de algunos vuelos en aeropuerto Jorge Ch\u00e1vez se encuentra dentro de lo habitual\" title=\"Corpac: Retrasos de algunos vuelos en aeropuerto Jorge Ch\u00e1vez se encuentra dentro de lo habitual\" \/><br \/><\/strong><\/div>\n","protected":false},"excerpt":{"rendered":"<p>(Aeronoticias).- Luis Rivera, gerente central de Aeronavegaci\u00f3n de Corpac, indic\u00f3 que los retrasos de algunos vuelos en el aeropuerto internacional Jorge Ch\u00e1vez se encuentran dentro de lo habitual, considerando el intenso tr\u00e1fico a\u00e9reo que registra dicho terminal a\u00e9reo. Tras descartar que se hayan reportado cancelaciones de vuelos, Rivera P\u00e9rez aclar\u00f3 que en el caso del [&hellip;]<\/p>\n","protected":false},"author":1,"featured_media":0,"comment_status":"open","ping_status":"open","sticky":false,"template":"","format":"standard","meta":{"tdm_status":"","tdm_grid_status":"","footnotes":""},"categories":[51],"tags":[],"class_list":{"0":"post-39383","1":"post","2":"type-post","3":"status-publish","4":"format-standard","6":"category-nacional"},"yoast_head":"<!-- This site is optimized with the Yoast SEO plugin v25.1 - https:\/\/yoast.com\/wordpress\/plugins\/seo\/ -->\n<title>Corpac: Retrasos de vuelos en aeropuerto Jorge Ch\u00e1vez se encuentra dentro de lo habitual<\/title>\n<meta name=\"description\" content=\"Portal de noticias del Per\u00fa sobre el transporte a\u00e9reo, aviaci\u00f3n, turismo, hoteleria, actualidad.\" \/>\n<meta name=\"robots\" content=\"index, follow, max-snippet:-1, max-image-preview:large, max-video-preview:-1\" \/>\n<link rel=\"canonical\" href=\"https:\/\/aeronoticias.com.pe\/noticiero\/transporte-aereo\/nacional\/corpac-retrasos-de-algunos-vuelos-en-aeropuerto-jorge-chavez-se-encuentra-dentro-de-lo-habitual\/\" \/>\n<meta property=\"og:locale\" content=\"es_ES\" \/>\n<meta property=\"og:type\" content=\"article\" \/>\n<meta property=\"og:title\" content=\"Corpac: Retrasos de vuelos en aeropuerto Jorge Ch\u00e1vez se encuentra dentro de lo habitual\" \/>\n<meta property=\"og:description\" content=\"Portal de noticias del Per\u00fa sobre el transporte a\u00e9reo, aviaci\u00f3n, turismo, hoteleria, actualidad.\" \/>\n<meta property=\"og:url\" content=\"https:\/\/aeronoticias.com.pe\/noticiero\/transporte-aereo\/nacional\/corpac-retrasos-de-algunos-vuelos-en-aeropuerto-jorge-chavez-se-encuentra-dentro-de-lo-habitual\/\" \/>\n<meta property=\"og:site_name\" content=\"Aeronoticias.com.pe\" \/>\n<meta property=\"article:publisher\" content=\"https:\/\/www.facebook.com\/Aeronoticias.com.pe\/\" \/>\n<meta property=\"article:published_time\" content=\"2013-08-15T20:11:24+00:00\" \/>\n<meta name=\"author\" content=\"Redacci\u00f3n Aeronoticias\" \/>\n<meta name=\"twitter:card\" content=\"summary_large_image\" \/>\n<meta name=\"twitter:creator\" content=\"@aeronoticias\" \/>\n<meta name=\"twitter:site\" content=\"@aeronoticias\" \/>\n<meta name=\"twitter:label1\" content=\"Escrito por\" \/>\n\t<meta name=\"twitter:data1\" content=\"Redacci\u00f3n Aeronoticias\" \/>\n\t<meta name=\"twitter:label2\" content=\"Tiempo de lectura\" \/>\n\t<meta name=\"twitter:data2\" content=\"1 minuto\" \/>\n<script type=\"application\/ld+json\" class=\"yoast-schema-graph\">{\"@context\":\"https:\/\/schema.org\",\"@graph\":[{\"@type\":\"WebPage\",\"@id\":\"https:\/\/aeronoticias.com.pe\/noticiero\/transporte-aereo\/nacional\/corpac-retrasos-de-algunos-vuelos-en-aeropuerto-jorge-chavez-se-encuentra-dentro-de-lo-habitual\/\",\"url\":\"https:\/\/aeronoticias.com.pe\/noticiero\/transporte-aereo\/nacional\/corpac-retrasos-de-algunos-vuelos-en-aeropuerto-jorge-chavez-se-encuentra-dentro-de-lo-habitual\/\",\"name\":\"Corpac: Retrasos de vuelos en aeropuerto Jorge Ch\u00e1vez se encuentra dentro de lo habitual\",\"isPartOf\":{\"@id\":\"https:\/\/aeronoticias.com.pe\/noticiero\/#website\"},\"datePublished\":\"2013-08-15T20:11:24+00:00\",\"author\":{\"@id\":\"https:\/\/aeronoticias.com.pe\/noticiero\/#\/schema\/person\/fc1e5d578f4b62ba1cf7ac2bba1170a0\"},\"description\":\"Portal de noticias del Per\u00fa sobre el transporte a\u00e9reo, aviaci\u00f3n, turismo, hoteleria, actualidad.\",\"breadcrumb\":{\"@id\":\"https:\/\/aeronoticias.com.pe\/noticiero\/transporte-aereo\/nacional\/corpac-retrasos-de-algunos-vuelos-en-aeropuerto-jorge-chavez-se-encuentra-dentro-de-lo-habitual\/#breadcrumb\"},\"inLanguage\":\"es\",\"potentialAction\":[{\"@type\":\"ReadAction\",\"target\":[\"https:\/\/aeronoticias.com.pe\/noticiero\/transporte-aereo\/nacional\/corpac-retrasos-de-algunos-vuelos-en-aeropuerto-jorge-chavez-se-encuentra-dentro-de-lo-habitual\/\"]}]},{\"@type\":\"BreadcrumbList\",\"@id\":\"https:\/\/aeronoticias.com.pe\/noticiero\/transporte-aereo\/nacional\/corpac-retrasos-de-algunos-vuelos-en-aeropuerto-jorge-chavez-se-encuentra-dentro-de-lo-habitual\/#breadcrumb\",\"itemListElement\":[{\"@type\":\"ListItem\",\"position\":1,\"name\":\"Portada\",\"item\":\"https:\/\/aeronoticias.com.pe\/noticiero\/\"},{\"@type\":\"ListItem\",\"position\":2,\"name\":\"Corpac: Retrasos de vuelos en aeropuerto Jorge Ch\u00e1vez se encuentra dentro de lo habitual\"}]},{\"@type\":\"WebSite\",\"@id\":\"https:\/\/aeronoticias.com.pe\/noticiero\/#website\",\"url\":\"https:\/\/aeronoticias.com.pe\/noticiero\/\",\"name\":\"Aeronoticias.com.pe\",\"description\":\"Noticias de tranporte aereo, turismo, hoteles, gastronomia, actualidad, internacional\",\"potentialAction\":[{\"@type\":\"SearchAction\",\"target\":{\"@type\":\"EntryPoint\",\"urlTemplate\":\"https:\/\/aeronoticias.com.pe\/noticiero\/?s={search_term_string}\"},\"query-input\":{\"@type\":\"PropertyValueSpecification\",\"valueRequired\":true,\"valueName\":\"search_term_string\"}}],\"inLanguage\":\"es\"},{\"@type\":\"Person\",\"@id\":\"https:\/\/aeronoticias.com.pe\/noticiero\/#\/schema\/person\/fc1e5d578f4b62ba1cf7ac2bba1170a0\",\"name\":\"Redacci\u00f3n Aeronoticias\",\"url\":\"https:\/\/aeronoticias.com.pe\/noticiero\/author\/piloto\/\"}]}<\/script>\n<!-- \/ Yoast SEO plugin. -->","yoast_head_json":{"title":"Corpac: Retrasos de vuelos en aeropuerto Jorge Ch\u00e1vez se encuentra dentro de lo habitual","description":"Portal de noticias del Per\u00fa sobre el transporte a\u00e9reo, aviaci\u00f3n, turismo, hoteleria, actualidad.","robots":{"index":"index","follow":"follow","max-snippet":"max-snippet:-1","max-image-preview":"max-image-preview:large","max-video-preview":"max-video-preview:-1"},"canonical":"https:\/\/aeronoticias.com.pe\/noticiero\/transporte-aereo\/nacional\/corpac-retrasos-de-algunos-vuelos-en-aeropuerto-jorge-chavez-se-encuentra-dentro-de-lo-habitual\/","og_locale":"es_ES","og_type":"article","og_title":"Corpac: Retrasos de vuelos en aeropuerto Jorge Ch\u00e1vez se encuentra dentro de lo habitual","og_description":"Portal de noticias del Per\u00fa sobre el transporte a\u00e9reo, aviaci\u00f3n, turismo, hoteleria, actualidad.","og_url":"https:\/\/aeronoticias.com.pe\/noticiero\/transporte-aereo\/nacional\/corpac-retrasos-de-algunos-vuelos-en-aeropuerto-jorge-chavez-se-encuentra-dentro-de-lo-habitual\/","og_site_name":"Aeronoticias.com.pe","article_publisher":"https:\/\/www.facebook.com\/Aeronoticias.com.pe\/","article_published_time":"2013-08-15T20:11:24+00:00","author":"Redacci\u00f3n Aeronoticias","twitter_card":"summary_large_image","twitter_creator":"@aeronoticias","twitter_site":"@aeronoticias","twitter_misc":{"Escrito por":"Redacci\u00f3n Aeronoticias","Tiempo de lectura":"1 minuto"},"schema":{"@context":"https:\/\/schema.org","@graph":[{"@type":"WebPage","@id":"https:\/\/aeronoticias.com.pe\/noticiero\/transporte-aereo\/nacional\/corpac-retrasos-de-algunos-vuelos-en-aeropuerto-jorge-chavez-se-encuentra-dentro-de-lo-habitual\/","url":"https:\/\/aeronoticias.com.pe\/noticiero\/transporte-aereo\/nacional\/corpac-retrasos-de-algunos-vuelos-en-aeropuerto-jorge-chavez-se-encuentra-dentro-de-lo-habitual\/","name":"Corpac: Retrasos de vuelos en aeropuerto Jorge Ch\u00e1vez se encuentra dentro de lo habitual","isPartOf":{"@id":"https:\/\/aeronoticias.com.pe\/noticiero\/#website"},"datePublished":"2013-08-15T20:11:24+00:00","author":{"@id":"https:\/\/aeronoticias.com.pe\/noticiero\/#\/schema\/person\/fc1e5d578f4b62ba1cf7ac2bba1170a0"},"description":"Portal de noticias del Per\u00fa sobre el transporte a\u00e9reo, aviaci\u00f3n, turismo, hoteleria, actualidad.","breadcrumb":{"@id":"https:\/\/aeronoticias.com.pe\/noticiero\/transporte-aereo\/nacional\/corpac-retrasos-de-algunos-vuelos-en-aeropuerto-jorge-chavez-se-encuentra-dentro-de-lo-habitual\/#breadcrumb"},"inLanguage":"es","potentialAction":[{"@type":"ReadAction","target":["https:\/\/aeronoticias.com.pe\/noticiero\/transporte-aereo\/nacional\/corpac-retrasos-de-algunos-vuelos-en-aeropuerto-jorge-chavez-se-encuentra-dentro-de-lo-habitual\/"]}]},{"@type":"BreadcrumbList","@id":"https:\/\/aeronoticias.com.pe\/noticiero\/transporte-aereo\/nacional\/corpac-retrasos-de-algunos-vuelos-en-aeropuerto-jorge-chavez-se-encuentra-dentro-de-lo-habitual\/#breadcrumb","itemListElement":[{"@type":"ListItem","position":1,"name":"Portada","item":"https:\/\/aeronoticias.com.pe\/noticiero\/"},{"@type":"ListItem","position":2,"name":"Corpac: Retrasos de vuelos en aeropuerto Jorge Ch\u00e1vez se encuentra dentro de lo habitual"}]},{"@type":"WebSite","@id":"https:\/\/aeronoticias.com.pe\/noticiero\/#website","url":"https:\/\/aeronoticias.com.pe\/noticiero\/","name":"Aeronoticias.com.pe","description":"Noticias de tranporte aereo, turismo, hoteles, gastronomia, actualidad, internacional","potentialAction":[{"@type":"SearchAction","target":{"@type":"EntryPoint","urlTemplate":"https:\/\/aeronoticias.com.pe\/noticiero\/?s={search_term_string}"},"query-input":{"@type":"PropertyValueSpecification","valueRequired":true,"valueName":"search_term_string"}}],"inLanguage":"es"},{"@type":"Person","@id":"https:\/\/aeronoticias.com.pe\/noticiero\/#\/schema\/person\/fc1e5d578f4b62ba1cf7ac2bba1170a0","name":"Redacci\u00f3n Aeronoticias","url":"https:\/\/aeronoticias.com.pe\/noticiero\/author\/piloto\/"}]}},"_links":{"self":[{"href":"https:\/\/aeronoticias.com.pe\/noticiero\/wp-json\/wp\/v2\/posts\/39383","targetHints":{"allow":["GET"]}}],"collection":[{"href":"https:\/\/aeronoticias.com.pe\/noticiero\/wp-json\/wp\/v2\/posts"}],"about":[{"href":"https:\/\/aeronoticias.com.pe\/noticiero\/wp-json\/wp\/v2\/types\/post"}],"author":[{"embeddable":true,"href":"https:\/\/aeronoticias.com.pe\/noticiero\/wp-json\/wp\/v2\/users\/1"}],"replies":[{"embeddable":true,"href":"https:\/\/aeronoticias.com.pe\/noticiero\/wp-json\/wp\/v2\/comments?post=39383"}],"version-history":[{"count":0,"href":"https:\/\/aeronoticias.com.pe\/noticiero\/wp-json\/wp\/v2\/posts\/39383\/revisions"}],"wp:attachment":[{"href":"https:\/\/aeronoticias.com.pe\/noticiero\/wp-json\/wp\/v2\/media?parent=39383"}],"wp:term":[{"taxonomy":"category","embeddable":true,"href":"https:\/\/aeronoticias.com.pe\/noticiero\/wp-json\/wp\/v2\/categories?post=39383"},{"taxonomy":"post_tag","embeddable":true,"href":"https:\/\/aeronoticias.com.pe\/noticiero\/wp-json\/wp\/v2\/tags?post=39383"}],"curies":[{"name":"wp","href":"https:\/\/api.w.org\/{rel}","templated":true}]}}