{"id":39387,"date":"2013-08-15T20:32:47","date_gmt":"2013-08-15T20:32:47","guid":{"rendered":"http:\/\/desarrollo.mcvicious.com\/aero2020\/2013\/08\/15\/fifa-anuncia-sedes-del-mundial-sub-20-nueva-zelanda-2015\/"},"modified":"2013-08-15T20:32:47","modified_gmt":"2013-08-15T20:32:47","slug":"fifa-anuncia-sedes-del-mundial-sub-20-nueva-zelanda-2015","status":"publish","type":"post","link":"https:\/\/aeronoticias.com.pe\/noticiero\/deportes\/fifa-anuncia-sedes-del-mundial-sub-20-nueva-zelanda-2015\/","title":{"rendered":"FIFA anuncia sedes del Mundial Sub 20 Nueva Zelanda 2015"},"content":{"rendered":"<p style=\"text-align: justify;\"><strong>(Aeronoticias).-<\/strong> Las sedes de la Copa Mundial Sub 20 de la FIFA \u00a0Nueva Zelanda 2015 se anunciaron durante un acto para la prensa en el Museo Mar\u00edtimo de Auckland (Nueva Zelanda) en presencia de John Key, Primer Ministro de Nueva Zelanda, Dave Beeche, Director ejecutivo del COL de la Copa Mundial Sub 20 de la FIFA 2015, y Frank van Hattum, Presidente de la Asociaciaci\u00f3n de F\u00fatbol de Nueva Zelanda.<\/p>\n<p>  <!--more-->  <\/p>\n<p><span style=\"text-align: justify; line-height: 1.3em;\">Estas son las siete ciudades que se han dado a conocer y sus respectivos estadios: Auckland (Estadio North Harbour), Christchurch (Estadio Christchurch), Dunedin (Estadio Otago), Hamilton (Estadio Waikato), New Plymouth (EstadioTaranaki), Wellington (Estadio Wellington Regional) y Whangarei (Northland Event Centre).<\/span><\/p>\n<p style=\"text-align: justify;\">Ser\u00e1 la tercera vez que la Copa Mundial Sub 20, el segundo mayor torneo masculino de la FIFA, se dispute en Ocean\u00eda, ya que las ediciones de 1981 y 1993 tuvieron lugar en Australia. El torneo se jugar\u00e1 entre el 30 de mayo y el 21 de junio 2015.<\/p>\n<p><img decoding=\"async\" src=\"images\/stories\/13\/08\/150813\/fifa.jpg\" border=\"0\" alt=\"FIFA anuncia sedes del Mundial Sub 20 Nueva Zelanda 2015\" title=\"FIFA anuncia sedes del Mundial Sub 20 Nueva Zelanda 2015\" \/><\/p>\n","protected":false},"excerpt":{"rendered":"<p>(Aeronoticias).- Las sedes de la Copa Mundial Sub 20 de la FIFA \u00a0Nueva Zelanda 2015 se anunciaron durante un acto para la prensa en el Museo Mar\u00edtimo de Auckland (Nueva Zelanda) en presencia de John Key, Primer Ministro de Nueva Zelanda, Dave Beeche, Director ejecutivo del COL de la Copa Mundial Sub 20 de la [&hellip;]<\/p>\n","protected":false},"author":1,"featured_media":0,"comment_status":"open","ping_status":"open","sticky":false,"template":"","format":"standard","meta":{"tdm_status":"","tdm_grid_status":"","footnotes":""},"categories":[40],"tags":[],"class_list":{"0":"post-39387","1":"post","2":"type-post","3":"status-publish","4":"format-standard","6":"category-deportes"},"yoast_head":"<!-- This site is optimized with the Yoast SEO plugin v25.1 - https:\/\/yoast.com\/wordpress\/plugins\/seo\/ -->\n<title>FIFA anuncia sedes del Mundial Sub 20 Nueva Zelanda 2015<\/title>\n<meta name=\"description\" content=\"Portal de noticias del Per\u00fa sobre el transporte a\u00e9reo, aviaci\u00f3n, turismo, hoteleria, actualidad.\" \/>\n<meta name=\"robots\" content=\"index, follow, max-snippet:-1, max-image-preview:large, max-video-preview:-1\" \/>\n<link rel=\"canonical\" href=\"https:\/\/aeronoticias.com.pe\/noticiero\/deportes\/fifa-anuncia-sedes-del-mundial-sub-20-nueva-zelanda-2015\/\" \/>\n<meta property=\"og:locale\" content=\"es_ES\" \/>\n<meta property=\"og:type\" content=\"article\" \/>\n<meta property=\"og:title\" content=\"FIFA anuncia sedes del Mundial Sub 20 Nueva Zelanda 2015\" \/>\n<meta property=\"og:description\" content=\"Portal de noticias del Per\u00fa sobre el transporte a\u00e9reo, aviaci\u00f3n, turismo, hoteleria, actualidad.\" \/>\n<meta property=\"og:url\" content=\"https:\/\/aeronoticias.com.pe\/noticiero\/deportes\/fifa-anuncia-sedes-del-mundial-sub-20-nueva-zelanda-2015\/\" \/>\n<meta property=\"og:site_name\" content=\"Aeronoticias.com.pe\" \/>\n<meta property=\"article:publisher\" content=\"https:\/\/www.facebook.com\/Aeronoticias.com.pe\/\" \/>\n<meta property=\"article:published_time\" content=\"2013-08-15T20:32:47+00:00\" \/>\n<meta name=\"author\" content=\"Redacci\u00f3n Aeronoticias\" \/>\n<meta name=\"twitter:card\" content=\"summary_large_image\" \/>\n<meta name=\"twitter:creator\" content=\"@aeronoticias\" \/>\n<meta name=\"twitter:site\" content=\"@aeronoticias\" \/>\n<meta name=\"twitter:label1\" content=\"Escrito por\" \/>\n\t<meta name=\"twitter:data1\" content=\"Redacci\u00f3n Aeronoticias\" \/>\n\t<meta name=\"twitter:label2\" content=\"Tiempo de lectura\" \/>\n\t<meta name=\"twitter:data2\" content=\"1 minuto\" \/>\n<script type=\"application\/ld+json\" class=\"yoast-schema-graph\">{\"@context\":\"https:\/\/schema.org\",\"@graph\":[{\"@type\":\"WebPage\",\"@id\":\"https:\/\/aeronoticias.com.pe\/noticiero\/deportes\/fifa-anuncia-sedes-del-mundial-sub-20-nueva-zelanda-2015\/\",\"url\":\"https:\/\/aeronoticias.com.pe\/noticiero\/deportes\/fifa-anuncia-sedes-del-mundial-sub-20-nueva-zelanda-2015\/\",\"name\":\"FIFA anuncia sedes del Mundial Sub 20 Nueva Zelanda 2015\",\"isPartOf\":{\"@id\":\"https:\/\/aeronoticias.com.pe\/noticiero\/#website\"},\"datePublished\":\"2013-08-15T20:32:47+00:00\",\"author\":{\"@id\":\"https:\/\/aeronoticias.com.pe\/noticiero\/#\/schema\/person\/fc1e5d578f4b62ba1cf7ac2bba1170a0\"},\"description\":\"Portal de noticias del Per\u00fa sobre el transporte a\u00e9reo, aviaci\u00f3n, turismo, hoteleria, actualidad.\",\"breadcrumb\":{\"@id\":\"https:\/\/aeronoticias.com.pe\/noticiero\/deportes\/fifa-anuncia-sedes-del-mundial-sub-20-nueva-zelanda-2015\/#breadcrumb\"},\"inLanguage\":\"es\",\"potentialAction\":[{\"@type\":\"ReadAction\",\"target\":[\"https:\/\/aeronoticias.com.pe\/noticiero\/deportes\/fifa-anuncia-sedes-del-mundial-sub-20-nueva-zelanda-2015\/\"]}]},{\"@type\":\"BreadcrumbList\",\"@id\":\"https:\/\/aeronoticias.com.pe\/noticiero\/deportes\/fifa-anuncia-sedes-del-mundial-sub-20-nueva-zelanda-2015\/#breadcrumb\",\"itemListElement\":[{\"@type\":\"ListItem\",\"position\":1,\"name\":\"Portada\",\"item\":\"https:\/\/aeronoticias.com.pe\/noticiero\/\"},{\"@type\":\"ListItem\",\"position\":2,\"name\":\"FIFA anuncia sedes del Mundial Sub 20 Nueva Zelanda 2015\"}]},{\"@type\":\"WebSite\",\"@id\":\"https:\/\/aeronoticias.com.pe\/noticiero\/#website\",\"url\":\"https:\/\/aeronoticias.com.pe\/noticiero\/\",\"name\":\"Aeronoticias.com.pe\",\"description\":\"Noticias de tranporte aereo, turismo, hoteles, gastronomia, actualidad, internacional\",\"potentialAction\":[{\"@type\":\"SearchAction\",\"target\":{\"@type\":\"EntryPoint\",\"urlTemplate\":\"https:\/\/aeronoticias.com.pe\/noticiero\/?s={search_term_string}\"},\"query-input\":{\"@type\":\"PropertyValueSpecification\",\"valueRequired\":true,\"valueName\":\"search_term_string\"}}],\"inLanguage\":\"es\"},{\"@type\":\"Person\",\"@id\":\"https:\/\/aeronoticias.com.pe\/noticiero\/#\/schema\/person\/fc1e5d578f4b62ba1cf7ac2bba1170a0\",\"name\":\"Redacci\u00f3n Aeronoticias\",\"url\":\"https:\/\/aeronoticias.com.pe\/noticiero\/author\/piloto\/\"}]}<\/script>\n<!-- \/ Yoast SEO plugin. -->","yoast_head_json":{"title":"FIFA anuncia sedes del Mundial Sub 20 Nueva Zelanda 2015","description":"Portal de noticias del Per\u00fa sobre el transporte a\u00e9reo, aviaci\u00f3n, turismo, hoteleria, actualidad.","robots":{"index":"index","follow":"follow","max-snippet":"max-snippet:-1","max-image-preview":"max-image-preview:large","max-video-preview":"max-video-preview:-1"},"canonical":"https:\/\/aeronoticias.com.pe\/noticiero\/deportes\/fifa-anuncia-sedes-del-mundial-sub-20-nueva-zelanda-2015\/","og_locale":"es_ES","og_type":"article","og_title":"FIFA anuncia sedes del Mundial Sub 20 Nueva Zelanda 2015","og_description":"Portal de noticias del Per\u00fa sobre el transporte a\u00e9reo, aviaci\u00f3n, turismo, hoteleria, actualidad.","og_url":"https:\/\/aeronoticias.com.pe\/noticiero\/deportes\/fifa-anuncia-sedes-del-mundial-sub-20-nueva-zelanda-2015\/","og_site_name":"Aeronoticias.com.pe","article_publisher":"https:\/\/www.facebook.com\/Aeronoticias.com.pe\/","article_published_time":"2013-08-15T20:32:47+00:00","author":"Redacci\u00f3n Aeronoticias","twitter_card":"summary_large_image","twitter_creator":"@aeronoticias","twitter_site":"@aeronoticias","twitter_misc":{"Escrito por":"Redacci\u00f3n Aeronoticias","Tiempo de lectura":"1 minuto"},"schema":{"@context":"https:\/\/schema.org","@graph":[{"@type":"WebPage","@id":"https:\/\/aeronoticias.com.pe\/noticiero\/deportes\/fifa-anuncia-sedes-del-mundial-sub-20-nueva-zelanda-2015\/","url":"https:\/\/aeronoticias.com.pe\/noticiero\/deportes\/fifa-anuncia-sedes-del-mundial-sub-20-nueva-zelanda-2015\/","name":"FIFA anuncia sedes del Mundial Sub 20 Nueva Zelanda 2015","isPartOf":{"@id":"https:\/\/aeronoticias.com.pe\/noticiero\/#website"},"datePublished":"2013-08-15T20:32:47+00:00","author":{"@id":"https:\/\/aeronoticias.com.pe\/noticiero\/#\/schema\/person\/fc1e5d578f4b62ba1cf7ac2bba1170a0"},"description":"Portal de noticias del Per\u00fa sobre el transporte a\u00e9reo, aviaci\u00f3n, turismo, hoteleria, actualidad.","breadcrumb":{"@id":"https:\/\/aeronoticias.com.pe\/noticiero\/deportes\/fifa-anuncia-sedes-del-mundial-sub-20-nueva-zelanda-2015\/#breadcrumb"},"inLanguage":"es","potentialAction":[{"@type":"ReadAction","target":["https:\/\/aeronoticias.com.pe\/noticiero\/deportes\/fifa-anuncia-sedes-del-mundial-sub-20-nueva-zelanda-2015\/"]}]},{"@type":"BreadcrumbList","@id":"https:\/\/aeronoticias.com.pe\/noticiero\/deportes\/fifa-anuncia-sedes-del-mundial-sub-20-nueva-zelanda-2015\/#breadcrumb","itemListElement":[{"@type":"ListItem","position":1,"name":"Portada","item":"https:\/\/aeronoticias.com.pe\/noticiero\/"},{"@type":"ListItem","position":2,"name":"FIFA anuncia sedes del Mundial Sub 20 Nueva Zelanda 2015"}]},{"@type":"WebSite","@id":"https:\/\/aeronoticias.com.pe\/noticiero\/#website","url":"https:\/\/aeronoticias.com.pe\/noticiero\/","name":"Aeronoticias.com.pe","description":"Noticias de tranporte aereo, turismo, hoteles, gastronomia, actualidad, internacional","potentialAction":[{"@type":"SearchAction","target":{"@type":"EntryPoint","urlTemplate":"https:\/\/aeronoticias.com.pe\/noticiero\/?s={search_term_string}"},"query-input":{"@type":"PropertyValueSpecification","valueRequired":true,"valueName":"search_term_string"}}],"inLanguage":"es"},{"@type":"Person","@id":"https:\/\/aeronoticias.com.pe\/noticiero\/#\/schema\/person\/fc1e5d578f4b62ba1cf7ac2bba1170a0","name":"Redacci\u00f3n Aeronoticias","url":"https:\/\/aeronoticias.com.pe\/noticiero\/author\/piloto\/"}]}},"_links":{"self":[{"href":"https:\/\/aeronoticias.com.pe\/noticiero\/wp-json\/wp\/v2\/posts\/39387","targetHints":{"allow":["GET"]}}],"collection":[{"href":"https:\/\/aeronoticias.com.pe\/noticiero\/wp-json\/wp\/v2\/posts"}],"about":[{"href":"https:\/\/aeronoticias.com.pe\/noticiero\/wp-json\/wp\/v2\/types\/post"}],"author":[{"embeddable":true,"href":"https:\/\/aeronoticias.com.pe\/noticiero\/wp-json\/wp\/v2\/users\/1"}],"replies":[{"embeddable":true,"href":"https:\/\/aeronoticias.com.pe\/noticiero\/wp-json\/wp\/v2\/comments?post=39387"}],"version-history":[{"count":0,"href":"https:\/\/aeronoticias.com.pe\/noticiero\/wp-json\/wp\/v2\/posts\/39387\/revisions"}],"wp:attachment":[{"href":"https:\/\/aeronoticias.com.pe\/noticiero\/wp-json\/wp\/v2\/media?parent=39387"}],"wp:term":[{"taxonomy":"category","embeddable":true,"href":"https:\/\/aeronoticias.com.pe\/noticiero\/wp-json\/wp\/v2\/categories?post=39387"},{"taxonomy":"post_tag","embeddable":true,"href":"https:\/\/aeronoticias.com.pe\/noticiero\/wp-json\/wp\/v2\/tags?post=39387"}],"curies":[{"name":"wp","href":"https:\/\/api.w.org\/{rel}","templated":true}]}}