{"id":39396,"date":"2013-08-15T23:24:11","date_gmt":"2013-08-15T23:24:11","guid":{"rendered":"http:\/\/desarrollo.mcvicious.com\/aero2020\/2013\/08\/15\/panama-multaria-con-un-millon-de-dolares-a-barco-de-corea-del-norte-con-armas-de-cuba\/"},"modified":"2013-08-15T23:24:11","modified_gmt":"2013-08-15T23:24:11","slug":"panama-multaria-con-un-millon-de-dolares-a-barco-de-corea-del-norte-con-armas-de-cuba","status":"publish","type":"post","link":"https:\/\/aeronoticias.com.pe\/noticiero\/internacionales\/panama-multaria-con-un-millon-de-dolares-a-barco-de-corea-del-norte-con-armas-de-cuba\/","title":{"rendered":"Panam\u00e1 multar\u00eda con un mill\u00f3n de d\u00f3lares a barco de Corea del Norte con armas de Cuba"},"content":{"rendered":"<p style=\"text-align: justify;\"><strong>(Aeronoticias).-<\/strong> La Autoridad del Canal de Panam\u00e1 (ACP) comunic\u00f3 que el barco norcoreano Chong Chon Gang, en el que se hallaron 25 contenedores con armas escondidas bajo miles de toneladas de az\u00facar cubana, se expone a una multa de hasta un mill\u00f3n de d\u00f3lares.<\/p>\n<p style=\"text-align: justify;\"><span style=\"line-height: 1.3em;\">El administrador de la ACP, Jorge Quijano, citado por la prensa latinoamericana, afirm\u00f3 que el no haber declarado la carga que llevaba el barco constituye una violaci\u00f3n del reglamento.<\/span><\/p>\n<p><span style=\"line-height: 1.3em;\"> <\/span><\/p>\n<p>  <!--more-->  <\/p>\n<p><span style=\"line-height: 1.3em; text-align: justify;\">Las infracciones se castigan con multas que oscilan entre 100 d\u00f3lares y un mill\u00f3n de d\u00f3lares.<\/span><\/p>\n<p style=\"text-align: justify;\"><span style=\"line-height: 1.3em;\">El mercante Chong Chon Gang, procedente de Cuba, fue interceptado el pasado 10 de julio cuando se dispon\u00eda a cruzar el canal de Panam\u00e1 rumbo a Corea del Norte.<\/span><\/p>\n<p style=\"text-align: justify;\"><span style=\"line-height: 1.3em;\">Una inspecci\u00f3n organizada ante la sospecha de que a bordo hab\u00eda un alijo de drogas descubri\u00f3 contenedores con material b\u00e9lico no declarado: armas, municiones, explosivos y seis veh\u00edculos para el transporte de cohetes.<\/span><\/p>\n<p style=\"text-align: justify;\"><span style=\"line-height: 1.3em;\">Posteriormente, la canciller\u00eda cubana explic\u00f3 que se trata de \u201carmamento defensivo obsoleto\u201d, incluidos dos sistemas antia\u00e9reos de fabricaci\u00f3n sovi\u00e9tica, cohetes desmantelados, dos aviones MiG-21 y 15 motores para este tipo de avi\u00f3n, enviados a Corea del Norte para su reparaci\u00f3n.<\/span><\/p>\n<p style=\"text-align: justify;\"><span style=\"line-height: 1.3em;\">Con informaci\u00f3n de <strong>Andina<\/p>\n<p><img decoding=\"async\" src=\"images\/stories\/13\/08\/150813\/panam.jpg\" border=\"0\" alt=\"Panam\u00e1 multar\u00eda con un mill\u00f3n de d\u00f3lares a barco de Corea del Norte con armas de Cuba\" title=\"Panam\u00e1 multar\u00eda con un mill\u00f3n de d\u00f3lares a barco de Corea del Norte con armas de Cuba\" \/><br \/><\/strong><\/span><\/p>\n","protected":false},"excerpt":{"rendered":"<p>(Aeronoticias).- La Autoridad del Canal de Panam\u00e1 (ACP) comunic\u00f3 que el barco norcoreano Chong Chon Gang, en el que se hallaron 25 contenedores con armas escondidas bajo miles de toneladas de az\u00facar cubana, se expone a una multa de hasta un mill\u00f3n de d\u00f3lares. El administrador de la ACP, Jorge Quijano, citado por la prensa [&hellip;]<\/p>\n","protected":false},"author":1,"featured_media":0,"comment_status":"open","ping_status":"open","sticky":false,"template":"","format":"standard","meta":{"tdm_status":"","tdm_grid_status":"","footnotes":""},"categories":[34],"tags":[],"class_list":{"0":"post-39396","1":"post","2":"type-post","3":"status-publish","4":"format-standard","6":"category-internacionales"},"yoast_head":"<!-- This site is optimized with the Yoast SEO plugin v25.1 - https:\/\/yoast.com\/wordpress\/plugins\/seo\/ -->\n<title>Panam\u00e1 multar\u00eda con un mill\u00f3n de d\u00f3lares a barco de Corea del Norte con armas de Cuba<\/title>\n<meta name=\"description\" content=\"Portal de noticias del Per\u00fa sobre el transporte a\u00e9reo, aviaci\u00f3n, turismo, hoteleria, actualidad.\" \/>\n<meta name=\"robots\" content=\"index, follow, max-snippet:-1, max-image-preview:large, max-video-preview:-1\" \/>\n<link rel=\"canonical\" href=\"https:\/\/aeronoticias.com.pe\/noticiero\/internacionales\/panama-multaria-con-un-millon-de-dolares-a-barco-de-corea-del-norte-con-armas-de-cuba\/\" \/>\n<meta property=\"og:locale\" content=\"es_ES\" \/>\n<meta property=\"og:type\" content=\"article\" \/>\n<meta property=\"og:title\" content=\"Panam\u00e1 multar\u00eda con un mill\u00f3n de d\u00f3lares a barco de Corea del Norte con armas de Cuba\" \/>\n<meta property=\"og:description\" content=\"Portal de noticias del Per\u00fa sobre el transporte a\u00e9reo, aviaci\u00f3n, turismo, hoteleria, actualidad.\" \/>\n<meta property=\"og:url\" content=\"https:\/\/aeronoticias.com.pe\/noticiero\/internacionales\/panama-multaria-con-un-millon-de-dolares-a-barco-de-corea-del-norte-con-armas-de-cuba\/\" \/>\n<meta property=\"og:site_name\" content=\"Aeronoticias.com.pe\" \/>\n<meta property=\"article:publisher\" content=\"https:\/\/www.facebook.com\/Aeronoticias.com.pe\/\" \/>\n<meta property=\"article:published_time\" content=\"2013-08-15T23:24:11+00:00\" \/>\n<meta name=\"author\" content=\"Redacci\u00f3n Aeronoticias\" \/>\n<meta name=\"twitter:card\" content=\"summary_large_image\" \/>\n<meta name=\"twitter:creator\" content=\"@aeronoticias\" \/>\n<meta name=\"twitter:site\" content=\"@aeronoticias\" \/>\n<meta name=\"twitter:label1\" content=\"Escrito por\" \/>\n\t<meta name=\"twitter:data1\" content=\"Redacci\u00f3n Aeronoticias\" \/>\n\t<meta name=\"twitter:label2\" content=\"Tiempo de lectura\" \/>\n\t<meta name=\"twitter:data2\" content=\"1 minuto\" \/>\n<script type=\"application\/ld+json\" class=\"yoast-schema-graph\">{\"@context\":\"https:\/\/schema.org\",\"@graph\":[{\"@type\":\"WebPage\",\"@id\":\"https:\/\/aeronoticias.com.pe\/noticiero\/internacionales\/panama-multaria-con-un-millon-de-dolares-a-barco-de-corea-del-norte-con-armas-de-cuba\/\",\"url\":\"https:\/\/aeronoticias.com.pe\/noticiero\/internacionales\/panama-multaria-con-un-millon-de-dolares-a-barco-de-corea-del-norte-con-armas-de-cuba\/\",\"name\":\"Panam\u00e1 multar\u00eda con un mill\u00f3n de d\u00f3lares a barco de Corea del Norte con armas de Cuba\",\"isPartOf\":{\"@id\":\"https:\/\/aeronoticias.com.pe\/noticiero\/#website\"},\"datePublished\":\"2013-08-15T23:24:11+00:00\",\"author\":{\"@id\":\"https:\/\/aeronoticias.com.pe\/noticiero\/#\/schema\/person\/fc1e5d578f4b62ba1cf7ac2bba1170a0\"},\"description\":\"Portal de noticias del Per\u00fa sobre el transporte a\u00e9reo, aviaci\u00f3n, turismo, hoteleria, actualidad.\",\"breadcrumb\":{\"@id\":\"https:\/\/aeronoticias.com.pe\/noticiero\/internacionales\/panama-multaria-con-un-millon-de-dolares-a-barco-de-corea-del-norte-con-armas-de-cuba\/#breadcrumb\"},\"inLanguage\":\"es\",\"potentialAction\":[{\"@type\":\"ReadAction\",\"target\":[\"https:\/\/aeronoticias.com.pe\/noticiero\/internacionales\/panama-multaria-con-un-millon-de-dolares-a-barco-de-corea-del-norte-con-armas-de-cuba\/\"]}]},{\"@type\":\"BreadcrumbList\",\"@id\":\"https:\/\/aeronoticias.com.pe\/noticiero\/internacionales\/panama-multaria-con-un-millon-de-dolares-a-barco-de-corea-del-norte-con-armas-de-cuba\/#breadcrumb\",\"itemListElement\":[{\"@type\":\"ListItem\",\"position\":1,\"name\":\"Portada\",\"item\":\"https:\/\/aeronoticias.com.pe\/noticiero\/\"},{\"@type\":\"ListItem\",\"position\":2,\"name\":\"Panam\u00e1 multar\u00eda con un mill\u00f3n de d\u00f3lares a barco de Corea del Norte con armas de Cuba\"}]},{\"@type\":\"WebSite\",\"@id\":\"https:\/\/aeronoticias.com.pe\/noticiero\/#website\",\"url\":\"https:\/\/aeronoticias.com.pe\/noticiero\/\",\"name\":\"Aeronoticias.com.pe\",\"description\":\"Noticias de tranporte aereo, turismo, hoteles, gastronomia, actualidad, internacional\",\"potentialAction\":[{\"@type\":\"SearchAction\",\"target\":{\"@type\":\"EntryPoint\",\"urlTemplate\":\"https:\/\/aeronoticias.com.pe\/noticiero\/?s={search_term_string}\"},\"query-input\":{\"@type\":\"PropertyValueSpecification\",\"valueRequired\":true,\"valueName\":\"search_term_string\"}}],\"inLanguage\":\"es\"},{\"@type\":\"Person\",\"@id\":\"https:\/\/aeronoticias.com.pe\/noticiero\/#\/schema\/person\/fc1e5d578f4b62ba1cf7ac2bba1170a0\",\"name\":\"Redacci\u00f3n Aeronoticias\",\"url\":\"https:\/\/aeronoticias.com.pe\/noticiero\/author\/piloto\/\"}]}<\/script>\n<!-- \/ Yoast SEO plugin. -->","yoast_head_json":{"title":"Panam\u00e1 multar\u00eda con un mill\u00f3n de d\u00f3lares a barco de Corea del Norte con armas de Cuba","description":"Portal de noticias del Per\u00fa sobre el transporte a\u00e9reo, aviaci\u00f3n, turismo, hoteleria, actualidad.","robots":{"index":"index","follow":"follow","max-snippet":"max-snippet:-1","max-image-preview":"max-image-preview:large","max-video-preview":"max-video-preview:-1"},"canonical":"https:\/\/aeronoticias.com.pe\/noticiero\/internacionales\/panama-multaria-con-un-millon-de-dolares-a-barco-de-corea-del-norte-con-armas-de-cuba\/","og_locale":"es_ES","og_type":"article","og_title":"Panam\u00e1 multar\u00eda con un mill\u00f3n de d\u00f3lares a barco de Corea del Norte con armas de Cuba","og_description":"Portal de noticias del Per\u00fa sobre el transporte a\u00e9reo, aviaci\u00f3n, turismo, hoteleria, actualidad.","og_url":"https:\/\/aeronoticias.com.pe\/noticiero\/internacionales\/panama-multaria-con-un-millon-de-dolares-a-barco-de-corea-del-norte-con-armas-de-cuba\/","og_site_name":"Aeronoticias.com.pe","article_publisher":"https:\/\/www.facebook.com\/Aeronoticias.com.pe\/","article_published_time":"2013-08-15T23:24:11+00:00","author":"Redacci\u00f3n Aeronoticias","twitter_card":"summary_large_image","twitter_creator":"@aeronoticias","twitter_site":"@aeronoticias","twitter_misc":{"Escrito por":"Redacci\u00f3n Aeronoticias","Tiempo de lectura":"1 minuto"},"schema":{"@context":"https:\/\/schema.org","@graph":[{"@type":"WebPage","@id":"https:\/\/aeronoticias.com.pe\/noticiero\/internacionales\/panama-multaria-con-un-millon-de-dolares-a-barco-de-corea-del-norte-con-armas-de-cuba\/","url":"https:\/\/aeronoticias.com.pe\/noticiero\/internacionales\/panama-multaria-con-un-millon-de-dolares-a-barco-de-corea-del-norte-con-armas-de-cuba\/","name":"Panam\u00e1 multar\u00eda con un mill\u00f3n de d\u00f3lares a barco de Corea del Norte con armas de Cuba","isPartOf":{"@id":"https:\/\/aeronoticias.com.pe\/noticiero\/#website"},"datePublished":"2013-08-15T23:24:11+00:00","author":{"@id":"https:\/\/aeronoticias.com.pe\/noticiero\/#\/schema\/person\/fc1e5d578f4b62ba1cf7ac2bba1170a0"},"description":"Portal de noticias del Per\u00fa sobre el transporte a\u00e9reo, aviaci\u00f3n, turismo, hoteleria, actualidad.","breadcrumb":{"@id":"https:\/\/aeronoticias.com.pe\/noticiero\/internacionales\/panama-multaria-con-un-millon-de-dolares-a-barco-de-corea-del-norte-con-armas-de-cuba\/#breadcrumb"},"inLanguage":"es","potentialAction":[{"@type":"ReadAction","target":["https:\/\/aeronoticias.com.pe\/noticiero\/internacionales\/panama-multaria-con-un-millon-de-dolares-a-barco-de-corea-del-norte-con-armas-de-cuba\/"]}]},{"@type":"BreadcrumbList","@id":"https:\/\/aeronoticias.com.pe\/noticiero\/internacionales\/panama-multaria-con-un-millon-de-dolares-a-barco-de-corea-del-norte-con-armas-de-cuba\/#breadcrumb","itemListElement":[{"@type":"ListItem","position":1,"name":"Portada","item":"https:\/\/aeronoticias.com.pe\/noticiero\/"},{"@type":"ListItem","position":2,"name":"Panam\u00e1 multar\u00eda con un mill\u00f3n de d\u00f3lares a barco de Corea del Norte con armas de Cuba"}]},{"@type":"WebSite","@id":"https:\/\/aeronoticias.com.pe\/noticiero\/#website","url":"https:\/\/aeronoticias.com.pe\/noticiero\/","name":"Aeronoticias.com.pe","description":"Noticias de tranporte aereo, turismo, hoteles, gastronomia, actualidad, internacional","potentialAction":[{"@type":"SearchAction","target":{"@type":"EntryPoint","urlTemplate":"https:\/\/aeronoticias.com.pe\/noticiero\/?s={search_term_string}"},"query-input":{"@type":"PropertyValueSpecification","valueRequired":true,"valueName":"search_term_string"}}],"inLanguage":"es"},{"@type":"Person","@id":"https:\/\/aeronoticias.com.pe\/noticiero\/#\/schema\/person\/fc1e5d578f4b62ba1cf7ac2bba1170a0","name":"Redacci\u00f3n Aeronoticias","url":"https:\/\/aeronoticias.com.pe\/noticiero\/author\/piloto\/"}]}},"_links":{"self":[{"href":"https:\/\/aeronoticias.com.pe\/noticiero\/wp-json\/wp\/v2\/posts\/39396","targetHints":{"allow":["GET"]}}],"collection":[{"href":"https:\/\/aeronoticias.com.pe\/noticiero\/wp-json\/wp\/v2\/posts"}],"about":[{"href":"https:\/\/aeronoticias.com.pe\/noticiero\/wp-json\/wp\/v2\/types\/post"}],"author":[{"embeddable":true,"href":"https:\/\/aeronoticias.com.pe\/noticiero\/wp-json\/wp\/v2\/users\/1"}],"replies":[{"embeddable":true,"href":"https:\/\/aeronoticias.com.pe\/noticiero\/wp-json\/wp\/v2\/comments?post=39396"}],"version-history":[{"count":0,"href":"https:\/\/aeronoticias.com.pe\/noticiero\/wp-json\/wp\/v2\/posts\/39396\/revisions"}],"wp:attachment":[{"href":"https:\/\/aeronoticias.com.pe\/noticiero\/wp-json\/wp\/v2\/media?parent=39396"}],"wp:term":[{"taxonomy":"category","embeddable":true,"href":"https:\/\/aeronoticias.com.pe\/noticiero\/wp-json\/wp\/v2\/categories?post=39396"},{"taxonomy":"post_tag","embeddable":true,"href":"https:\/\/aeronoticias.com.pe\/noticiero\/wp-json\/wp\/v2\/tags?post=39396"}],"curies":[{"name":"wp","href":"https:\/\/api.w.org\/{rel}","templated":true}]}}