{"id":395,"date":"2008-09-03T10:28:56","date_gmt":"2008-09-03T10:28:56","guid":{"rendered":"http:\/\/desarrollo.mcvicious.com\/aero2020\/2008\/09\/03\/iata-aerolas-prevpidas-por-us-5-mil-200-millones-este-a\/"},"modified":"2008-09-03T10:28:56","modified_gmt":"2008-09-03T10:28:56","slug":"iata-aerolas-prevpidas-por-us-5-mil-200-millones-este-a","status":"publish","type":"post","link":"https:\/\/aeronoticias.com.pe\/noticiero\/transporte-aereo\/internacional\/iata-aerolas-prevpidas-por-us-5-mil-200-millones-este-a\/","title":{"rendered":"IATA: Aerol"},"content":{"rendered":"<p style=\"font-size: 12px; color: #003a75; font-family: Arial, Helvetica, sans-serif\" align=\"justify\">Debido a la reducci&oacute;n de la demanda de billetes a&eacute;reos y el precio del crudo, la Asociaci&oacute;n Internacional del Transporte A&eacute;reo (IATA) anunci&oacute; hoy que este a&ntilde;o el sector tendr&aacute; p&eacute;rdidas de US$ 5.200 millones y que el pr&oacute;ximo a&ntilde;o superar&iacute;an los US$ 4.100 millones.<\/p>\n<p align=\"center\"><strong style=\"font-size: 12px; color: #003a75; font-family: Arial, Helvetica, sans-serif\">Tr&aacute;fico a&eacute;reo cay&oacute; 1% en julio pasado<\/strong><\/p>\n<p style=\"font-size: 12px; color: #003a75; font-family: Arial, Helvetica, sans-serif\" align=\"justify\">IATA tambi&eacute;n dio a conocer que el tr&aacute;fico a&eacute;reo cay&oacute; en julio un 1,9% con respecto al mismo periodo del a&ntilde;o anterior, la menor cifra en cinco a&ntilde;os.<\/p>\n<p style=\"font-size: 12px; color: #003a75; font-family: Arial, Helvetica, sans-serif\" align=\"justify\">Esta entidad ha hecho sus c&aacute;lculos bas&aacute;ndose en un precio medio del barril de petr&oacute;leo de 113 d&oacute;lares, es decir, 40 d&oacute;lares por barril m&aacute;s que en 2007.<\/p>\n<p style=\"font-size: 12px; color: #003a75; font-family: Arial, Helvetica, sans-serif\" align=\"justify\">Este aumento ha causado que el petr&oacute;leo represente un 36% de los costos operacionales totales, cuando en 2002 era s&oacute;lo del 13%.<\/p>\n<p style=\"font-size: 12px; color: #003a75; font-family: Arial, Helvetica, sans-serif\" align=\"justify\">De hecho, seg&uacute;n las expectativas de la IATA, el costo del petr&oacute;leo ser&aacute; este a&ntilde;o para la industria a&eacute;rea de 186.000 millones de d&oacute;lares.<\/p>\n<div style=\"text-align: center\"><img loading=\"lazy\" decoding=\"async\" src=\"http:\/\/aeronoticias.com.pe\/fotonoticias\/setiembre\/avion3sep.JPG\" alt=\" \" title=\"IATA: Aerol&iacute;neas prev&eacute;n p&eacute;rdidas por US$ 5 mil 200 millones este a&ntilde;o. (Foto: Luis Noguera-Aeronoticias)\" hspace=\"5\" vspace=\"5\" width=\"400\" height=\"268\" \/><\/div>\n<p> <!--more--> <\/p>\n<p align=\"center\"><strong style=\"font-size: 12px; color: #003a75; font-family: Arial, Helvetica, sans-serif\">Reestructuraci&oacute;n de la industria<\/strong><\/p>\n<p style=\"font-size: 12px; color: #003a75; font-family: Arial, Helvetica, sans-serif\" align=\"justify\">Con respecto al 2009, la asociaci&oacute;n indica que la reestructuraci&oacute;n de la industria puede producir &quot;algunos beneficios, pero que las d&eacute;biles perspectivas econ&oacute;micas causar&aacute;n una reducci&oacute;n del tr&aacute;fico&quot;.<\/p>\n<p style=\"font-size: 12px; color: #003a75; font-family: Arial, Helvetica, sans-serif\" align=\"justify\">La ca&iacute;da de la demanda de billetes en julio tambi&eacute;n caus&oacute; una revisi&oacute;n de sus perspectivas del aumento del tr&aacute;fico de pasajeros para este a&ntilde;o, que ahora est&aacute; cifrado en un crecimiento del 3,2%, inform&oacute; la agencia Efe.<\/p>\n","protected":false},"excerpt":{"rendered":"<p>Debido a la reducci&oacute;n de la demanda de billetes a&eacute;reos y el precio del crudo, la Asociaci&oacute;n Internacional del Transporte A&eacute;reo (IATA) anunci&oacute; hoy que este a&ntilde;o el sector tendr&aacute; p&eacute;rdidas de US$ 5.200 millones y que el pr&oacute;ximo a&ntilde;o superar&iacute;an los US$ 4.100 millones. Tr&aacute;fico a&eacute;reo cay&oacute; 1% en julio pasado IATA tambi&eacute;n dio [&hellip;]<\/p>\n","protected":false},"author":1,"featured_media":0,"comment_status":"open","ping_status":"open","sticky":false,"template":"","format":"standard","meta":{"tdm_status":"","tdm_grid_status":"","footnotes":""},"categories":[32],"tags":[],"class_list":{"0":"post-395","1":"post","2":"type-post","3":"status-publish","4":"format-standard","6":"category-internacional"},"yoast_head":"<!-- This site is optimized with the Yoast SEO plugin v25.1 - https:\/\/yoast.com\/wordpress\/plugins\/seo\/ -->\n<title>IATA: Aerol<\/title>\n<meta name=\"description\" content=\"Portal de noticias del Per\u00fa sobre el transporte a\u00e9reo, aviaci\u00f3n, turismo, hoteleria, actualidad.\" \/>\n<meta name=\"robots\" content=\"index, follow, max-snippet:-1, max-image-preview:large, max-video-preview:-1\" \/>\n<link rel=\"canonical\" href=\"https:\/\/aeronoticias.com.pe\/noticiero\/transporte-aereo\/internacional\/iata-aerolas-prevpidas-por-us-5-mil-200-millones-este-a\/\" \/>\n<meta property=\"og:locale\" content=\"es_ES\" \/>\n<meta property=\"og:type\" content=\"article\" \/>\n<meta property=\"og:title\" content=\"IATA: Aerol\" \/>\n<meta property=\"og:description\" content=\"Portal de noticias del Per\u00fa sobre el transporte a\u00e9reo, aviaci\u00f3n, turismo, hoteleria, actualidad.\" \/>\n<meta property=\"og:url\" content=\"https:\/\/aeronoticias.com.pe\/noticiero\/transporte-aereo\/internacional\/iata-aerolas-prevpidas-por-us-5-mil-200-millones-este-a\/\" \/>\n<meta property=\"og:site_name\" content=\"Aeronoticias.com.pe\" \/>\n<meta property=\"article:publisher\" content=\"https:\/\/www.facebook.com\/Aeronoticias.com.pe\/\" \/>\n<meta property=\"article:published_time\" content=\"2008-09-03T10:28:56+00:00\" \/>\n<meta property=\"og:image\" content=\"http:\/\/aeronoticias.com.pe\/fotonoticias\/setiembre\/avion3sep.JPG\" \/>\n<meta name=\"author\" content=\"Redacci\u00f3n Aeronoticias\" \/>\n<meta name=\"twitter:card\" content=\"summary_large_image\" \/>\n<meta name=\"twitter:creator\" content=\"@aeronoticias\" \/>\n<meta name=\"twitter:site\" content=\"@aeronoticias\" \/>\n<meta name=\"twitter:label1\" content=\"Escrito por\" \/>\n\t<meta name=\"twitter:data1\" content=\"Redacci\u00f3n Aeronoticias\" \/>\n\t<meta name=\"twitter:label2\" content=\"Tiempo de lectura\" \/>\n\t<meta name=\"twitter:data2\" content=\"2 minutos\" \/>\n<script type=\"application\/ld+json\" class=\"yoast-schema-graph\">{\"@context\":\"https:\/\/schema.org\",\"@graph\":[{\"@type\":\"WebPage\",\"@id\":\"https:\/\/aeronoticias.com.pe\/noticiero\/transporte-aereo\/internacional\/iata-aerolas-prevpidas-por-us-5-mil-200-millones-este-a\/\",\"url\":\"https:\/\/aeronoticias.com.pe\/noticiero\/transporte-aereo\/internacional\/iata-aerolas-prevpidas-por-us-5-mil-200-millones-este-a\/\",\"name\":\"IATA: Aerol\",\"isPartOf\":{\"@id\":\"https:\/\/aeronoticias.com.pe\/noticiero\/#website\"},\"primaryImageOfPage\":{\"@id\":\"https:\/\/aeronoticias.com.pe\/noticiero\/transporte-aereo\/internacional\/iata-aerolas-prevpidas-por-us-5-mil-200-millones-este-a\/#primaryimage\"},\"image\":{\"@id\":\"https:\/\/aeronoticias.com.pe\/noticiero\/transporte-aereo\/internacional\/iata-aerolas-prevpidas-por-us-5-mil-200-millones-este-a\/#primaryimage\"},\"thumbnailUrl\":\"http:\/\/aeronoticias.com.pe\/fotonoticias\/setiembre\/avion3sep.JPG\",\"datePublished\":\"2008-09-03T10:28:56+00:00\",\"author\":{\"@id\":\"https:\/\/aeronoticias.com.pe\/noticiero\/#\/schema\/person\/fc1e5d578f4b62ba1cf7ac2bba1170a0\"},\"description\":\"Portal de noticias del Per\u00fa sobre el transporte a\u00e9reo, aviaci\u00f3n, turismo, hoteleria, actualidad.\",\"breadcrumb\":{\"@id\":\"https:\/\/aeronoticias.com.pe\/noticiero\/transporte-aereo\/internacional\/iata-aerolas-prevpidas-por-us-5-mil-200-millones-este-a\/#breadcrumb\"},\"inLanguage\":\"es\",\"potentialAction\":[{\"@type\":\"ReadAction\",\"target\":[\"https:\/\/aeronoticias.com.pe\/noticiero\/transporte-aereo\/internacional\/iata-aerolas-prevpidas-por-us-5-mil-200-millones-este-a\/\"]}]},{\"@type\":\"ImageObject\",\"inLanguage\":\"es\",\"@id\":\"https:\/\/aeronoticias.com.pe\/noticiero\/transporte-aereo\/internacional\/iata-aerolas-prevpidas-por-us-5-mil-200-millones-este-a\/#primaryimage\",\"url\":\"http:\/\/aeronoticias.com.pe\/fotonoticias\/setiembre\/avion3sep.JPG\",\"contentUrl\":\"http:\/\/aeronoticias.com.pe\/fotonoticias\/setiembre\/avion3sep.JPG\"},{\"@type\":\"BreadcrumbList\",\"@id\":\"https:\/\/aeronoticias.com.pe\/noticiero\/transporte-aereo\/internacional\/iata-aerolas-prevpidas-por-us-5-mil-200-millones-este-a\/#breadcrumb\",\"itemListElement\":[{\"@type\":\"ListItem\",\"position\":1,\"name\":\"Portada\",\"item\":\"https:\/\/aeronoticias.com.pe\/noticiero\/\"},{\"@type\":\"ListItem\",\"position\":2,\"name\":\"IATA: Aerol\"}]},{\"@type\":\"WebSite\",\"@id\":\"https:\/\/aeronoticias.com.pe\/noticiero\/#website\",\"url\":\"https:\/\/aeronoticias.com.pe\/noticiero\/\",\"name\":\"Aeronoticias.com.pe\",\"description\":\"Noticias de tranporte aereo, turismo, hoteles, gastronomia, actualidad, internacional\",\"potentialAction\":[{\"@type\":\"SearchAction\",\"target\":{\"@type\":\"EntryPoint\",\"urlTemplate\":\"https:\/\/aeronoticias.com.pe\/noticiero\/?s={search_term_string}\"},\"query-input\":{\"@type\":\"PropertyValueSpecification\",\"valueRequired\":true,\"valueName\":\"search_term_string\"}}],\"inLanguage\":\"es\"},{\"@type\":\"Person\",\"@id\":\"https:\/\/aeronoticias.com.pe\/noticiero\/#\/schema\/person\/fc1e5d578f4b62ba1cf7ac2bba1170a0\",\"name\":\"Redacci\u00f3n Aeronoticias\",\"url\":\"https:\/\/aeronoticias.com.pe\/noticiero\/author\/piloto\/\"}]}<\/script>\n<!-- \/ Yoast SEO plugin. -->","yoast_head_json":{"title":"IATA: Aerol","description":"Portal de noticias del Per\u00fa sobre el transporte a\u00e9reo, aviaci\u00f3n, turismo, hoteleria, actualidad.","robots":{"index":"index","follow":"follow","max-snippet":"max-snippet:-1","max-image-preview":"max-image-preview:large","max-video-preview":"max-video-preview:-1"},"canonical":"https:\/\/aeronoticias.com.pe\/noticiero\/transporte-aereo\/internacional\/iata-aerolas-prevpidas-por-us-5-mil-200-millones-este-a\/","og_locale":"es_ES","og_type":"article","og_title":"IATA: Aerol","og_description":"Portal de noticias del Per\u00fa sobre el transporte a\u00e9reo, aviaci\u00f3n, turismo, hoteleria, actualidad.","og_url":"https:\/\/aeronoticias.com.pe\/noticiero\/transporte-aereo\/internacional\/iata-aerolas-prevpidas-por-us-5-mil-200-millones-este-a\/","og_site_name":"Aeronoticias.com.pe","article_publisher":"https:\/\/www.facebook.com\/Aeronoticias.com.pe\/","article_published_time":"2008-09-03T10:28:56+00:00","og_image":[{"url":"http:\/\/aeronoticias.com.pe\/fotonoticias\/setiembre\/avion3sep.JPG","type":"","width":"","height":""}],"author":"Redacci\u00f3n Aeronoticias","twitter_card":"summary_large_image","twitter_creator":"@aeronoticias","twitter_site":"@aeronoticias","twitter_misc":{"Escrito por":"Redacci\u00f3n Aeronoticias","Tiempo de lectura":"2 minutos"},"schema":{"@context":"https:\/\/schema.org","@graph":[{"@type":"WebPage","@id":"https:\/\/aeronoticias.com.pe\/noticiero\/transporte-aereo\/internacional\/iata-aerolas-prevpidas-por-us-5-mil-200-millones-este-a\/","url":"https:\/\/aeronoticias.com.pe\/noticiero\/transporte-aereo\/internacional\/iata-aerolas-prevpidas-por-us-5-mil-200-millones-este-a\/","name":"IATA: Aerol","isPartOf":{"@id":"https:\/\/aeronoticias.com.pe\/noticiero\/#website"},"primaryImageOfPage":{"@id":"https:\/\/aeronoticias.com.pe\/noticiero\/transporte-aereo\/internacional\/iata-aerolas-prevpidas-por-us-5-mil-200-millones-este-a\/#primaryimage"},"image":{"@id":"https:\/\/aeronoticias.com.pe\/noticiero\/transporte-aereo\/internacional\/iata-aerolas-prevpidas-por-us-5-mil-200-millones-este-a\/#primaryimage"},"thumbnailUrl":"http:\/\/aeronoticias.com.pe\/fotonoticias\/setiembre\/avion3sep.JPG","datePublished":"2008-09-03T10:28:56+00:00","author":{"@id":"https:\/\/aeronoticias.com.pe\/noticiero\/#\/schema\/person\/fc1e5d578f4b62ba1cf7ac2bba1170a0"},"description":"Portal de noticias del Per\u00fa sobre el transporte a\u00e9reo, aviaci\u00f3n, turismo, hoteleria, actualidad.","breadcrumb":{"@id":"https:\/\/aeronoticias.com.pe\/noticiero\/transporte-aereo\/internacional\/iata-aerolas-prevpidas-por-us-5-mil-200-millones-este-a\/#breadcrumb"},"inLanguage":"es","potentialAction":[{"@type":"ReadAction","target":["https:\/\/aeronoticias.com.pe\/noticiero\/transporte-aereo\/internacional\/iata-aerolas-prevpidas-por-us-5-mil-200-millones-este-a\/"]}]},{"@type":"ImageObject","inLanguage":"es","@id":"https:\/\/aeronoticias.com.pe\/noticiero\/transporte-aereo\/internacional\/iata-aerolas-prevpidas-por-us-5-mil-200-millones-este-a\/#primaryimage","url":"http:\/\/aeronoticias.com.pe\/fotonoticias\/setiembre\/avion3sep.JPG","contentUrl":"http:\/\/aeronoticias.com.pe\/fotonoticias\/setiembre\/avion3sep.JPG"},{"@type":"BreadcrumbList","@id":"https:\/\/aeronoticias.com.pe\/noticiero\/transporte-aereo\/internacional\/iata-aerolas-prevpidas-por-us-5-mil-200-millones-este-a\/#breadcrumb","itemListElement":[{"@type":"ListItem","position":1,"name":"Portada","item":"https:\/\/aeronoticias.com.pe\/noticiero\/"},{"@type":"ListItem","position":2,"name":"IATA: Aerol"}]},{"@type":"WebSite","@id":"https:\/\/aeronoticias.com.pe\/noticiero\/#website","url":"https:\/\/aeronoticias.com.pe\/noticiero\/","name":"Aeronoticias.com.pe","description":"Noticias de tranporte aereo, turismo, hoteles, gastronomia, actualidad, internacional","potentialAction":[{"@type":"SearchAction","target":{"@type":"EntryPoint","urlTemplate":"https:\/\/aeronoticias.com.pe\/noticiero\/?s={search_term_string}"},"query-input":{"@type":"PropertyValueSpecification","valueRequired":true,"valueName":"search_term_string"}}],"inLanguage":"es"},{"@type":"Person","@id":"https:\/\/aeronoticias.com.pe\/noticiero\/#\/schema\/person\/fc1e5d578f4b62ba1cf7ac2bba1170a0","name":"Redacci\u00f3n Aeronoticias","url":"https:\/\/aeronoticias.com.pe\/noticiero\/author\/piloto\/"}]}},"_links":{"self":[{"href":"https:\/\/aeronoticias.com.pe\/noticiero\/wp-json\/wp\/v2\/posts\/395","targetHints":{"allow":["GET"]}}],"collection":[{"href":"https:\/\/aeronoticias.com.pe\/noticiero\/wp-json\/wp\/v2\/posts"}],"about":[{"href":"https:\/\/aeronoticias.com.pe\/noticiero\/wp-json\/wp\/v2\/types\/post"}],"author":[{"embeddable":true,"href":"https:\/\/aeronoticias.com.pe\/noticiero\/wp-json\/wp\/v2\/users\/1"}],"replies":[{"embeddable":true,"href":"https:\/\/aeronoticias.com.pe\/noticiero\/wp-json\/wp\/v2\/comments?post=395"}],"version-history":[{"count":0,"href":"https:\/\/aeronoticias.com.pe\/noticiero\/wp-json\/wp\/v2\/posts\/395\/revisions"}],"wp:attachment":[{"href":"https:\/\/aeronoticias.com.pe\/noticiero\/wp-json\/wp\/v2\/media?parent=395"}],"wp:term":[{"taxonomy":"category","embeddable":true,"href":"https:\/\/aeronoticias.com.pe\/noticiero\/wp-json\/wp\/v2\/categories?post=395"},{"taxonomy":"post_tag","embeddable":true,"href":"https:\/\/aeronoticias.com.pe\/noticiero\/wp-json\/wp\/v2\/tags?post=395"}],"curies":[{"name":"wp","href":"https:\/\/api.w.org\/{rel}","templated":true}]}}