{"id":39510,"date":"2013-08-20T14:19:13","date_gmt":"2013-08-20T14:19:13","guid":{"rendered":"http:\/\/desarrollo.mcvicious.com\/aero2020\/2013\/08\/20\/estado-ya-cuenta-con-terrenos-destinados-para-ampliacion-de-aeropuerto-jorge-chavez\/"},"modified":"2013-08-20T14:19:13","modified_gmt":"2013-08-20T14:19:13","slug":"estado-ya-cuenta-con-terrenos-destinados-para-ampliacion-de-aeropuerto-jorge-chavez","status":"publish","type":"post","link":"https:\/\/aeronoticias.com.pe\/noticiero\/nacionales\/estado-ya-cuenta-con-terrenos-destinados-para-ampliacion-de-aeropuerto-jorge-chavez\/","title":{"rendered":"Aeropuerto Jorge Ch\u00e1vez: Estado ya cuenta con los terrenos destinados para ampliaci\u00f3n"},"content":{"rendered":"<p style=\"text-align: justify;\"><strong>(Aeronoticias).-<\/strong> El ministro de Transportes y Comunicaciones, Carlos Paredes, afirm\u00f3 que el Estado ya cuenta con los terrenos destinados a la ampliaci\u00f3n y modernizaci\u00f3n del Aeropuerto Internacional Jorge Ch\u00e1vez.<\/p>\n<p style=\"text-align: justify;\">\u00abEl Estado ya tom\u00f3 posesi\u00f3n de estos terrenos, los cuales ser\u00e1n entregados a Lima Airport Partners (LAP) conforme la empresa operadora lo demanda y las obras de ampliaci\u00f3n del terminal se vayan ejecutando\u00bb, coment\u00f3.<\/p>\n<p>  <!--more-->  <\/p>\n<p style=\"text-align: justify;\">Dijo que hasta la fecha todo est\u00e1 avanzando conforme a lo previsto y las \u00e1reas se entregar\u00e1n de manera progresiva. \u00abLo que queremos es que LAP cuente con estos terrenos conforme desarrollen las obras de ampliaci\u00f3n del aeropuerto, las cuales empezar\u00e1n el pr\u00f3ximo a\u00f1o\u00bb, se\u00f1al\u00f3.<\/p>\n<p style=\"text-align: justify;\">Asimismo, Paredes sostuvo que su sector coordina la disposici\u00f3n de m\u00e1s \u00e1reas dentro de la actual infraestructura del aeropuerto Jorge Ch\u00e1vez a fin de contar con m\u00e1s posiciones de estacionamiento que permitan continuar albergando m\u00e1s l\u00edneas a\u00e9reas o frecuencias.<\/p>\n<p style=\"text-align: justify;\">\u00abTodo esto mientras se lleva a cabo la ampliaci\u00f3n del aeropuerto. Debemos tomar en cuenta que la demanda sigue creciendo y lo que queremos es consolidar al \u00b4Jorge Ch\u00e1vez\u00b4 como un hub aeroportuario regional, por lo tanto no podemos desatender esa demanda\u00bb, manifest\u00f3.<\/p>\n<p style=\"text-align: justify;\">Con informaci\u00f3n de <strong>Andina<\/p>\n<p><img decoding=\"async\" src=\"images\/stories\/13\/08\/200813\/aeropuerto.jpg\" border=\"0\" \/><br \/><\/strong><\/p>\n","protected":false},"excerpt":{"rendered":"<p>(Aeronoticias).- El ministro de Transportes y Comunicaciones, Carlos Paredes, afirm\u00f3 que el Estado ya cuenta con los terrenos destinados a la ampliaci\u00f3n y modernizaci\u00f3n del Aeropuerto Internacional Jorge Ch\u00e1vez. \u00abEl Estado ya tom\u00f3 posesi\u00f3n de estos terrenos, los cuales ser\u00e1n entregados a Lima Airport Partners (LAP) conforme la empresa operadora lo demanda y las obras [&hellip;]<\/p>\n","protected":false},"author":1,"featured_media":0,"comment_status":"open","ping_status":"open","sticky":false,"template":"","format":"standard","meta":{"tdm_status":"","tdm_grid_status":"","footnotes":""},"categories":[38],"tags":[],"class_list":{"0":"post-39510","1":"post","2":"type-post","3":"status-publish","4":"format-standard","6":"category-nacionales"},"yoast_head":"<!-- This site is optimized with the Yoast SEO plugin v25.1 - https:\/\/yoast.com\/wordpress\/plugins\/seo\/ -->\n<title>Aeropuerto Jorge Ch\u00e1vez: Estado ya cuenta con los terrenos destinados para ampliaci\u00f3n<\/title>\n<meta name=\"description\" content=\"Portal de noticias del Per\u00fa sobre el transporte a\u00e9reo, aviaci\u00f3n, turismo, hoteleria, actualidad.\" \/>\n<meta name=\"robots\" content=\"index, follow, max-snippet:-1, max-image-preview:large, max-video-preview:-1\" \/>\n<link rel=\"canonical\" href=\"https:\/\/aeronoticias.com.pe\/noticiero\/nacionales\/estado-ya-cuenta-con-terrenos-destinados-para-ampliacion-de-aeropuerto-jorge-chavez\/\" \/>\n<meta property=\"og:locale\" content=\"es_ES\" \/>\n<meta property=\"og:type\" content=\"article\" \/>\n<meta property=\"og:title\" content=\"Aeropuerto Jorge Ch\u00e1vez: Estado ya cuenta con los terrenos destinados para ampliaci\u00f3n\" \/>\n<meta property=\"og:description\" content=\"Portal de noticias del Per\u00fa sobre el transporte a\u00e9reo, aviaci\u00f3n, turismo, hoteleria, actualidad.\" \/>\n<meta property=\"og:url\" content=\"https:\/\/aeronoticias.com.pe\/noticiero\/nacionales\/estado-ya-cuenta-con-terrenos-destinados-para-ampliacion-de-aeropuerto-jorge-chavez\/\" \/>\n<meta property=\"og:site_name\" content=\"Aeronoticias.com.pe\" \/>\n<meta property=\"article:publisher\" content=\"https:\/\/www.facebook.com\/Aeronoticias.com.pe\/\" \/>\n<meta property=\"article:published_time\" content=\"2013-08-20T14:19:13+00:00\" \/>\n<meta name=\"author\" content=\"Redacci\u00f3n Aeronoticias\" \/>\n<meta name=\"twitter:card\" content=\"summary_large_image\" \/>\n<meta name=\"twitter:creator\" content=\"@aeronoticias\" \/>\n<meta name=\"twitter:site\" content=\"@aeronoticias\" \/>\n<meta name=\"twitter:label1\" content=\"Escrito por\" \/>\n\t<meta name=\"twitter:data1\" content=\"Redacci\u00f3n Aeronoticias\" \/>\n\t<meta name=\"twitter:label2\" content=\"Tiempo de lectura\" \/>\n\t<meta name=\"twitter:data2\" content=\"1 minuto\" \/>\n<script type=\"application\/ld+json\" class=\"yoast-schema-graph\">{\"@context\":\"https:\/\/schema.org\",\"@graph\":[{\"@type\":\"WebPage\",\"@id\":\"https:\/\/aeronoticias.com.pe\/noticiero\/nacionales\/estado-ya-cuenta-con-terrenos-destinados-para-ampliacion-de-aeropuerto-jorge-chavez\/\",\"url\":\"https:\/\/aeronoticias.com.pe\/noticiero\/nacionales\/estado-ya-cuenta-con-terrenos-destinados-para-ampliacion-de-aeropuerto-jorge-chavez\/\",\"name\":\"Aeropuerto Jorge Ch\u00e1vez: Estado ya cuenta con los terrenos destinados para ampliaci\u00f3n\",\"isPartOf\":{\"@id\":\"https:\/\/aeronoticias.com.pe\/noticiero\/#website\"},\"datePublished\":\"2013-08-20T14:19:13+00:00\",\"author\":{\"@id\":\"https:\/\/aeronoticias.com.pe\/noticiero\/#\/schema\/person\/fc1e5d578f4b62ba1cf7ac2bba1170a0\"},\"description\":\"Portal de noticias del Per\u00fa sobre el transporte a\u00e9reo, aviaci\u00f3n, turismo, hoteleria, actualidad.\",\"breadcrumb\":{\"@id\":\"https:\/\/aeronoticias.com.pe\/noticiero\/nacionales\/estado-ya-cuenta-con-terrenos-destinados-para-ampliacion-de-aeropuerto-jorge-chavez\/#breadcrumb\"},\"inLanguage\":\"es\",\"potentialAction\":[{\"@type\":\"ReadAction\",\"target\":[\"https:\/\/aeronoticias.com.pe\/noticiero\/nacionales\/estado-ya-cuenta-con-terrenos-destinados-para-ampliacion-de-aeropuerto-jorge-chavez\/\"]}]},{\"@type\":\"BreadcrumbList\",\"@id\":\"https:\/\/aeronoticias.com.pe\/noticiero\/nacionales\/estado-ya-cuenta-con-terrenos-destinados-para-ampliacion-de-aeropuerto-jorge-chavez\/#breadcrumb\",\"itemListElement\":[{\"@type\":\"ListItem\",\"position\":1,\"name\":\"Portada\",\"item\":\"https:\/\/aeronoticias.com.pe\/noticiero\/\"},{\"@type\":\"ListItem\",\"position\":2,\"name\":\"Aeropuerto Jorge Ch\u00e1vez: Estado ya cuenta con los terrenos destinados para ampliaci\u00f3n\"}]},{\"@type\":\"WebSite\",\"@id\":\"https:\/\/aeronoticias.com.pe\/noticiero\/#website\",\"url\":\"https:\/\/aeronoticias.com.pe\/noticiero\/\",\"name\":\"Aeronoticias.com.pe\",\"description\":\"Noticias de tranporte aereo, turismo, hoteles, gastronomia, actualidad, internacional\",\"potentialAction\":[{\"@type\":\"SearchAction\",\"target\":{\"@type\":\"EntryPoint\",\"urlTemplate\":\"https:\/\/aeronoticias.com.pe\/noticiero\/?s={search_term_string}\"},\"query-input\":{\"@type\":\"PropertyValueSpecification\",\"valueRequired\":true,\"valueName\":\"search_term_string\"}}],\"inLanguage\":\"es\"},{\"@type\":\"Person\",\"@id\":\"https:\/\/aeronoticias.com.pe\/noticiero\/#\/schema\/person\/fc1e5d578f4b62ba1cf7ac2bba1170a0\",\"name\":\"Redacci\u00f3n Aeronoticias\",\"url\":\"https:\/\/aeronoticias.com.pe\/noticiero\/author\/piloto\/\"}]}<\/script>\n<!-- \/ Yoast SEO plugin. -->","yoast_head_json":{"title":"Aeropuerto Jorge Ch\u00e1vez: Estado ya cuenta con los terrenos destinados para ampliaci\u00f3n","description":"Portal de noticias del Per\u00fa sobre el transporte a\u00e9reo, aviaci\u00f3n, turismo, hoteleria, actualidad.","robots":{"index":"index","follow":"follow","max-snippet":"max-snippet:-1","max-image-preview":"max-image-preview:large","max-video-preview":"max-video-preview:-1"},"canonical":"https:\/\/aeronoticias.com.pe\/noticiero\/nacionales\/estado-ya-cuenta-con-terrenos-destinados-para-ampliacion-de-aeropuerto-jorge-chavez\/","og_locale":"es_ES","og_type":"article","og_title":"Aeropuerto Jorge Ch\u00e1vez: Estado ya cuenta con los terrenos destinados para ampliaci\u00f3n","og_description":"Portal de noticias del Per\u00fa sobre el transporte a\u00e9reo, aviaci\u00f3n, turismo, hoteleria, actualidad.","og_url":"https:\/\/aeronoticias.com.pe\/noticiero\/nacionales\/estado-ya-cuenta-con-terrenos-destinados-para-ampliacion-de-aeropuerto-jorge-chavez\/","og_site_name":"Aeronoticias.com.pe","article_publisher":"https:\/\/www.facebook.com\/Aeronoticias.com.pe\/","article_published_time":"2013-08-20T14:19:13+00:00","author":"Redacci\u00f3n Aeronoticias","twitter_card":"summary_large_image","twitter_creator":"@aeronoticias","twitter_site":"@aeronoticias","twitter_misc":{"Escrito por":"Redacci\u00f3n Aeronoticias","Tiempo de lectura":"1 minuto"},"schema":{"@context":"https:\/\/schema.org","@graph":[{"@type":"WebPage","@id":"https:\/\/aeronoticias.com.pe\/noticiero\/nacionales\/estado-ya-cuenta-con-terrenos-destinados-para-ampliacion-de-aeropuerto-jorge-chavez\/","url":"https:\/\/aeronoticias.com.pe\/noticiero\/nacionales\/estado-ya-cuenta-con-terrenos-destinados-para-ampliacion-de-aeropuerto-jorge-chavez\/","name":"Aeropuerto Jorge Ch\u00e1vez: Estado ya cuenta con los terrenos destinados para ampliaci\u00f3n","isPartOf":{"@id":"https:\/\/aeronoticias.com.pe\/noticiero\/#website"},"datePublished":"2013-08-20T14:19:13+00:00","author":{"@id":"https:\/\/aeronoticias.com.pe\/noticiero\/#\/schema\/person\/fc1e5d578f4b62ba1cf7ac2bba1170a0"},"description":"Portal de noticias del Per\u00fa sobre el transporte a\u00e9reo, aviaci\u00f3n, turismo, hoteleria, actualidad.","breadcrumb":{"@id":"https:\/\/aeronoticias.com.pe\/noticiero\/nacionales\/estado-ya-cuenta-con-terrenos-destinados-para-ampliacion-de-aeropuerto-jorge-chavez\/#breadcrumb"},"inLanguage":"es","potentialAction":[{"@type":"ReadAction","target":["https:\/\/aeronoticias.com.pe\/noticiero\/nacionales\/estado-ya-cuenta-con-terrenos-destinados-para-ampliacion-de-aeropuerto-jorge-chavez\/"]}]},{"@type":"BreadcrumbList","@id":"https:\/\/aeronoticias.com.pe\/noticiero\/nacionales\/estado-ya-cuenta-con-terrenos-destinados-para-ampliacion-de-aeropuerto-jorge-chavez\/#breadcrumb","itemListElement":[{"@type":"ListItem","position":1,"name":"Portada","item":"https:\/\/aeronoticias.com.pe\/noticiero\/"},{"@type":"ListItem","position":2,"name":"Aeropuerto Jorge Ch\u00e1vez: Estado ya cuenta con los terrenos destinados para ampliaci\u00f3n"}]},{"@type":"WebSite","@id":"https:\/\/aeronoticias.com.pe\/noticiero\/#website","url":"https:\/\/aeronoticias.com.pe\/noticiero\/","name":"Aeronoticias.com.pe","description":"Noticias de tranporte aereo, turismo, hoteles, gastronomia, actualidad, internacional","potentialAction":[{"@type":"SearchAction","target":{"@type":"EntryPoint","urlTemplate":"https:\/\/aeronoticias.com.pe\/noticiero\/?s={search_term_string}"},"query-input":{"@type":"PropertyValueSpecification","valueRequired":true,"valueName":"search_term_string"}}],"inLanguage":"es"},{"@type":"Person","@id":"https:\/\/aeronoticias.com.pe\/noticiero\/#\/schema\/person\/fc1e5d578f4b62ba1cf7ac2bba1170a0","name":"Redacci\u00f3n Aeronoticias","url":"https:\/\/aeronoticias.com.pe\/noticiero\/author\/piloto\/"}]}},"_links":{"self":[{"href":"https:\/\/aeronoticias.com.pe\/noticiero\/wp-json\/wp\/v2\/posts\/39510","targetHints":{"allow":["GET"]}}],"collection":[{"href":"https:\/\/aeronoticias.com.pe\/noticiero\/wp-json\/wp\/v2\/posts"}],"about":[{"href":"https:\/\/aeronoticias.com.pe\/noticiero\/wp-json\/wp\/v2\/types\/post"}],"author":[{"embeddable":true,"href":"https:\/\/aeronoticias.com.pe\/noticiero\/wp-json\/wp\/v2\/users\/1"}],"replies":[{"embeddable":true,"href":"https:\/\/aeronoticias.com.pe\/noticiero\/wp-json\/wp\/v2\/comments?post=39510"}],"version-history":[{"count":0,"href":"https:\/\/aeronoticias.com.pe\/noticiero\/wp-json\/wp\/v2\/posts\/39510\/revisions"}],"wp:attachment":[{"href":"https:\/\/aeronoticias.com.pe\/noticiero\/wp-json\/wp\/v2\/media?parent=39510"}],"wp:term":[{"taxonomy":"category","embeddable":true,"href":"https:\/\/aeronoticias.com.pe\/noticiero\/wp-json\/wp\/v2\/categories?post=39510"},{"taxonomy":"post_tag","embeddable":true,"href":"https:\/\/aeronoticias.com.pe\/noticiero\/wp-json\/wp\/v2\/tags?post=39510"}],"curies":[{"name":"wp","href":"https:\/\/api.w.org\/{rel}","templated":true}]}}