{"id":39511,"date":"2013-08-20T15:00:00","date_gmt":"2013-08-20T15:00:00","guid":{"rendered":"http:\/\/desarrollo.mcvicious.com\/aero2020\/2013\/08\/20\/aerolinea-brasilena-azul-desiste-abrir-capital-por-condiciones-desfavorables\/"},"modified":"2013-08-20T15:00:00","modified_gmt":"2013-08-20T15:00:00","slug":"aerolinea-brasilena-azul-desiste-abrir-capital-por-condiciones-desfavorables","status":"publish","type":"post","link":"https:\/\/aeronoticias.com.pe\/noticiero\/transporte-aereo\/internacional\/aerolinea-brasilena-azul-desiste-abrir-capital-por-condiciones-desfavorables\/","title":{"rendered":"Brasil: Aerol\u00ednea Azul desiste abrir capital por condiciones desfavorables"},"content":{"rendered":"<p style=\"text-align: justify;\"><strong>(Aeronoticias).-<\/strong> Azul, la tercera mayor aerol\u00ednea de Brasil, anunci\u00f3 de que desisti\u00f3 temporalmente de su proyecto para abrir el capital en la bolsa de Sao Paulo por considerar que las actuales condiciones macroecon\u00f3micas de Brasil no son convenientes.<\/p>\n<p style=\"text-align: justify;\">La compa\u00f1\u00eda a\u00e9rea hab\u00eda iniciado las gestiones para lanzar una oferta inicial de acciones (IPO, por su sigla en ingl\u00e9s) en la bolsa de Sao Paulo pero el \u00faltimo lunes comunic\u00f3 a la Comisi\u00f3n de Valores Mobiliarios (CVM) que perdi\u00f3 el inter\u00e9s por lo menos por ahora.<\/p>\n<p>  <!--more-->  <\/p>\n<p style=\"text-align: justify;\">\u00abAzul confirma que entreg\u00f3 una petici\u00f3n para desistir del proceso de registro de oferta p\u00fablica inicial ante la CVM debido a las condiciones macroecon\u00f3micas desfavorables\u00bb, inform\u00f3 la aerol\u00ednea en un comunicado.<\/p>\n<p style=\"text-align: justify;\">Azul agreg\u00f3 que estar\u00e1 atenta al mercado para determinar el mejor momento para lanzar acciones en la bolsa debido a que mantiene su inter\u00e9s de abrir el capital.<\/p>\n<p style=\"text-align: justify;\">La intenci\u00f3n de la empresa es realizar un lanzamiento primario y secundario de acciones para recaudar los recursos que necesita para expandir sus negocios, lo que incluye la compra de aeronaves para aumentar la flota y el aumento del n\u00famero de rutas.<\/p>\n<p style=\"text-align: justify;\">Azul, controlada por el empresario estadounidense de origen brasile\u00f1o David Neeleman -el fundador de Jetblue-, asumi\u00f3 desde el 2012 la condici\u00f3n de tercera compa\u00f1\u00eda de transporte a\u00e9reo en Brasil, despu\u00e9s de TAM y de Gol, gracias a su asociaci\u00f3n con la aerol\u00ednea brasile\u00f1a Trip.<\/p>\n<p>Con informaci\u00f3n de <strong>EFE<\/p>\n<p><img decoding=\"async\" src=\"images\/stories\/13\/08\/200813\/azul.jpg\" border=\"0\" alt=\"Brasil: Aerol\u00ednea Azul desiste abrir capital por condiciones desfavorables\" title=\"Brasil: Aerol\u00ednea Azul desiste abrir capital por condiciones desfavorables\" \/><br \/><\/strong><\/p>\n","protected":false},"excerpt":{"rendered":"<p>(Aeronoticias).- Azul, la tercera mayor aerol\u00ednea de Brasil, anunci\u00f3 de que desisti\u00f3 temporalmente de su proyecto para abrir el capital en la bolsa de Sao Paulo por considerar que las actuales condiciones macroecon\u00f3micas de Brasil no son convenientes. La compa\u00f1\u00eda a\u00e9rea hab\u00eda iniciado las gestiones para lanzar una oferta inicial de acciones (IPO, por su [&hellip;]<\/p>\n","protected":false},"author":1,"featured_media":0,"comment_status":"open","ping_status":"open","sticky":false,"template":"","format":"standard","meta":{"tdm_status":"","tdm_grid_status":"","footnotes":""},"categories":[32],"tags":[],"class_list":{"0":"post-39511","1":"post","2":"type-post","3":"status-publish","4":"format-standard","6":"category-internacional"},"yoast_head":"<!-- This site is optimized with the Yoast SEO plugin v25.1 - https:\/\/yoast.com\/wordpress\/plugins\/seo\/ -->\n<title>Brasil: Aerol\u00ednea Azul desiste abrir capital por condiciones desfavorables<\/title>\n<meta name=\"description\" content=\"Portal de noticias del Per\u00fa sobre el transporte a\u00e9reo, aviaci\u00f3n, turismo, hoteleria, actualidad.\" \/>\n<meta name=\"robots\" content=\"index, follow, max-snippet:-1, max-image-preview:large, max-video-preview:-1\" \/>\n<link rel=\"canonical\" href=\"https:\/\/aeronoticias.com.pe\/noticiero\/transporte-aereo\/internacional\/aerolinea-brasilena-azul-desiste-abrir-capital-por-condiciones-desfavorables\/\" \/>\n<meta property=\"og:locale\" content=\"es_ES\" \/>\n<meta property=\"og:type\" content=\"article\" \/>\n<meta property=\"og:title\" content=\"Brasil: Aerol\u00ednea Azul desiste abrir capital por condiciones desfavorables\" \/>\n<meta property=\"og:description\" content=\"Portal de noticias del Per\u00fa sobre el transporte a\u00e9reo, aviaci\u00f3n, turismo, hoteleria, actualidad.\" \/>\n<meta property=\"og:url\" content=\"https:\/\/aeronoticias.com.pe\/noticiero\/transporte-aereo\/internacional\/aerolinea-brasilena-azul-desiste-abrir-capital-por-condiciones-desfavorables\/\" \/>\n<meta property=\"og:site_name\" content=\"Aeronoticias.com.pe\" \/>\n<meta property=\"article:publisher\" content=\"https:\/\/www.facebook.com\/Aeronoticias.com.pe\/\" \/>\n<meta property=\"article:published_time\" content=\"2013-08-20T15:00:00+00:00\" \/>\n<meta name=\"author\" content=\"Redacci\u00f3n Aeronoticias\" \/>\n<meta name=\"twitter:card\" content=\"summary_large_image\" \/>\n<meta name=\"twitter:creator\" content=\"@aeronoticias\" \/>\n<meta name=\"twitter:site\" content=\"@aeronoticias\" \/>\n<meta name=\"twitter:label1\" content=\"Escrito por\" \/>\n\t<meta name=\"twitter:data1\" content=\"Redacci\u00f3n Aeronoticias\" \/>\n\t<meta name=\"twitter:label2\" content=\"Tiempo de lectura\" \/>\n\t<meta name=\"twitter:data2\" content=\"1 minuto\" \/>\n<script type=\"application\/ld+json\" class=\"yoast-schema-graph\">{\"@context\":\"https:\/\/schema.org\",\"@graph\":[{\"@type\":\"WebPage\",\"@id\":\"https:\/\/aeronoticias.com.pe\/noticiero\/transporte-aereo\/internacional\/aerolinea-brasilena-azul-desiste-abrir-capital-por-condiciones-desfavorables\/\",\"url\":\"https:\/\/aeronoticias.com.pe\/noticiero\/transporte-aereo\/internacional\/aerolinea-brasilena-azul-desiste-abrir-capital-por-condiciones-desfavorables\/\",\"name\":\"Brasil: Aerol\u00ednea Azul desiste abrir capital por condiciones desfavorables\",\"isPartOf\":{\"@id\":\"https:\/\/aeronoticias.com.pe\/noticiero\/#website\"},\"datePublished\":\"2013-08-20T15:00:00+00:00\",\"author\":{\"@id\":\"https:\/\/aeronoticias.com.pe\/noticiero\/#\/schema\/person\/fc1e5d578f4b62ba1cf7ac2bba1170a0\"},\"description\":\"Portal de noticias del Per\u00fa sobre el transporte a\u00e9reo, aviaci\u00f3n, turismo, hoteleria, actualidad.\",\"breadcrumb\":{\"@id\":\"https:\/\/aeronoticias.com.pe\/noticiero\/transporte-aereo\/internacional\/aerolinea-brasilena-azul-desiste-abrir-capital-por-condiciones-desfavorables\/#breadcrumb\"},\"inLanguage\":\"es\",\"potentialAction\":[{\"@type\":\"ReadAction\",\"target\":[\"https:\/\/aeronoticias.com.pe\/noticiero\/transporte-aereo\/internacional\/aerolinea-brasilena-azul-desiste-abrir-capital-por-condiciones-desfavorables\/\"]}]},{\"@type\":\"BreadcrumbList\",\"@id\":\"https:\/\/aeronoticias.com.pe\/noticiero\/transporte-aereo\/internacional\/aerolinea-brasilena-azul-desiste-abrir-capital-por-condiciones-desfavorables\/#breadcrumb\",\"itemListElement\":[{\"@type\":\"ListItem\",\"position\":1,\"name\":\"Portada\",\"item\":\"https:\/\/aeronoticias.com.pe\/noticiero\/\"},{\"@type\":\"ListItem\",\"position\":2,\"name\":\"Brasil: Aerol\u00ednea Azul desiste abrir capital por condiciones desfavorables\"}]},{\"@type\":\"WebSite\",\"@id\":\"https:\/\/aeronoticias.com.pe\/noticiero\/#website\",\"url\":\"https:\/\/aeronoticias.com.pe\/noticiero\/\",\"name\":\"Aeronoticias.com.pe\",\"description\":\"Noticias de tranporte aereo, turismo, hoteles, gastronomia, actualidad, internacional\",\"potentialAction\":[{\"@type\":\"SearchAction\",\"target\":{\"@type\":\"EntryPoint\",\"urlTemplate\":\"https:\/\/aeronoticias.com.pe\/noticiero\/?s={search_term_string}\"},\"query-input\":{\"@type\":\"PropertyValueSpecification\",\"valueRequired\":true,\"valueName\":\"search_term_string\"}}],\"inLanguage\":\"es\"},{\"@type\":\"Person\",\"@id\":\"https:\/\/aeronoticias.com.pe\/noticiero\/#\/schema\/person\/fc1e5d578f4b62ba1cf7ac2bba1170a0\",\"name\":\"Redacci\u00f3n Aeronoticias\",\"url\":\"https:\/\/aeronoticias.com.pe\/noticiero\/author\/piloto\/\"}]}<\/script>\n<!-- \/ Yoast SEO plugin. -->","yoast_head_json":{"title":"Brasil: Aerol\u00ednea Azul desiste abrir capital por condiciones desfavorables","description":"Portal de noticias del Per\u00fa sobre el transporte a\u00e9reo, aviaci\u00f3n, turismo, hoteleria, actualidad.","robots":{"index":"index","follow":"follow","max-snippet":"max-snippet:-1","max-image-preview":"max-image-preview:large","max-video-preview":"max-video-preview:-1"},"canonical":"https:\/\/aeronoticias.com.pe\/noticiero\/transporte-aereo\/internacional\/aerolinea-brasilena-azul-desiste-abrir-capital-por-condiciones-desfavorables\/","og_locale":"es_ES","og_type":"article","og_title":"Brasil: Aerol\u00ednea Azul desiste abrir capital por condiciones desfavorables","og_description":"Portal de noticias del Per\u00fa sobre el transporte a\u00e9reo, aviaci\u00f3n, turismo, hoteleria, actualidad.","og_url":"https:\/\/aeronoticias.com.pe\/noticiero\/transporte-aereo\/internacional\/aerolinea-brasilena-azul-desiste-abrir-capital-por-condiciones-desfavorables\/","og_site_name":"Aeronoticias.com.pe","article_publisher":"https:\/\/www.facebook.com\/Aeronoticias.com.pe\/","article_published_time":"2013-08-20T15:00:00+00:00","author":"Redacci\u00f3n Aeronoticias","twitter_card":"summary_large_image","twitter_creator":"@aeronoticias","twitter_site":"@aeronoticias","twitter_misc":{"Escrito por":"Redacci\u00f3n Aeronoticias","Tiempo de lectura":"1 minuto"},"schema":{"@context":"https:\/\/schema.org","@graph":[{"@type":"WebPage","@id":"https:\/\/aeronoticias.com.pe\/noticiero\/transporte-aereo\/internacional\/aerolinea-brasilena-azul-desiste-abrir-capital-por-condiciones-desfavorables\/","url":"https:\/\/aeronoticias.com.pe\/noticiero\/transporte-aereo\/internacional\/aerolinea-brasilena-azul-desiste-abrir-capital-por-condiciones-desfavorables\/","name":"Brasil: Aerol\u00ednea Azul desiste abrir capital por condiciones desfavorables","isPartOf":{"@id":"https:\/\/aeronoticias.com.pe\/noticiero\/#website"},"datePublished":"2013-08-20T15:00:00+00:00","author":{"@id":"https:\/\/aeronoticias.com.pe\/noticiero\/#\/schema\/person\/fc1e5d578f4b62ba1cf7ac2bba1170a0"},"description":"Portal de noticias del Per\u00fa sobre el transporte a\u00e9reo, aviaci\u00f3n, turismo, hoteleria, actualidad.","breadcrumb":{"@id":"https:\/\/aeronoticias.com.pe\/noticiero\/transporte-aereo\/internacional\/aerolinea-brasilena-azul-desiste-abrir-capital-por-condiciones-desfavorables\/#breadcrumb"},"inLanguage":"es","potentialAction":[{"@type":"ReadAction","target":["https:\/\/aeronoticias.com.pe\/noticiero\/transporte-aereo\/internacional\/aerolinea-brasilena-azul-desiste-abrir-capital-por-condiciones-desfavorables\/"]}]},{"@type":"BreadcrumbList","@id":"https:\/\/aeronoticias.com.pe\/noticiero\/transporte-aereo\/internacional\/aerolinea-brasilena-azul-desiste-abrir-capital-por-condiciones-desfavorables\/#breadcrumb","itemListElement":[{"@type":"ListItem","position":1,"name":"Portada","item":"https:\/\/aeronoticias.com.pe\/noticiero\/"},{"@type":"ListItem","position":2,"name":"Brasil: Aerol\u00ednea Azul desiste abrir capital por condiciones desfavorables"}]},{"@type":"WebSite","@id":"https:\/\/aeronoticias.com.pe\/noticiero\/#website","url":"https:\/\/aeronoticias.com.pe\/noticiero\/","name":"Aeronoticias.com.pe","description":"Noticias de tranporte aereo, turismo, hoteles, gastronomia, actualidad, internacional","potentialAction":[{"@type":"SearchAction","target":{"@type":"EntryPoint","urlTemplate":"https:\/\/aeronoticias.com.pe\/noticiero\/?s={search_term_string}"},"query-input":{"@type":"PropertyValueSpecification","valueRequired":true,"valueName":"search_term_string"}}],"inLanguage":"es"},{"@type":"Person","@id":"https:\/\/aeronoticias.com.pe\/noticiero\/#\/schema\/person\/fc1e5d578f4b62ba1cf7ac2bba1170a0","name":"Redacci\u00f3n Aeronoticias","url":"https:\/\/aeronoticias.com.pe\/noticiero\/author\/piloto\/"}]}},"_links":{"self":[{"href":"https:\/\/aeronoticias.com.pe\/noticiero\/wp-json\/wp\/v2\/posts\/39511","targetHints":{"allow":["GET"]}}],"collection":[{"href":"https:\/\/aeronoticias.com.pe\/noticiero\/wp-json\/wp\/v2\/posts"}],"about":[{"href":"https:\/\/aeronoticias.com.pe\/noticiero\/wp-json\/wp\/v2\/types\/post"}],"author":[{"embeddable":true,"href":"https:\/\/aeronoticias.com.pe\/noticiero\/wp-json\/wp\/v2\/users\/1"}],"replies":[{"embeddable":true,"href":"https:\/\/aeronoticias.com.pe\/noticiero\/wp-json\/wp\/v2\/comments?post=39511"}],"version-history":[{"count":0,"href":"https:\/\/aeronoticias.com.pe\/noticiero\/wp-json\/wp\/v2\/posts\/39511\/revisions"}],"wp:attachment":[{"href":"https:\/\/aeronoticias.com.pe\/noticiero\/wp-json\/wp\/v2\/media?parent=39511"}],"wp:term":[{"taxonomy":"category","embeddable":true,"href":"https:\/\/aeronoticias.com.pe\/noticiero\/wp-json\/wp\/v2\/categories?post=39511"},{"taxonomy":"post_tag","embeddable":true,"href":"https:\/\/aeronoticias.com.pe\/noticiero\/wp-json\/wp\/v2\/tags?post=39511"}],"curies":[{"name":"wp","href":"https:\/\/api.w.org\/{rel}","templated":true}]}}