{"id":39512,"date":"2013-08-20T15:19:02","date_gmt":"2013-08-20T15:19:02","guid":{"rendered":"http:\/\/desarrollo.mcvicious.com\/aero2020\/2013\/08\/20\/colombia-construye-su-primer-avion-militar-el-t-90-calima\/"},"modified":"2013-08-20T15:19:02","modified_gmt":"2013-08-20T15:19:02","slug":"colombia-construye-su-primer-avion-militar-el-t-90-calima","status":"publish","type":"post","link":"https:\/\/aeronoticias.com.pe\/noticiero\/transporte-aereo\/internacional\/colombia-construye-su-primer-avion-militar-el-t-90-calima\/","title":{"rendered":"Colombia construye su primer avi\u00f3n militar: el T-90 Calima"},"content":{"rendered":"<p style=\"text-align: justify;\"><strong>(Aeronoticias).-<\/strong> Colombia ha dado un paso firme en la industria aeron\u00e1utica con la construcci\u00f3n de su primer avi\u00f3n, bautizado como T-90 Calima en honor al pueblo precolombino con ese nombre, y que tiene uso militar.<\/p>\n<p style=\"text-align: justify;\">El proceso comenz\u00f3 en 2009, cuando la Fuerza A\u00e9rea y la Corporaci\u00f3n de la Industria Aeron\u00e1utica Colombiana (CIAC) asumieron el reto de dise\u00f1ar y fabricar un aparato de entrenamiento primario para pilotos que ha dado como resultado un ejemplo de innovaci\u00f3n.<\/p>\n<hr id=\"system-readmore\" style=\"text-align: justify;\" \/>\n<p style=\"text-align: justify;\"><span style=\"line-height: 1.3em;\">El centro de producci\u00f3n es un hangar de la Base A\u00e9rea Justino Mari\u00f1o Cuesto, situada en la localidad de Madrid, en el departamento de Cundinamarca y a 33 kil\u00f3metros de Bogot\u00e1, donde 112 empleados trabajan con el objeto de tener 25 aparatos listos a finales de este a\u00f1o.<\/span><\/p>\n<p style=\"text-align: justify;\">Esas aeronaves reemplazar\u00e1n a los Cessna T-41 Mescalero y Beechcraft T-34 Mentor, con m\u00e1s de 40 a\u00f1os de servicio, aclar\u00f3 en una entrevista con Colombia.inn, el teniente coronel Mart\u00edn Zorrilla, coordinador general de la F\u00e1brica de Aviones de la CIAC.<\/p>\n<p style=\"text-align: justify;\">\u00abA la fecha se han construido 13 Calimas, de 25 que deber\u00e1n completarse en diciembre de este a\u00f1o\u00bb, explic\u00f3 el oficial, quien indic\u00f3 que la sede de estas aeronaves es el Comando A\u00e9reo de Combate n\u00famero 7, en la ciudad de Cali.<\/p>\n<p style=\"text-align: justify;\">Con la fabricaci\u00f3n completa de esta serie \u00abse habr\u00e1 dado un paso fundamental para ser l\u00edderes latinoamericanos en la industria aeron\u00e1utica, despu\u00e9s de Brasil\u00bb, agreg\u00f3 Zorrilla.<\/p>\n<p style=\"text-align: justify;\"><strong>Caracter\u00edsticas<\/strong><\/p>\n<p style=\"text-align: justify;\">Con capacidad para dos tripulantes, 8,8 metros de envergadura, 1.500 libras de peso, motor Lycoming IO-390 A1-A6 de 210 caballos, velocidad crucero de 150 nudos y tren de aterrizaje fijo, en la construcci\u00f3n de cada T-90 Calima han sido invertidos unos 500 millones de pesos (280.000 d\u00f3lares).<\/p>\n<p style=\"text-align: justify;\">A futuro, aclar\u00f3 el teniente coronel, \u00abqueremos bajar los costos para que sea un aparato que optimice los recursos y volverlo competitivo para el mercado internacional\u00bb.<\/p>\n<p style=\"text-align: justify;\"><span style=\"line-height: 1.3em;\">Con informaci\u00f3n de <\/span><strong style=\"line-height: 1.3em;\">EFE<\/p>\n<p><img decoding=\"async\" src=\"images\/stories\/13\/08\/200813\/calima.jpg\" border=\"0\" alt=\"Colombia construye su primer avi\u00f3n militar: el T-90 Calima\" title=\"Colombia construye su primer avi\u00f3n militar: el T-90 Calima\" \/><br \/><\/strong><\/p>\n","protected":false},"excerpt":{"rendered":"<p>(Aeronoticias).- Colombia ha dado un paso firme en la industria aeron\u00e1utica con la construcci\u00f3n de su primer avi\u00f3n, bautizado como T-90 Calima en honor al pueblo precolombino con ese nombre, y que tiene uso militar. El proceso comenz\u00f3 en 2009, cuando la Fuerza A\u00e9rea y la Corporaci\u00f3n de la Industria Aeron\u00e1utica Colombiana (CIAC) asumieron el [&hellip;]<\/p>\n","protected":false},"author":1,"featured_media":0,"comment_status":"open","ping_status":"open","sticky":false,"template":"","format":"standard","meta":{"tdm_status":"","tdm_grid_status":"","footnotes":""},"categories":[32],"tags":[],"class_list":{"0":"post-39512","1":"post","2":"type-post","3":"status-publish","4":"format-standard","6":"category-internacional"},"yoast_head":"<!-- This site is optimized with the Yoast SEO plugin v25.1 - https:\/\/yoast.com\/wordpress\/plugins\/seo\/ -->\n<title>Colombia construye su primer avi\u00f3n militar: el T-90 Calima<\/title>\n<meta name=\"description\" content=\"Portal de noticias del Per\u00fa sobre el transporte a\u00e9reo, aviaci\u00f3n, turismo, hoteleria, actualidad.\" \/>\n<meta name=\"robots\" content=\"index, follow, max-snippet:-1, max-image-preview:large, max-video-preview:-1\" \/>\n<link rel=\"canonical\" href=\"https:\/\/aeronoticias.com.pe\/noticiero\/transporte-aereo\/internacional\/colombia-construye-su-primer-avion-militar-el-t-90-calima\/\" \/>\n<meta property=\"og:locale\" content=\"es_ES\" \/>\n<meta property=\"og:type\" content=\"article\" \/>\n<meta property=\"og:title\" content=\"Colombia construye su primer avi\u00f3n militar: el T-90 Calima\" \/>\n<meta property=\"og:description\" content=\"Portal de noticias del Per\u00fa sobre el transporte a\u00e9reo, aviaci\u00f3n, turismo, hoteleria, actualidad.\" \/>\n<meta property=\"og:url\" content=\"https:\/\/aeronoticias.com.pe\/noticiero\/transporte-aereo\/internacional\/colombia-construye-su-primer-avion-militar-el-t-90-calima\/\" \/>\n<meta property=\"og:site_name\" content=\"Aeronoticias.com.pe\" \/>\n<meta property=\"article:publisher\" content=\"https:\/\/www.facebook.com\/Aeronoticias.com.pe\/\" \/>\n<meta property=\"article:published_time\" content=\"2013-08-20T15:19:02+00:00\" \/>\n<meta name=\"author\" content=\"Redacci\u00f3n Aeronoticias\" \/>\n<meta name=\"twitter:card\" content=\"summary_large_image\" \/>\n<meta name=\"twitter:creator\" content=\"@aeronoticias\" \/>\n<meta name=\"twitter:site\" content=\"@aeronoticias\" \/>\n<meta name=\"twitter:label1\" content=\"Escrito por\" \/>\n\t<meta name=\"twitter:data1\" content=\"Redacci\u00f3n Aeronoticias\" \/>\n\t<meta name=\"twitter:label2\" content=\"Tiempo de lectura\" \/>\n\t<meta name=\"twitter:data2\" content=\"2 minutos\" \/>\n<script type=\"application\/ld+json\" class=\"yoast-schema-graph\">{\"@context\":\"https:\/\/schema.org\",\"@graph\":[{\"@type\":\"WebPage\",\"@id\":\"https:\/\/aeronoticias.com.pe\/noticiero\/transporte-aereo\/internacional\/colombia-construye-su-primer-avion-militar-el-t-90-calima\/\",\"url\":\"https:\/\/aeronoticias.com.pe\/noticiero\/transporte-aereo\/internacional\/colombia-construye-su-primer-avion-militar-el-t-90-calima\/\",\"name\":\"Colombia construye su primer avi\u00f3n militar: el T-90 Calima\",\"isPartOf\":{\"@id\":\"https:\/\/aeronoticias.com.pe\/noticiero\/#website\"},\"datePublished\":\"2013-08-20T15:19:02+00:00\",\"author\":{\"@id\":\"https:\/\/aeronoticias.com.pe\/noticiero\/#\/schema\/person\/fc1e5d578f4b62ba1cf7ac2bba1170a0\"},\"description\":\"Portal de noticias del Per\u00fa sobre el transporte a\u00e9reo, aviaci\u00f3n, turismo, hoteleria, actualidad.\",\"breadcrumb\":{\"@id\":\"https:\/\/aeronoticias.com.pe\/noticiero\/transporte-aereo\/internacional\/colombia-construye-su-primer-avion-militar-el-t-90-calima\/#breadcrumb\"},\"inLanguage\":\"es\",\"potentialAction\":[{\"@type\":\"ReadAction\",\"target\":[\"https:\/\/aeronoticias.com.pe\/noticiero\/transporte-aereo\/internacional\/colombia-construye-su-primer-avion-militar-el-t-90-calima\/\"]}]},{\"@type\":\"BreadcrumbList\",\"@id\":\"https:\/\/aeronoticias.com.pe\/noticiero\/transporte-aereo\/internacional\/colombia-construye-su-primer-avion-militar-el-t-90-calima\/#breadcrumb\",\"itemListElement\":[{\"@type\":\"ListItem\",\"position\":1,\"name\":\"Portada\",\"item\":\"https:\/\/aeronoticias.com.pe\/noticiero\/\"},{\"@type\":\"ListItem\",\"position\":2,\"name\":\"Colombia construye su primer avi\u00f3n militar: el T-90 Calima\"}]},{\"@type\":\"WebSite\",\"@id\":\"https:\/\/aeronoticias.com.pe\/noticiero\/#website\",\"url\":\"https:\/\/aeronoticias.com.pe\/noticiero\/\",\"name\":\"Aeronoticias.com.pe\",\"description\":\"Noticias de tranporte aereo, turismo, hoteles, gastronomia, actualidad, internacional\",\"potentialAction\":[{\"@type\":\"SearchAction\",\"target\":{\"@type\":\"EntryPoint\",\"urlTemplate\":\"https:\/\/aeronoticias.com.pe\/noticiero\/?s={search_term_string}\"},\"query-input\":{\"@type\":\"PropertyValueSpecification\",\"valueRequired\":true,\"valueName\":\"search_term_string\"}}],\"inLanguage\":\"es\"},{\"@type\":\"Person\",\"@id\":\"https:\/\/aeronoticias.com.pe\/noticiero\/#\/schema\/person\/fc1e5d578f4b62ba1cf7ac2bba1170a0\",\"name\":\"Redacci\u00f3n Aeronoticias\",\"url\":\"https:\/\/aeronoticias.com.pe\/noticiero\/author\/piloto\/\"}]}<\/script>\n<!-- \/ Yoast SEO plugin. -->","yoast_head_json":{"title":"Colombia construye su primer avi\u00f3n militar: el T-90 Calima","description":"Portal de noticias del Per\u00fa sobre el transporte a\u00e9reo, aviaci\u00f3n, turismo, hoteleria, actualidad.","robots":{"index":"index","follow":"follow","max-snippet":"max-snippet:-1","max-image-preview":"max-image-preview:large","max-video-preview":"max-video-preview:-1"},"canonical":"https:\/\/aeronoticias.com.pe\/noticiero\/transporte-aereo\/internacional\/colombia-construye-su-primer-avion-militar-el-t-90-calima\/","og_locale":"es_ES","og_type":"article","og_title":"Colombia construye su primer avi\u00f3n militar: el T-90 Calima","og_description":"Portal de noticias del Per\u00fa sobre el transporte a\u00e9reo, aviaci\u00f3n, turismo, hoteleria, actualidad.","og_url":"https:\/\/aeronoticias.com.pe\/noticiero\/transporte-aereo\/internacional\/colombia-construye-su-primer-avion-militar-el-t-90-calima\/","og_site_name":"Aeronoticias.com.pe","article_publisher":"https:\/\/www.facebook.com\/Aeronoticias.com.pe\/","article_published_time":"2013-08-20T15:19:02+00:00","author":"Redacci\u00f3n Aeronoticias","twitter_card":"summary_large_image","twitter_creator":"@aeronoticias","twitter_site":"@aeronoticias","twitter_misc":{"Escrito por":"Redacci\u00f3n Aeronoticias","Tiempo de lectura":"2 minutos"},"schema":{"@context":"https:\/\/schema.org","@graph":[{"@type":"WebPage","@id":"https:\/\/aeronoticias.com.pe\/noticiero\/transporte-aereo\/internacional\/colombia-construye-su-primer-avion-militar-el-t-90-calima\/","url":"https:\/\/aeronoticias.com.pe\/noticiero\/transporte-aereo\/internacional\/colombia-construye-su-primer-avion-militar-el-t-90-calima\/","name":"Colombia construye su primer avi\u00f3n militar: el T-90 Calima","isPartOf":{"@id":"https:\/\/aeronoticias.com.pe\/noticiero\/#website"},"datePublished":"2013-08-20T15:19:02+00:00","author":{"@id":"https:\/\/aeronoticias.com.pe\/noticiero\/#\/schema\/person\/fc1e5d578f4b62ba1cf7ac2bba1170a0"},"description":"Portal de noticias del Per\u00fa sobre el transporte a\u00e9reo, aviaci\u00f3n, turismo, hoteleria, actualidad.","breadcrumb":{"@id":"https:\/\/aeronoticias.com.pe\/noticiero\/transporte-aereo\/internacional\/colombia-construye-su-primer-avion-militar-el-t-90-calima\/#breadcrumb"},"inLanguage":"es","potentialAction":[{"@type":"ReadAction","target":["https:\/\/aeronoticias.com.pe\/noticiero\/transporte-aereo\/internacional\/colombia-construye-su-primer-avion-militar-el-t-90-calima\/"]}]},{"@type":"BreadcrumbList","@id":"https:\/\/aeronoticias.com.pe\/noticiero\/transporte-aereo\/internacional\/colombia-construye-su-primer-avion-militar-el-t-90-calima\/#breadcrumb","itemListElement":[{"@type":"ListItem","position":1,"name":"Portada","item":"https:\/\/aeronoticias.com.pe\/noticiero\/"},{"@type":"ListItem","position":2,"name":"Colombia construye su primer avi\u00f3n militar: el T-90 Calima"}]},{"@type":"WebSite","@id":"https:\/\/aeronoticias.com.pe\/noticiero\/#website","url":"https:\/\/aeronoticias.com.pe\/noticiero\/","name":"Aeronoticias.com.pe","description":"Noticias de tranporte aereo, turismo, hoteles, gastronomia, actualidad, internacional","potentialAction":[{"@type":"SearchAction","target":{"@type":"EntryPoint","urlTemplate":"https:\/\/aeronoticias.com.pe\/noticiero\/?s={search_term_string}"},"query-input":{"@type":"PropertyValueSpecification","valueRequired":true,"valueName":"search_term_string"}}],"inLanguage":"es"},{"@type":"Person","@id":"https:\/\/aeronoticias.com.pe\/noticiero\/#\/schema\/person\/fc1e5d578f4b62ba1cf7ac2bba1170a0","name":"Redacci\u00f3n Aeronoticias","url":"https:\/\/aeronoticias.com.pe\/noticiero\/author\/piloto\/"}]}},"_links":{"self":[{"href":"https:\/\/aeronoticias.com.pe\/noticiero\/wp-json\/wp\/v2\/posts\/39512","targetHints":{"allow":["GET"]}}],"collection":[{"href":"https:\/\/aeronoticias.com.pe\/noticiero\/wp-json\/wp\/v2\/posts"}],"about":[{"href":"https:\/\/aeronoticias.com.pe\/noticiero\/wp-json\/wp\/v2\/types\/post"}],"author":[{"embeddable":true,"href":"https:\/\/aeronoticias.com.pe\/noticiero\/wp-json\/wp\/v2\/users\/1"}],"replies":[{"embeddable":true,"href":"https:\/\/aeronoticias.com.pe\/noticiero\/wp-json\/wp\/v2\/comments?post=39512"}],"version-history":[{"count":0,"href":"https:\/\/aeronoticias.com.pe\/noticiero\/wp-json\/wp\/v2\/posts\/39512\/revisions"}],"wp:attachment":[{"href":"https:\/\/aeronoticias.com.pe\/noticiero\/wp-json\/wp\/v2\/media?parent=39512"}],"wp:term":[{"taxonomy":"category","embeddable":true,"href":"https:\/\/aeronoticias.com.pe\/noticiero\/wp-json\/wp\/v2\/categories?post=39512"},{"taxonomy":"post_tag","embeddable":true,"href":"https:\/\/aeronoticias.com.pe\/noticiero\/wp-json\/wp\/v2\/tags?post=39512"}],"curies":[{"name":"wp","href":"https:\/\/api.w.org\/{rel}","templated":true}]}}