{"id":39513,"date":"2013-08-20T13:34:27","date_gmt":"2013-08-20T13:34:27","guid":{"rendered":"http:\/\/desarrollo.mcvicious.com\/aero2020\/2013\/08\/20\/wikileaks-destruyen-discos-duros-de-periodista-asociado-al-caso-snowden\/"},"modified":"2013-08-20T13:34:27","modified_gmt":"2013-08-20T13:34:27","slug":"wikileaks-destruyen-discos-duros-de-periodista-asociado-al-caso-snowden","status":"publish","type":"post","link":"https:\/\/aeronoticias.com.pe\/noticiero\/internacionales\/wikileaks-destruyen-discos-duros-de-periodista-asociado-al-caso-snowden\/","title":{"rendered":"Wikileaks: Destruyen discos duros de periodista asociado al caso Snowden"},"content":{"rendered":"<p style=\"text-align: justify;\"><strong>(Aeronoticias)<\/strong>.- Para evitar -in\u00fatilmente- una mayor filtraci\u00f3n de datos del exanalista Edward Snowden contra el gobierno norteamericano y brit\u00e1nico, agentes de este \u00faltimo pa\u00eds supervisaron la destrucci\u00f3n de discos duros del peri\u00f3dico The Guardian.<\/p>\n<p style=\"text-align: justify;\">Seg\u00fan expres\u00f3 Alan Rusbridger, dos agentes de la GCHQ, agencia de espionaje inglesa, le obligaron a destruir el disco duro que conten\u00eda la informaci\u00f3n relacionada con los datos aportados por el exanalista del NSA, tras unos meses de presi\u00f3n por parte de una persona que representa la posici\u00f3n del Premier brit\u00e1nico, David Cameron.<\/p>\n<p style=\"text-align: justify;\">Como se recordar\u00e1, el novio del periodista Glenn Greenwald, David Miranda, fue detenido en el aeropuerto de Heathrow de acuerdo a una de leyes antiterroristas, en el que le confiscaron sus aparatos digitales.<\/p>\n<p style=\"text-align: justify;\">No obstante, tras la destrucci\u00f3n de dicho material, la organizaci\u00f3n Wikileaks, quien difundi\u00f3 a\u00f1os atr\u00e1s informaci\u00f3n sensible sobre Estados Unidos y sus aliados, <a href=\"https:\/\/www.facebook.com\/wikileaks\/posts\/562838400417943\"><span style=\"text-decoration: underline;\"><em><strong>public\u00f3 dichos archivos<\/strong><\/em><\/span><\/a> como medida.<\/p>\n<p style=\"text-align: justify;\">Con informaci\u00f3n de <a href=\"http:\/\/www.elconfidencial.com\/tecnologia\/2013-08-20\/reino-unido-destruye-los-discos-duros-de-the-guardian-con-material-de-snowden_19262\/\"><em><strong><span style=\"text-decoration: underline;\">El Confidencial<\/span><\/strong><\/em><\/a>.<\/p>\n<p style=\"text-align: justify;\"><img decoding=\"async\" src=\"images\/stories\/13\/08\/200813\/snowden.jpg\" border=\"0\" \/><\/p>\n","protected":false},"excerpt":{"rendered":"<p>(Aeronoticias).- Para evitar -in\u00fatilmente- una mayor filtraci\u00f3n de datos del exanalista Edward Snowden contra el gobierno norteamericano y brit\u00e1nico, agentes de este \u00faltimo pa\u00eds supervisaron la destrucci\u00f3n de discos duros del peri\u00f3dico The Guardian. Seg\u00fan expres\u00f3 Alan Rusbridger, dos agentes de la GCHQ, agencia de espionaje inglesa, le obligaron a destruir el disco duro que [&hellip;]<\/p>\n","protected":false},"author":1,"featured_media":0,"comment_status":"open","ping_status":"open","sticky":false,"template":"","format":"standard","meta":{"tdm_status":"","tdm_grid_status":"","footnotes":""},"categories":[34],"tags":[],"class_list":{"0":"post-39513","1":"post","2":"type-post","3":"status-publish","4":"format-standard","6":"category-internacionales"},"yoast_head":"<!-- This site is optimized with the Yoast SEO plugin v25.1 - https:\/\/yoast.com\/wordpress\/plugins\/seo\/ -->\n<title>Wikileaks: Destruyen discos duros de periodista asociado al caso Snowden<\/title>\n<meta name=\"description\" content=\"Portal de noticias del Per\u00fa sobre el transporte a\u00e9reo, aviaci\u00f3n, turismo, hoteleria, actualidad.\" \/>\n<meta name=\"robots\" content=\"index, follow, max-snippet:-1, max-image-preview:large, max-video-preview:-1\" \/>\n<link rel=\"canonical\" href=\"https:\/\/aeronoticias.com.pe\/noticiero\/internacionales\/wikileaks-destruyen-discos-duros-de-periodista-asociado-al-caso-snowden\/\" \/>\n<meta property=\"og:locale\" content=\"es_ES\" \/>\n<meta property=\"og:type\" content=\"article\" \/>\n<meta property=\"og:title\" content=\"Wikileaks: Destruyen discos duros de periodista asociado al caso Snowden\" \/>\n<meta property=\"og:description\" content=\"Portal de noticias del Per\u00fa sobre el transporte a\u00e9reo, aviaci\u00f3n, turismo, hoteleria, actualidad.\" \/>\n<meta property=\"og:url\" content=\"https:\/\/aeronoticias.com.pe\/noticiero\/internacionales\/wikileaks-destruyen-discos-duros-de-periodista-asociado-al-caso-snowden\/\" \/>\n<meta property=\"og:site_name\" content=\"Aeronoticias.com.pe\" \/>\n<meta property=\"article:publisher\" content=\"https:\/\/www.facebook.com\/Aeronoticias.com.pe\/\" \/>\n<meta property=\"article:published_time\" content=\"2013-08-20T13:34:27+00:00\" \/>\n<meta name=\"author\" content=\"Redacci\u00f3n Aeronoticias\" \/>\n<meta name=\"twitter:card\" content=\"summary_large_image\" \/>\n<meta name=\"twitter:creator\" content=\"@aeronoticias\" \/>\n<meta name=\"twitter:site\" content=\"@aeronoticias\" \/>\n<meta name=\"twitter:label1\" content=\"Escrito por\" \/>\n\t<meta name=\"twitter:data1\" content=\"Redacci\u00f3n Aeronoticias\" \/>\n\t<meta name=\"twitter:label2\" content=\"Tiempo de lectura\" \/>\n\t<meta name=\"twitter:data2\" content=\"1 minuto\" \/>\n<script type=\"application\/ld+json\" class=\"yoast-schema-graph\">{\"@context\":\"https:\/\/schema.org\",\"@graph\":[{\"@type\":\"WebPage\",\"@id\":\"https:\/\/aeronoticias.com.pe\/noticiero\/internacionales\/wikileaks-destruyen-discos-duros-de-periodista-asociado-al-caso-snowden\/\",\"url\":\"https:\/\/aeronoticias.com.pe\/noticiero\/internacionales\/wikileaks-destruyen-discos-duros-de-periodista-asociado-al-caso-snowden\/\",\"name\":\"Wikileaks: Destruyen discos duros de periodista asociado al caso Snowden\",\"isPartOf\":{\"@id\":\"https:\/\/aeronoticias.com.pe\/noticiero\/#website\"},\"datePublished\":\"2013-08-20T13:34:27+00:00\",\"author\":{\"@id\":\"https:\/\/aeronoticias.com.pe\/noticiero\/#\/schema\/person\/fc1e5d578f4b62ba1cf7ac2bba1170a0\"},\"description\":\"Portal de noticias del Per\u00fa sobre el transporte a\u00e9reo, aviaci\u00f3n, turismo, hoteleria, actualidad.\",\"breadcrumb\":{\"@id\":\"https:\/\/aeronoticias.com.pe\/noticiero\/internacionales\/wikileaks-destruyen-discos-duros-de-periodista-asociado-al-caso-snowden\/#breadcrumb\"},\"inLanguage\":\"es\",\"potentialAction\":[{\"@type\":\"ReadAction\",\"target\":[\"https:\/\/aeronoticias.com.pe\/noticiero\/internacionales\/wikileaks-destruyen-discos-duros-de-periodista-asociado-al-caso-snowden\/\"]}]},{\"@type\":\"BreadcrumbList\",\"@id\":\"https:\/\/aeronoticias.com.pe\/noticiero\/internacionales\/wikileaks-destruyen-discos-duros-de-periodista-asociado-al-caso-snowden\/#breadcrumb\",\"itemListElement\":[{\"@type\":\"ListItem\",\"position\":1,\"name\":\"Portada\",\"item\":\"https:\/\/aeronoticias.com.pe\/noticiero\/\"},{\"@type\":\"ListItem\",\"position\":2,\"name\":\"Wikileaks: Destruyen discos duros de periodista asociado al caso Snowden\"}]},{\"@type\":\"WebSite\",\"@id\":\"https:\/\/aeronoticias.com.pe\/noticiero\/#website\",\"url\":\"https:\/\/aeronoticias.com.pe\/noticiero\/\",\"name\":\"Aeronoticias.com.pe\",\"description\":\"Noticias de tranporte aereo, turismo, hoteles, gastronomia, actualidad, internacional\",\"potentialAction\":[{\"@type\":\"SearchAction\",\"target\":{\"@type\":\"EntryPoint\",\"urlTemplate\":\"https:\/\/aeronoticias.com.pe\/noticiero\/?s={search_term_string}\"},\"query-input\":{\"@type\":\"PropertyValueSpecification\",\"valueRequired\":true,\"valueName\":\"search_term_string\"}}],\"inLanguage\":\"es\"},{\"@type\":\"Person\",\"@id\":\"https:\/\/aeronoticias.com.pe\/noticiero\/#\/schema\/person\/fc1e5d578f4b62ba1cf7ac2bba1170a0\",\"name\":\"Redacci\u00f3n Aeronoticias\",\"url\":\"https:\/\/aeronoticias.com.pe\/noticiero\/author\/piloto\/\"}]}<\/script>\n<!-- \/ Yoast SEO plugin. -->","yoast_head_json":{"title":"Wikileaks: Destruyen discos duros de periodista asociado al caso Snowden","description":"Portal de noticias del Per\u00fa sobre el transporte a\u00e9reo, aviaci\u00f3n, turismo, hoteleria, actualidad.","robots":{"index":"index","follow":"follow","max-snippet":"max-snippet:-1","max-image-preview":"max-image-preview:large","max-video-preview":"max-video-preview:-1"},"canonical":"https:\/\/aeronoticias.com.pe\/noticiero\/internacionales\/wikileaks-destruyen-discos-duros-de-periodista-asociado-al-caso-snowden\/","og_locale":"es_ES","og_type":"article","og_title":"Wikileaks: Destruyen discos duros de periodista asociado al caso Snowden","og_description":"Portal de noticias del Per\u00fa sobre el transporte a\u00e9reo, aviaci\u00f3n, turismo, hoteleria, actualidad.","og_url":"https:\/\/aeronoticias.com.pe\/noticiero\/internacionales\/wikileaks-destruyen-discos-duros-de-periodista-asociado-al-caso-snowden\/","og_site_name":"Aeronoticias.com.pe","article_publisher":"https:\/\/www.facebook.com\/Aeronoticias.com.pe\/","article_published_time":"2013-08-20T13:34:27+00:00","author":"Redacci\u00f3n Aeronoticias","twitter_card":"summary_large_image","twitter_creator":"@aeronoticias","twitter_site":"@aeronoticias","twitter_misc":{"Escrito por":"Redacci\u00f3n Aeronoticias","Tiempo de lectura":"1 minuto"},"schema":{"@context":"https:\/\/schema.org","@graph":[{"@type":"WebPage","@id":"https:\/\/aeronoticias.com.pe\/noticiero\/internacionales\/wikileaks-destruyen-discos-duros-de-periodista-asociado-al-caso-snowden\/","url":"https:\/\/aeronoticias.com.pe\/noticiero\/internacionales\/wikileaks-destruyen-discos-duros-de-periodista-asociado-al-caso-snowden\/","name":"Wikileaks: Destruyen discos duros de periodista asociado al caso Snowden","isPartOf":{"@id":"https:\/\/aeronoticias.com.pe\/noticiero\/#website"},"datePublished":"2013-08-20T13:34:27+00:00","author":{"@id":"https:\/\/aeronoticias.com.pe\/noticiero\/#\/schema\/person\/fc1e5d578f4b62ba1cf7ac2bba1170a0"},"description":"Portal de noticias del Per\u00fa sobre el transporte a\u00e9reo, aviaci\u00f3n, turismo, hoteleria, actualidad.","breadcrumb":{"@id":"https:\/\/aeronoticias.com.pe\/noticiero\/internacionales\/wikileaks-destruyen-discos-duros-de-periodista-asociado-al-caso-snowden\/#breadcrumb"},"inLanguage":"es","potentialAction":[{"@type":"ReadAction","target":["https:\/\/aeronoticias.com.pe\/noticiero\/internacionales\/wikileaks-destruyen-discos-duros-de-periodista-asociado-al-caso-snowden\/"]}]},{"@type":"BreadcrumbList","@id":"https:\/\/aeronoticias.com.pe\/noticiero\/internacionales\/wikileaks-destruyen-discos-duros-de-periodista-asociado-al-caso-snowden\/#breadcrumb","itemListElement":[{"@type":"ListItem","position":1,"name":"Portada","item":"https:\/\/aeronoticias.com.pe\/noticiero\/"},{"@type":"ListItem","position":2,"name":"Wikileaks: Destruyen discos duros de periodista asociado al caso Snowden"}]},{"@type":"WebSite","@id":"https:\/\/aeronoticias.com.pe\/noticiero\/#website","url":"https:\/\/aeronoticias.com.pe\/noticiero\/","name":"Aeronoticias.com.pe","description":"Noticias de tranporte aereo, turismo, hoteles, gastronomia, actualidad, internacional","potentialAction":[{"@type":"SearchAction","target":{"@type":"EntryPoint","urlTemplate":"https:\/\/aeronoticias.com.pe\/noticiero\/?s={search_term_string}"},"query-input":{"@type":"PropertyValueSpecification","valueRequired":true,"valueName":"search_term_string"}}],"inLanguage":"es"},{"@type":"Person","@id":"https:\/\/aeronoticias.com.pe\/noticiero\/#\/schema\/person\/fc1e5d578f4b62ba1cf7ac2bba1170a0","name":"Redacci\u00f3n Aeronoticias","url":"https:\/\/aeronoticias.com.pe\/noticiero\/author\/piloto\/"}]}},"_links":{"self":[{"href":"https:\/\/aeronoticias.com.pe\/noticiero\/wp-json\/wp\/v2\/posts\/39513","targetHints":{"allow":["GET"]}}],"collection":[{"href":"https:\/\/aeronoticias.com.pe\/noticiero\/wp-json\/wp\/v2\/posts"}],"about":[{"href":"https:\/\/aeronoticias.com.pe\/noticiero\/wp-json\/wp\/v2\/types\/post"}],"author":[{"embeddable":true,"href":"https:\/\/aeronoticias.com.pe\/noticiero\/wp-json\/wp\/v2\/users\/1"}],"replies":[{"embeddable":true,"href":"https:\/\/aeronoticias.com.pe\/noticiero\/wp-json\/wp\/v2\/comments?post=39513"}],"version-history":[{"count":0,"href":"https:\/\/aeronoticias.com.pe\/noticiero\/wp-json\/wp\/v2\/posts\/39513\/revisions"}],"wp:attachment":[{"href":"https:\/\/aeronoticias.com.pe\/noticiero\/wp-json\/wp\/v2\/media?parent=39513"}],"wp:term":[{"taxonomy":"category","embeddable":true,"href":"https:\/\/aeronoticias.com.pe\/noticiero\/wp-json\/wp\/v2\/categories?post=39513"},{"taxonomy":"post_tag","embeddable":true,"href":"https:\/\/aeronoticias.com.pe\/noticiero\/wp-json\/wp\/v2\/tags?post=39513"}],"curies":[{"name":"wp","href":"https:\/\/api.w.org\/{rel}","templated":true}]}}