{"id":39515,"date":"2013-08-20T14:49:07","date_gmt":"2013-08-20T14:49:07","guid":{"rendered":"http:\/\/desarrollo.mcvicious.com\/aero2020\/2013\/08\/20\/comision-de-derecho-aeronautico-del-cal-hizo-justicia-en-el-espacio-aereo-peruano\/"},"modified":"2013-08-20T14:49:07","modified_gmt":"2013-08-20T14:49:07","slug":"comision-de-derecho-aeronautico-del-cal-hizo-justicia-en-el-espacio-aereo-peruano","status":"publish","type":"post","link":"https:\/\/aeronoticias.com.pe\/noticiero\/ultimas\/1\/comision-de-derecho-aeronautico-del-cal-hizo-justicia-en-el-espacio-aereo-peruano\/","title":{"rendered":"Comisi\u00f3n de Derecho Aeron\u00e1utico del CAL hizo justicia en el espacio a\u00e9reo peruano"},"content":{"rendered":"<p style=\"text-align: justify;\"><span style=\"line-height: 1.3em;\"><strong>(Aeronoticias).-<\/strong> Se cumplieron dos a\u00f1os de la suspensi\u00f3n indebida que hizo el gobierno actual de la empresa Peruvian Airlines, lo que origin\u00f3 en la \u00e9poca una reuni\u00f3n de emergencia en el Congreso de la Rep\u00fablica, en donde la vicepresidenta Marisol Espinoza dijo: <a href=\"index.php?option=com_content&#038;view=article&#038;id=19740;piden-que-experto-julian-palacin-participe-en-debate-sobre-peruvian-airlines&#038;catid=47;47&#038;Itemid=578\" target=\"_blank\" rel=\"noopener noreferrer\">hacer clic aqu\u00ed<\/a> lo que origin\u00f3 que remita el oficio 013-2011-MS-CR al doctor Juli\u00e1n Palac\u00edn Fern\u00e1ndez, presidente de la Comisi\u00f3n de Derecho Aeron\u00e1utico del Colegio de Abogados de Lima, solicit\u00e1ndole la opini\u00f3n del colegiado en relaci\u00f3n al informe 391-2011-MTC-204AIR del Ministerio de Transporte y Comunicaciones del Per\u00fa, elaborado por la Direcci\u00f3n de Aeron\u00e1utica Civil, informe que suspendi\u00f3 indebidamente por dos d\u00edas, en esa \u00e9poca, a la segunda transportadora a\u00e9rea nacional.<\/span><\/p>\n<p style=\"text-align: justify;\"><span style=\"line-height: 1.3em;\"> <\/span><\/p>\n<hr id=\"system-readmore\" style=\"text-align: justify;\" \/>\n<p style=\"text-align: justify;\"><span style=\"text-align: justify;\"><span style=\"line-height: 1.3em;\">El presidente de la Comisi\u00f3n de Derecho Aeron\u00e1utico del Colegio de Abogados de Lima (CAL) emiti\u00f3 el informe CDACAL23082011 a la vicepresidenta de la Rep\u00fablica en donde analiza el marco jur\u00eddico, el an\u00e1lisis de la decisi\u00f3n emitida por la DGAC y concluye que el acto administrativo no era v\u00e1lido conforme al ordenamiento jur\u00eddico.<\/span><\/p>\n<p><a href=\"images\/stories\/11\/10\/131011\/documento_marisol_espinoza_mtc_dgac.pdf\" target=\"_blank\" rel=\"noopener noreferrer\">Hacer\u00a0clic\u00a0para ver el informe CDACAL230811 del presidente de la Comisi\u00f3n de Derecho Aeron\u00e1utico del Colegio de Abogados de Lima sobre el caso Peruvian Airlines.<\/a><\/span><\/p>\n<p style=\"text-align: justify;\">En el Per\u00fa se respeta la inversi\u00f3n nacional y extranjera y este informe hist\u00f3rico de la Comisi\u00f3n de Derecho Aeron\u00e1utico del Colegio de Abogados de Lima permiti\u00f3 que el Ministerio de Transportes se rectifique y reconozca que se equivoco y dos d\u00edas despu\u00e9s la prestigiosa, eficiente y segura l\u00ednea a\u00e9rea nacional Peruvian Airlines continu\u00f3 prestando sus servicios de transporte a\u00e9reo regular a nivel nacional, esa es la historia con sus actores y protagonistas y que hoy cobra vigencia porque el jurista que hizo justicia en esa \u00e9poca defendiendo una fuente de trabajo de 800 trabajadores, es hoy el candidato de la esperanza al decanato al Colegio de Abogados de Lima 2014-2016, por eso refrescamos esta historia porque creemos que el Per\u00fa se construye con justicia y con la defensa de los Derechos Humanos, Juli\u00e1n Palac\u00edn Fern\u00e1ndez es uno de los actores principales de la historia de la aviaci\u00f3n civil peruana de los \u00faltimos 40 a\u00f1os y posiblemente ser\u00e1 el decano del Colegio de Abogados de Lima del 2014 al 2016.<\/p>\n<p><img decoding=\"async\" src=\"images\/stories\/13\/08\/200813\/palacin.jpg\" border=\"0\" alt=\"Comisi\u00f3n de Derecho Aeron\u00e1utico del CAL hizo justicia en el espacio a\u00e9reo peruano\" title=\"Comisi\u00f3n de Derecho Aeron\u00e1utico del CAL hizo justicia en el espacio a\u00e9reo peruano\" \/><\/p>\n","protected":false},"excerpt":{"rendered":"<p>(Aeronoticias).- Se cumplieron dos a\u00f1os de la suspensi\u00f3n indebida que hizo el gobierno actual de la empresa Peruvian Airlines, lo que origin\u00f3 en la \u00e9poca una reuni\u00f3n de emergencia en el Congreso de la Rep\u00fablica, en donde la vicepresidenta Marisol Espinoza dijo: hacer clic aqu\u00ed lo que origin\u00f3 que remita el oficio 013-2011-MS-CR al doctor [&hellip;]<\/p>\n","protected":false},"author":1,"featured_media":0,"comment_status":"open","ping_status":"open","sticky":false,"template":"","format":"standard","meta":{"tdm_status":"","tdm_grid_status":"","footnotes":""},"categories":[30],"tags":[],"class_list":{"0":"post-39515","1":"post","2":"type-post","3":"status-publish","4":"format-standard","6":"category-30"},"yoast_head":"<!-- This site is optimized with the Yoast SEO plugin v25.1 - https:\/\/yoast.com\/wordpress\/plugins\/seo\/ -->\n<title>Comisi\u00f3n de Derecho Aeron\u00e1utico del CAL hizo justicia en el espacio a\u00e9reo peruano<\/title>\n<meta name=\"description\" content=\"Portal de noticias del Per\u00fa sobre el transporte a\u00e9reo, aviaci\u00f3n, turismo, hoteleria, actualidad.\" \/>\n<meta name=\"robots\" content=\"index, follow, max-snippet:-1, max-image-preview:large, max-video-preview:-1\" \/>\n<link rel=\"canonical\" href=\"https:\/\/aeronoticias.com.pe\/noticiero\/ultimas\/1\/comision-de-derecho-aeronautico-del-cal-hizo-justicia-en-el-espacio-aereo-peruano\/\" \/>\n<meta property=\"og:locale\" content=\"es_ES\" \/>\n<meta property=\"og:type\" content=\"article\" \/>\n<meta property=\"og:title\" content=\"Comisi\u00f3n de Derecho Aeron\u00e1utico del CAL hizo justicia en el espacio a\u00e9reo peruano\" \/>\n<meta property=\"og:description\" content=\"Portal de noticias del Per\u00fa sobre el transporte a\u00e9reo, aviaci\u00f3n, turismo, hoteleria, actualidad.\" \/>\n<meta property=\"og:url\" content=\"https:\/\/aeronoticias.com.pe\/noticiero\/ultimas\/1\/comision-de-derecho-aeronautico-del-cal-hizo-justicia-en-el-espacio-aereo-peruano\/\" \/>\n<meta property=\"og:site_name\" content=\"Aeronoticias.com.pe\" \/>\n<meta property=\"article:publisher\" content=\"https:\/\/www.facebook.com\/Aeronoticias.com.pe\/\" \/>\n<meta property=\"article:published_time\" content=\"2013-08-20T14:49:07+00:00\" \/>\n<meta name=\"author\" content=\"Redacci\u00f3n Aeronoticias\" \/>\n<meta name=\"twitter:card\" content=\"summary_large_image\" \/>\n<meta name=\"twitter:creator\" content=\"@aeronoticias\" \/>\n<meta name=\"twitter:site\" content=\"@aeronoticias\" \/>\n<meta name=\"twitter:label1\" content=\"Escrito por\" \/>\n\t<meta name=\"twitter:data1\" content=\"Redacci\u00f3n Aeronoticias\" \/>\n\t<meta name=\"twitter:label2\" content=\"Tiempo de lectura\" \/>\n\t<meta name=\"twitter:data2\" content=\"2 minutos\" \/>\n<script type=\"application\/ld+json\" class=\"yoast-schema-graph\">{\"@context\":\"https:\/\/schema.org\",\"@graph\":[{\"@type\":\"WebPage\",\"@id\":\"https:\/\/aeronoticias.com.pe\/noticiero\/ultimas\/1\/comision-de-derecho-aeronautico-del-cal-hizo-justicia-en-el-espacio-aereo-peruano\/\",\"url\":\"https:\/\/aeronoticias.com.pe\/noticiero\/ultimas\/1\/comision-de-derecho-aeronautico-del-cal-hizo-justicia-en-el-espacio-aereo-peruano\/\",\"name\":\"Comisi\u00f3n de Derecho Aeron\u00e1utico del CAL hizo justicia en el espacio a\u00e9reo peruano\",\"isPartOf\":{\"@id\":\"https:\/\/aeronoticias.com.pe\/noticiero\/#website\"},\"datePublished\":\"2013-08-20T14:49:07+00:00\",\"author\":{\"@id\":\"https:\/\/aeronoticias.com.pe\/noticiero\/#\/schema\/person\/fc1e5d578f4b62ba1cf7ac2bba1170a0\"},\"description\":\"Portal de noticias del Per\u00fa sobre el transporte a\u00e9reo, aviaci\u00f3n, turismo, hoteleria, actualidad.\",\"breadcrumb\":{\"@id\":\"https:\/\/aeronoticias.com.pe\/noticiero\/ultimas\/1\/comision-de-derecho-aeronautico-del-cal-hizo-justicia-en-el-espacio-aereo-peruano\/#breadcrumb\"},\"inLanguage\":\"es\",\"potentialAction\":[{\"@type\":\"ReadAction\",\"target\":[\"https:\/\/aeronoticias.com.pe\/noticiero\/ultimas\/1\/comision-de-derecho-aeronautico-del-cal-hizo-justicia-en-el-espacio-aereo-peruano\/\"]}]},{\"@type\":\"BreadcrumbList\",\"@id\":\"https:\/\/aeronoticias.com.pe\/noticiero\/ultimas\/1\/comision-de-derecho-aeronautico-del-cal-hizo-justicia-en-el-espacio-aereo-peruano\/#breadcrumb\",\"itemListElement\":[{\"@type\":\"ListItem\",\"position\":1,\"name\":\"Portada\",\"item\":\"https:\/\/aeronoticias.com.pe\/noticiero\/\"},{\"@type\":\"ListItem\",\"position\":2,\"name\":\"Comisi\u00f3n de Derecho Aeron\u00e1utico del CAL hizo justicia en el espacio a\u00e9reo peruano\"}]},{\"@type\":\"WebSite\",\"@id\":\"https:\/\/aeronoticias.com.pe\/noticiero\/#website\",\"url\":\"https:\/\/aeronoticias.com.pe\/noticiero\/\",\"name\":\"Aeronoticias.com.pe\",\"description\":\"Noticias de tranporte aereo, turismo, hoteles, gastronomia, actualidad, internacional\",\"potentialAction\":[{\"@type\":\"SearchAction\",\"target\":{\"@type\":\"EntryPoint\",\"urlTemplate\":\"https:\/\/aeronoticias.com.pe\/noticiero\/?s={search_term_string}\"},\"query-input\":{\"@type\":\"PropertyValueSpecification\",\"valueRequired\":true,\"valueName\":\"search_term_string\"}}],\"inLanguage\":\"es\"},{\"@type\":\"Person\",\"@id\":\"https:\/\/aeronoticias.com.pe\/noticiero\/#\/schema\/person\/fc1e5d578f4b62ba1cf7ac2bba1170a0\",\"name\":\"Redacci\u00f3n Aeronoticias\",\"url\":\"https:\/\/aeronoticias.com.pe\/noticiero\/author\/piloto\/\"}]}<\/script>\n<!-- \/ Yoast SEO plugin. -->","yoast_head_json":{"title":"Comisi\u00f3n de Derecho Aeron\u00e1utico del CAL hizo justicia en el espacio a\u00e9reo peruano","description":"Portal de noticias del Per\u00fa sobre el transporte a\u00e9reo, aviaci\u00f3n, turismo, hoteleria, actualidad.","robots":{"index":"index","follow":"follow","max-snippet":"max-snippet:-1","max-image-preview":"max-image-preview:large","max-video-preview":"max-video-preview:-1"},"canonical":"https:\/\/aeronoticias.com.pe\/noticiero\/ultimas\/1\/comision-de-derecho-aeronautico-del-cal-hizo-justicia-en-el-espacio-aereo-peruano\/","og_locale":"es_ES","og_type":"article","og_title":"Comisi\u00f3n de Derecho Aeron\u00e1utico del CAL hizo justicia en el espacio a\u00e9reo peruano","og_description":"Portal de noticias del Per\u00fa sobre el transporte a\u00e9reo, aviaci\u00f3n, turismo, hoteleria, actualidad.","og_url":"https:\/\/aeronoticias.com.pe\/noticiero\/ultimas\/1\/comision-de-derecho-aeronautico-del-cal-hizo-justicia-en-el-espacio-aereo-peruano\/","og_site_name":"Aeronoticias.com.pe","article_publisher":"https:\/\/www.facebook.com\/Aeronoticias.com.pe\/","article_published_time":"2013-08-20T14:49:07+00:00","author":"Redacci\u00f3n Aeronoticias","twitter_card":"summary_large_image","twitter_creator":"@aeronoticias","twitter_site":"@aeronoticias","twitter_misc":{"Escrito por":"Redacci\u00f3n Aeronoticias","Tiempo de lectura":"2 minutos"},"schema":{"@context":"https:\/\/schema.org","@graph":[{"@type":"WebPage","@id":"https:\/\/aeronoticias.com.pe\/noticiero\/ultimas\/1\/comision-de-derecho-aeronautico-del-cal-hizo-justicia-en-el-espacio-aereo-peruano\/","url":"https:\/\/aeronoticias.com.pe\/noticiero\/ultimas\/1\/comision-de-derecho-aeronautico-del-cal-hizo-justicia-en-el-espacio-aereo-peruano\/","name":"Comisi\u00f3n de Derecho Aeron\u00e1utico del CAL hizo justicia en el espacio a\u00e9reo peruano","isPartOf":{"@id":"https:\/\/aeronoticias.com.pe\/noticiero\/#website"},"datePublished":"2013-08-20T14:49:07+00:00","author":{"@id":"https:\/\/aeronoticias.com.pe\/noticiero\/#\/schema\/person\/fc1e5d578f4b62ba1cf7ac2bba1170a0"},"description":"Portal de noticias del Per\u00fa sobre el transporte a\u00e9reo, aviaci\u00f3n, turismo, hoteleria, actualidad.","breadcrumb":{"@id":"https:\/\/aeronoticias.com.pe\/noticiero\/ultimas\/1\/comision-de-derecho-aeronautico-del-cal-hizo-justicia-en-el-espacio-aereo-peruano\/#breadcrumb"},"inLanguage":"es","potentialAction":[{"@type":"ReadAction","target":["https:\/\/aeronoticias.com.pe\/noticiero\/ultimas\/1\/comision-de-derecho-aeronautico-del-cal-hizo-justicia-en-el-espacio-aereo-peruano\/"]}]},{"@type":"BreadcrumbList","@id":"https:\/\/aeronoticias.com.pe\/noticiero\/ultimas\/1\/comision-de-derecho-aeronautico-del-cal-hizo-justicia-en-el-espacio-aereo-peruano\/#breadcrumb","itemListElement":[{"@type":"ListItem","position":1,"name":"Portada","item":"https:\/\/aeronoticias.com.pe\/noticiero\/"},{"@type":"ListItem","position":2,"name":"Comisi\u00f3n de Derecho Aeron\u00e1utico del CAL hizo justicia en el espacio a\u00e9reo peruano"}]},{"@type":"WebSite","@id":"https:\/\/aeronoticias.com.pe\/noticiero\/#website","url":"https:\/\/aeronoticias.com.pe\/noticiero\/","name":"Aeronoticias.com.pe","description":"Noticias de tranporte aereo, turismo, hoteles, gastronomia, actualidad, internacional","potentialAction":[{"@type":"SearchAction","target":{"@type":"EntryPoint","urlTemplate":"https:\/\/aeronoticias.com.pe\/noticiero\/?s={search_term_string}"},"query-input":{"@type":"PropertyValueSpecification","valueRequired":true,"valueName":"search_term_string"}}],"inLanguage":"es"},{"@type":"Person","@id":"https:\/\/aeronoticias.com.pe\/noticiero\/#\/schema\/person\/fc1e5d578f4b62ba1cf7ac2bba1170a0","name":"Redacci\u00f3n Aeronoticias","url":"https:\/\/aeronoticias.com.pe\/noticiero\/author\/piloto\/"}]}},"_links":{"self":[{"href":"https:\/\/aeronoticias.com.pe\/noticiero\/wp-json\/wp\/v2\/posts\/39515","targetHints":{"allow":["GET"]}}],"collection":[{"href":"https:\/\/aeronoticias.com.pe\/noticiero\/wp-json\/wp\/v2\/posts"}],"about":[{"href":"https:\/\/aeronoticias.com.pe\/noticiero\/wp-json\/wp\/v2\/types\/post"}],"author":[{"embeddable":true,"href":"https:\/\/aeronoticias.com.pe\/noticiero\/wp-json\/wp\/v2\/users\/1"}],"replies":[{"embeddable":true,"href":"https:\/\/aeronoticias.com.pe\/noticiero\/wp-json\/wp\/v2\/comments?post=39515"}],"version-history":[{"count":0,"href":"https:\/\/aeronoticias.com.pe\/noticiero\/wp-json\/wp\/v2\/posts\/39515\/revisions"}],"wp:attachment":[{"href":"https:\/\/aeronoticias.com.pe\/noticiero\/wp-json\/wp\/v2\/media?parent=39515"}],"wp:term":[{"taxonomy":"category","embeddable":true,"href":"https:\/\/aeronoticias.com.pe\/noticiero\/wp-json\/wp\/v2\/categories?post=39515"},{"taxonomy":"post_tag","embeddable":true,"href":"https:\/\/aeronoticias.com.pe\/noticiero\/wp-json\/wp\/v2\/tags?post=39515"}],"curies":[{"name":"wp","href":"https:\/\/api.w.org\/{rel}","templated":true}]}}