{"id":39643,"date":"2013-08-23T20:06:48","date_gmt":"2013-08-23T20:06:48","guid":{"rendered":"http:\/\/desarrollo.mcvicious.com\/aero2020\/2013\/08\/23\/revista-especializada-de-la-usmp-publica-trabajo-sobre-casos-de-acoso-laboral-a-inmigrantes-peruanos\/"},"modified":"2020-09-11T16:05:38","modified_gmt":"2020-09-11T16:05:38","slug":"revista-especializada-de-la-usmp-publica-trabajo-sobre-casos-de-acoso-laboral-a-inmigrantes-peruanos","status":"publish","type":"post","link":"https:\/\/aeronoticias.com.pe\/noticiero\/institucionales\/revista-especializada-de-la-usmp-publica-trabajo-sobre-casos-de-acoso-laboral-a-inmigrantes-peruanos\/","title":{"rendered":"Revista especializada de la USMP publica trabajo sobre casos de acoso laboral a inmigrantes peruanos"},"content":{"rendered":"<p style=\"text-align: justify;\"><span style=\"line-height: 1.3em;\"><strong>(Aeronoticias)<\/strong> La revista \u00a0Liberabit, publicada por la Escuela Profesional de Psicolog\u00eda de la Universidad de San Mart\u00edn de Porres, presenta en su \u00a0Vol. 19- N\u00b01, un estudio realizado entre el 2002 y 2012 por la Plataforma contra los Riesgos Psicosociales y la Discriminaci\u00f3n Laboral de la Comunidad de Madrid (PRIDICAM), acerca del mobbing o acoso laboral que reciben los inmigrantes peruanos por parte de trabajadores espa\u00f1oles. <\/span><\/p>\n<p style=\"text-align: justify;\"><span style=\"line-height: 1.3em;\">El estudio en menci\u00f3n revela que nuestros compatriotas sufren de intimidaci\u00f3n y desprestigio laboral y personal. Los autores: David Gonz\u00e1lez-Trijueque y Sabino Delgado Marina, psic\u00f3logos del Tribunal Superior de Justicia de Madrid y del PRIDICAM, tomaron una muestra de 50 espa\u00f1oles y 44 peruanos a quienes \u00a0se les someti\u00f3 al \u201cCuestionario de estrategias de \u00a0acoso en el trabajo\u201d de Leymann. Cabe mencionar que en total se acercaron 765 trabajadores: 588 espa\u00f1oles y 161 latinos, de estos \u00faltimos se \u00a0seleccion\u00f3 los 44 casos de peruanos y se compar\u00f3 con 50 \u00a0casos espa\u00f1oles escogidos de forma aleatoria.<\/span><\/p>\n<p style=\"text-align: justify;\"><span style=\"line-height: 1.3em;\">Otra investigaci\u00f3n que destaca es la realizada por la Pontificia Universidad Cat\u00f3lica do Rio Grande do Sul, Brasil, titulada: Hombres Maternales: \u00bfCambios a Vista? El estudio realizado por Bruna Krimberg von Muhlen, Marilia Saldanha y Marlene Neves Strey, se enfoca en la importancia de la \u00a0relaci\u00f3n padre-hijo para la construcci\u00f3n de identidad del g\u00e9nero masculino y c\u00f3mo esta ha evolucionado en \u00a0Am\u00e9rica Latina, dando signos de una mayor \u201cimplicancia emocional\u201d.<\/span><\/p>\n<p style=\"text-align: justify;\"><span style=\"line-height: 1.3em;\">Liberabit, con 18 a\u00f1os de existencia, gracias a la \u00a0rigurosidad de su comit\u00e9 editorial ha alcanzado los est\u00e1ndares exigidos por la comunidad cient\u00edfica internacional por lo que se encuentra indexada en las m\u00e1s importantes listas de publicaciones especializadas \u00a0en Iberoam\u00e9rica como: Psicodoc, Latindex, Redalyc, Clase, e-revistas, Dialnet, Doaj, BVS, Scielo- Per\u00fa, Pepsic y Lipecs, entre otras, lo que le permite ser vitrina de una gran variedad de ensayos provenientes de pa\u00edses como: M\u00e9xico, Colombia, Chile, Argentina, Uruguay, Brasil, Espa\u00f1a, Francia y Alemania.<\/span><\/p>\n<p style=\"text-align: justify;\"><span style=\"line-height: 1.3em;\">Para acceder al contenido total de Liberabit; Vol. 19, N\u00b01 o de las ediciones anteriores \u00a0solo debe visitar la p\u00e1gina web: www. revistaliberabit.com y descargar los trabajos que sean de su inter\u00e9s.<\/span><\/p>\n<p style=\"text-align: justify;\"><span style=\"line-height: 1.3em;\"><img decoding=\"async\" src=\"images\/stories\/13\/08\/230813\/liberabit.jpg\" border=\"0\" \/><br \/><\/span><\/p>\n","protected":false},"excerpt":{"rendered":"<p>(Aeronoticias) La revista \u00a0Liberabit, publicada por la Escuela Profesional de Psicolog\u00eda de la Universidad de San Mart\u00edn de Porres, presenta en su \u00a0Vol. 19- N\u00b01, un estudio realizado entre el 2002 y 2012 por la Plataforma contra los Riesgos Psicosociales y la Discriminaci\u00f3n Laboral de la Comunidad de Madrid (PRIDICAM), acerca del mobbing o acoso [&hellip;]<\/p>\n","protected":false},"author":1,"featured_media":0,"comment_status":"open","ping_status":"open","sticky":false,"template":"","format":"standard","meta":{"tdm_status":"","tdm_grid_status":"","footnotes":""},"categories":[52,18],"tags":[],"class_list":{"0":"post-39643","1":"post","2":"type-post","3":"status-publish","4":"format-standard","6":"category-capacitacion","7":"category-institucionales"},"yoast_head":"<!-- This site is optimized with the Yoast SEO plugin v25.1 - https:\/\/yoast.com\/wordpress\/plugins\/seo\/ -->\n<title>Revista especializada de la USMP publica trabajo sobre casos de acoso laboral a inmigrantes peruanos<\/title>\n<meta name=\"description\" content=\"Portal de noticias del Per\u00fa sobre el transporte a\u00e9reo, aviaci\u00f3n, turismo, hoteleria, actualidad.\" \/>\n<meta name=\"robots\" content=\"index, follow, max-snippet:-1, max-image-preview:large, max-video-preview:-1\" \/>\n<link rel=\"canonical\" href=\"https:\/\/aeronoticias.com.pe\/noticiero\/institucionales\/revista-especializada-de-la-usmp-publica-trabajo-sobre-casos-de-acoso-laboral-a-inmigrantes-peruanos\/\" \/>\n<meta property=\"og:locale\" content=\"es_ES\" \/>\n<meta property=\"og:type\" content=\"article\" \/>\n<meta property=\"og:title\" content=\"Revista especializada de la USMP publica trabajo sobre casos de acoso laboral a inmigrantes peruanos\" \/>\n<meta property=\"og:description\" content=\"Portal de noticias del Per\u00fa sobre el transporte a\u00e9reo, aviaci\u00f3n, turismo, hoteleria, actualidad.\" \/>\n<meta property=\"og:url\" content=\"https:\/\/aeronoticias.com.pe\/noticiero\/institucionales\/revista-especializada-de-la-usmp-publica-trabajo-sobre-casos-de-acoso-laboral-a-inmigrantes-peruanos\/\" \/>\n<meta property=\"og:site_name\" content=\"Aeronoticias.com.pe\" \/>\n<meta property=\"article:publisher\" content=\"https:\/\/www.facebook.com\/Aeronoticias.com.pe\/\" \/>\n<meta property=\"article:published_time\" content=\"2013-08-23T20:06:48+00:00\" \/>\n<meta property=\"article:modified_time\" content=\"2020-09-11T16:05:38+00:00\" \/>\n<meta name=\"author\" content=\"Redacci\u00f3n Aeronoticias\" \/>\n<meta name=\"twitter:card\" content=\"summary_large_image\" \/>\n<meta name=\"twitter:creator\" content=\"@aeronoticias\" \/>\n<meta name=\"twitter:site\" content=\"@aeronoticias\" \/>\n<meta name=\"twitter:label1\" content=\"Escrito por\" \/>\n\t<meta name=\"twitter:data1\" content=\"Redacci\u00f3n Aeronoticias\" \/>\n\t<meta name=\"twitter:label2\" content=\"Tiempo de lectura\" \/>\n\t<meta name=\"twitter:data2\" content=\"2 minutos\" \/>\n<script type=\"application\/ld+json\" class=\"yoast-schema-graph\">{\"@context\":\"https:\/\/schema.org\",\"@graph\":[{\"@type\":\"WebPage\",\"@id\":\"https:\/\/aeronoticias.com.pe\/noticiero\/institucionales\/revista-especializada-de-la-usmp-publica-trabajo-sobre-casos-de-acoso-laboral-a-inmigrantes-peruanos\/\",\"url\":\"https:\/\/aeronoticias.com.pe\/noticiero\/institucionales\/revista-especializada-de-la-usmp-publica-trabajo-sobre-casos-de-acoso-laboral-a-inmigrantes-peruanos\/\",\"name\":\"Revista especializada de la USMP publica trabajo sobre casos de acoso laboral a inmigrantes peruanos\",\"isPartOf\":{\"@id\":\"https:\/\/aeronoticias.com.pe\/noticiero\/#website\"},\"datePublished\":\"2013-08-23T20:06:48+00:00\",\"dateModified\":\"2020-09-11T16:05:38+00:00\",\"author\":{\"@id\":\"https:\/\/aeronoticias.com.pe\/noticiero\/#\/schema\/person\/fc1e5d578f4b62ba1cf7ac2bba1170a0\"},\"description\":\"Portal de noticias del Per\u00fa sobre el transporte a\u00e9reo, aviaci\u00f3n, turismo, hoteleria, actualidad.\",\"breadcrumb\":{\"@id\":\"https:\/\/aeronoticias.com.pe\/noticiero\/institucionales\/revista-especializada-de-la-usmp-publica-trabajo-sobre-casos-de-acoso-laboral-a-inmigrantes-peruanos\/#breadcrumb\"},\"inLanguage\":\"es\",\"potentialAction\":[{\"@type\":\"ReadAction\",\"target\":[\"https:\/\/aeronoticias.com.pe\/noticiero\/institucionales\/revista-especializada-de-la-usmp-publica-trabajo-sobre-casos-de-acoso-laboral-a-inmigrantes-peruanos\/\"]}]},{\"@type\":\"BreadcrumbList\",\"@id\":\"https:\/\/aeronoticias.com.pe\/noticiero\/institucionales\/revista-especializada-de-la-usmp-publica-trabajo-sobre-casos-de-acoso-laboral-a-inmigrantes-peruanos\/#breadcrumb\",\"itemListElement\":[{\"@type\":\"ListItem\",\"position\":1,\"name\":\"Portada\",\"item\":\"https:\/\/aeronoticias.com.pe\/noticiero\/\"},{\"@type\":\"ListItem\",\"position\":2,\"name\":\"Revista especializada de la USMP publica trabajo sobre casos de acoso laboral a inmigrantes peruanos\"}]},{\"@type\":\"WebSite\",\"@id\":\"https:\/\/aeronoticias.com.pe\/noticiero\/#website\",\"url\":\"https:\/\/aeronoticias.com.pe\/noticiero\/\",\"name\":\"Aeronoticias.com.pe\",\"description\":\"Noticias de tranporte aereo, turismo, hoteles, gastronomia, actualidad, internacional\",\"potentialAction\":[{\"@type\":\"SearchAction\",\"target\":{\"@type\":\"EntryPoint\",\"urlTemplate\":\"https:\/\/aeronoticias.com.pe\/noticiero\/?s={search_term_string}\"},\"query-input\":{\"@type\":\"PropertyValueSpecification\",\"valueRequired\":true,\"valueName\":\"search_term_string\"}}],\"inLanguage\":\"es\"},{\"@type\":\"Person\",\"@id\":\"https:\/\/aeronoticias.com.pe\/noticiero\/#\/schema\/person\/fc1e5d578f4b62ba1cf7ac2bba1170a0\",\"name\":\"Redacci\u00f3n Aeronoticias\",\"url\":\"https:\/\/aeronoticias.com.pe\/noticiero\/author\/piloto\/\"}]}<\/script>\n<!-- \/ Yoast SEO plugin. -->","yoast_head_json":{"title":"Revista especializada de la USMP publica trabajo sobre casos de acoso laboral a inmigrantes peruanos","description":"Portal de noticias del Per\u00fa sobre el transporte a\u00e9reo, aviaci\u00f3n, turismo, hoteleria, actualidad.","robots":{"index":"index","follow":"follow","max-snippet":"max-snippet:-1","max-image-preview":"max-image-preview:large","max-video-preview":"max-video-preview:-1"},"canonical":"https:\/\/aeronoticias.com.pe\/noticiero\/institucionales\/revista-especializada-de-la-usmp-publica-trabajo-sobre-casos-de-acoso-laboral-a-inmigrantes-peruanos\/","og_locale":"es_ES","og_type":"article","og_title":"Revista especializada de la USMP publica trabajo sobre casos de acoso laboral a inmigrantes peruanos","og_description":"Portal de noticias del Per\u00fa sobre el transporte a\u00e9reo, aviaci\u00f3n, turismo, hoteleria, actualidad.","og_url":"https:\/\/aeronoticias.com.pe\/noticiero\/institucionales\/revista-especializada-de-la-usmp-publica-trabajo-sobre-casos-de-acoso-laboral-a-inmigrantes-peruanos\/","og_site_name":"Aeronoticias.com.pe","article_publisher":"https:\/\/www.facebook.com\/Aeronoticias.com.pe\/","article_published_time":"2013-08-23T20:06:48+00:00","article_modified_time":"2020-09-11T16:05:38+00:00","author":"Redacci\u00f3n Aeronoticias","twitter_card":"summary_large_image","twitter_creator":"@aeronoticias","twitter_site":"@aeronoticias","twitter_misc":{"Escrito por":"Redacci\u00f3n Aeronoticias","Tiempo de lectura":"2 minutos"},"schema":{"@context":"https:\/\/schema.org","@graph":[{"@type":"WebPage","@id":"https:\/\/aeronoticias.com.pe\/noticiero\/institucionales\/revista-especializada-de-la-usmp-publica-trabajo-sobre-casos-de-acoso-laboral-a-inmigrantes-peruanos\/","url":"https:\/\/aeronoticias.com.pe\/noticiero\/institucionales\/revista-especializada-de-la-usmp-publica-trabajo-sobre-casos-de-acoso-laboral-a-inmigrantes-peruanos\/","name":"Revista especializada de la USMP publica trabajo sobre casos de acoso laboral a inmigrantes peruanos","isPartOf":{"@id":"https:\/\/aeronoticias.com.pe\/noticiero\/#website"},"datePublished":"2013-08-23T20:06:48+00:00","dateModified":"2020-09-11T16:05:38+00:00","author":{"@id":"https:\/\/aeronoticias.com.pe\/noticiero\/#\/schema\/person\/fc1e5d578f4b62ba1cf7ac2bba1170a0"},"description":"Portal de noticias del Per\u00fa sobre el transporte a\u00e9reo, aviaci\u00f3n, turismo, hoteleria, actualidad.","breadcrumb":{"@id":"https:\/\/aeronoticias.com.pe\/noticiero\/institucionales\/revista-especializada-de-la-usmp-publica-trabajo-sobre-casos-de-acoso-laboral-a-inmigrantes-peruanos\/#breadcrumb"},"inLanguage":"es","potentialAction":[{"@type":"ReadAction","target":["https:\/\/aeronoticias.com.pe\/noticiero\/institucionales\/revista-especializada-de-la-usmp-publica-trabajo-sobre-casos-de-acoso-laboral-a-inmigrantes-peruanos\/"]}]},{"@type":"BreadcrumbList","@id":"https:\/\/aeronoticias.com.pe\/noticiero\/institucionales\/revista-especializada-de-la-usmp-publica-trabajo-sobre-casos-de-acoso-laboral-a-inmigrantes-peruanos\/#breadcrumb","itemListElement":[{"@type":"ListItem","position":1,"name":"Portada","item":"https:\/\/aeronoticias.com.pe\/noticiero\/"},{"@type":"ListItem","position":2,"name":"Revista especializada de la USMP publica trabajo sobre casos de acoso laboral a inmigrantes peruanos"}]},{"@type":"WebSite","@id":"https:\/\/aeronoticias.com.pe\/noticiero\/#website","url":"https:\/\/aeronoticias.com.pe\/noticiero\/","name":"Aeronoticias.com.pe","description":"Noticias de tranporte aereo, turismo, hoteles, gastronomia, actualidad, internacional","potentialAction":[{"@type":"SearchAction","target":{"@type":"EntryPoint","urlTemplate":"https:\/\/aeronoticias.com.pe\/noticiero\/?s={search_term_string}"},"query-input":{"@type":"PropertyValueSpecification","valueRequired":true,"valueName":"search_term_string"}}],"inLanguage":"es"},{"@type":"Person","@id":"https:\/\/aeronoticias.com.pe\/noticiero\/#\/schema\/person\/fc1e5d578f4b62ba1cf7ac2bba1170a0","name":"Redacci\u00f3n Aeronoticias","url":"https:\/\/aeronoticias.com.pe\/noticiero\/author\/piloto\/"}]}},"_links":{"self":[{"href":"https:\/\/aeronoticias.com.pe\/noticiero\/wp-json\/wp\/v2\/posts\/39643","targetHints":{"allow":["GET"]}}],"collection":[{"href":"https:\/\/aeronoticias.com.pe\/noticiero\/wp-json\/wp\/v2\/posts"}],"about":[{"href":"https:\/\/aeronoticias.com.pe\/noticiero\/wp-json\/wp\/v2\/types\/post"}],"author":[{"embeddable":true,"href":"https:\/\/aeronoticias.com.pe\/noticiero\/wp-json\/wp\/v2\/users\/1"}],"replies":[{"embeddable":true,"href":"https:\/\/aeronoticias.com.pe\/noticiero\/wp-json\/wp\/v2\/comments?post=39643"}],"version-history":[{"count":0,"href":"https:\/\/aeronoticias.com.pe\/noticiero\/wp-json\/wp\/v2\/posts\/39643\/revisions"}],"wp:attachment":[{"href":"https:\/\/aeronoticias.com.pe\/noticiero\/wp-json\/wp\/v2\/media?parent=39643"}],"wp:term":[{"taxonomy":"category","embeddable":true,"href":"https:\/\/aeronoticias.com.pe\/noticiero\/wp-json\/wp\/v2\/categories?post=39643"},{"taxonomy":"post_tag","embeddable":true,"href":"https:\/\/aeronoticias.com.pe\/noticiero\/wp-json\/wp\/v2\/tags?post=39643"}],"curies":[{"name":"wp","href":"https:\/\/api.w.org\/{rel}","templated":true}]}}