{"id":39646,"date":"2013-08-23T22:39:22","date_gmt":"2013-08-23T22:39:22","guid":{"rendered":"http:\/\/desarrollo.mcvicious.com\/aero2020\/2013\/08\/23\/microsoft-anuncia-la-salida-del-presidente-de-la-compania\/"},"modified":"2013-08-23T22:39:22","modified_gmt":"2013-08-23T22:39:22","slug":"microsoft-anuncia-la-salida-del-presidente-de-la-compania","status":"publish","type":"post","link":"https:\/\/aeronoticias.com.pe\/noticiero\/27\/microsoft-anuncia-la-salida-del-presidente-de-la-compania\/","title":{"rendered":"Microsoft anuncia la salida del presidente de la Compa\u00f1\u00eda"},"content":{"rendered":"<p style=\"text-align: justify;\"><strong>(Aeronoticias)<\/strong>.- Steve Ballmer, presidentede Microsoft, \u00a0dejar\u00e1 el puesto durante los pr\u00f3ximos doce meses, una vez concluya el proceso de elecci\u00f3n de su sucesor, anunci\u00f3 hoy la compa\u00f1\u00eda.<\/p>\n<p style=\"text-align: justify;\">\u00abBallmer ha decidido retirarse como consejero delegado (presidente)\u00bb, se\u00f1al\u00f3 el gigante inform\u00e1tico en un comunicado, en el que se\u00f1al\u00f3 que Ballmer continuar\u00e1 dirigiendo la compa\u00f1\u00eda, en la que se ha formado un comit\u00e9 especial para dirigir el proceso de b\u00fasqueda de un sucesor.<\/p>\n<p style=\"text-align: justify;\">\u00abNunca es un momento perfecto para este tipo de transici\u00f3n, pero ahora es el momento adecuado, ya que la compa\u00f1\u00eda se ha embarcado en una nueva estrategia con una nueva organizaci\u00f3n\u00bb, sostuvo por su parte Ballmer.<\/p>\n<p style=\"text-align: justify;\">Adem\u00e1s, Windows ha quedado atr\u00e1s en la carrera por los sistemas operativos de tel\u00e9fonos inteligentes, muy superado por el sistema Android de Google y el iOS de Apple. Steve Ballmer, de 57 a\u00f1os, era consejero delegado de Microsoft desde el a\u00f1o 2000, cuando sustituy\u00f3 a Bill Gates como m\u00e1ximo responsable de la empresa.<\/p>\n<p style=\"text-align: justify;\">Asimismo reconoci\u00f3 que ha adelantado su salida respecto a lo que hab\u00eda planeado inicialmente, a mitad de camino de ese proceso de transformaci\u00f3n. Sin embargo, \u00abnecesitamos un consejero delegado que est\u00e9 aqu\u00ed a mayor largo plazo\u00bb, recalc\u00f3 Ballmer. Los \u00faltimos a\u00f1os de Microsoft han estado marcados por las acogidas cada vez m\u00e1s tibias a las nuevas versiones de su sistema operativo para ordenadores Windows, especialmente la versi\u00f3n 8 lanzada el a\u00f1o pasado.<\/p>\n<p style=\"text-align: justify;\">Con informaci\u00f3n de <strong><em>El Tiempo<\/em><\/strong>.<\/p>\n<p style=\"text-align: justify;\"><img decoding=\"async\" src=\"images\/stories\/13\/08\/230813\/pel.jpg\" border=\"0\" \/><\/p>\n","protected":false},"excerpt":{"rendered":"<p>(Aeronoticias).- Steve Ballmer, presidentede Microsoft, \u00a0dejar\u00e1 el puesto durante los pr\u00f3ximos doce meses, una vez concluya el proceso de elecci\u00f3n de su sucesor, anunci\u00f3 hoy la compa\u00f1\u00eda. \u00abBallmer ha decidido retirarse como consejero delegado (presidente)\u00bb, se\u00f1al\u00f3 el gigante inform\u00e1tico en un comunicado, en el que se\u00f1al\u00f3 que Ballmer continuar\u00e1 dirigiendo la compa\u00f1\u00eda, en la que [&hellip;]<\/p>\n","protected":false},"author":1,"featured_media":0,"comment_status":"open","ping_status":"open","sticky":false,"template":"","format":"standard","meta":{"tdm_status":"","tdm_grid_status":"","footnotes":""},"categories":[35],"tags":[],"class_list":{"0":"post-39646","1":"post","2":"type-post","3":"status-publish","4":"format-standard","6":"category-35"},"yoast_head":"<!-- This site is optimized with the Yoast SEO plugin v25.1 - https:\/\/yoast.com\/wordpress\/plugins\/seo\/ -->\n<title>Microsoft anuncia la salida del presidente de la Compa\u00f1\u00eda<\/title>\n<meta name=\"description\" content=\"Portal de noticias del Per\u00fa sobre el transporte a\u00e9reo, aviaci\u00f3n, turismo, hoteleria, actualidad.\" \/>\n<meta name=\"robots\" content=\"index, follow, max-snippet:-1, max-image-preview:large, max-video-preview:-1\" \/>\n<link rel=\"canonical\" href=\"https:\/\/aeronoticias.com.pe\/noticiero\/27\/microsoft-anuncia-la-salida-del-presidente-de-la-compania\/\" \/>\n<meta property=\"og:locale\" content=\"es_ES\" \/>\n<meta property=\"og:type\" content=\"article\" \/>\n<meta property=\"og:title\" content=\"Microsoft anuncia la salida del presidente de la Compa\u00f1\u00eda\" \/>\n<meta property=\"og:description\" content=\"Portal de noticias del Per\u00fa sobre el transporte a\u00e9reo, aviaci\u00f3n, turismo, hoteleria, actualidad.\" \/>\n<meta property=\"og:url\" content=\"https:\/\/aeronoticias.com.pe\/noticiero\/27\/microsoft-anuncia-la-salida-del-presidente-de-la-compania\/\" \/>\n<meta property=\"og:site_name\" content=\"Aeronoticias.com.pe\" \/>\n<meta property=\"article:publisher\" content=\"https:\/\/www.facebook.com\/Aeronoticias.com.pe\/\" \/>\n<meta property=\"article:published_time\" content=\"2013-08-23T22:39:22+00:00\" \/>\n<meta name=\"author\" content=\"Redacci\u00f3n Aeronoticias\" \/>\n<meta name=\"twitter:card\" content=\"summary_large_image\" \/>\n<meta name=\"twitter:creator\" content=\"@aeronoticias\" \/>\n<meta name=\"twitter:site\" content=\"@aeronoticias\" \/>\n<meta name=\"twitter:label1\" content=\"Escrito por\" \/>\n\t<meta name=\"twitter:data1\" content=\"Redacci\u00f3n Aeronoticias\" \/>\n\t<meta name=\"twitter:label2\" content=\"Tiempo de lectura\" \/>\n\t<meta name=\"twitter:data2\" content=\"1 minuto\" \/>\n<script type=\"application\/ld+json\" class=\"yoast-schema-graph\">{\"@context\":\"https:\/\/schema.org\",\"@graph\":[{\"@type\":\"WebPage\",\"@id\":\"https:\/\/aeronoticias.com.pe\/noticiero\/27\/microsoft-anuncia-la-salida-del-presidente-de-la-compania\/\",\"url\":\"https:\/\/aeronoticias.com.pe\/noticiero\/27\/microsoft-anuncia-la-salida-del-presidente-de-la-compania\/\",\"name\":\"Microsoft anuncia la salida del presidente de la Compa\u00f1\u00eda\",\"isPartOf\":{\"@id\":\"https:\/\/aeronoticias.com.pe\/noticiero\/#website\"},\"datePublished\":\"2013-08-23T22:39:22+00:00\",\"author\":{\"@id\":\"https:\/\/aeronoticias.com.pe\/noticiero\/#\/schema\/person\/fc1e5d578f4b62ba1cf7ac2bba1170a0\"},\"description\":\"Portal de noticias del Per\u00fa sobre el transporte a\u00e9reo, aviaci\u00f3n, turismo, hoteleria, actualidad.\",\"breadcrumb\":{\"@id\":\"https:\/\/aeronoticias.com.pe\/noticiero\/27\/microsoft-anuncia-la-salida-del-presidente-de-la-compania\/#breadcrumb\"},\"inLanguage\":\"es\",\"potentialAction\":[{\"@type\":\"ReadAction\",\"target\":[\"https:\/\/aeronoticias.com.pe\/noticiero\/27\/microsoft-anuncia-la-salida-del-presidente-de-la-compania\/\"]}]},{\"@type\":\"BreadcrumbList\",\"@id\":\"https:\/\/aeronoticias.com.pe\/noticiero\/27\/microsoft-anuncia-la-salida-del-presidente-de-la-compania\/#breadcrumb\",\"itemListElement\":[{\"@type\":\"ListItem\",\"position\":1,\"name\":\"Portada\",\"item\":\"https:\/\/aeronoticias.com.pe\/noticiero\/\"},{\"@type\":\"ListItem\",\"position\":2,\"name\":\"Microsoft anuncia la salida del presidente de la Compa\u00f1\u00eda\"}]},{\"@type\":\"WebSite\",\"@id\":\"https:\/\/aeronoticias.com.pe\/noticiero\/#website\",\"url\":\"https:\/\/aeronoticias.com.pe\/noticiero\/\",\"name\":\"Aeronoticias.com.pe\",\"description\":\"Noticias de tranporte aereo, turismo, hoteles, gastronomia, actualidad, internacional\",\"potentialAction\":[{\"@type\":\"SearchAction\",\"target\":{\"@type\":\"EntryPoint\",\"urlTemplate\":\"https:\/\/aeronoticias.com.pe\/noticiero\/?s={search_term_string}\"},\"query-input\":{\"@type\":\"PropertyValueSpecification\",\"valueRequired\":true,\"valueName\":\"search_term_string\"}}],\"inLanguage\":\"es\"},{\"@type\":\"Person\",\"@id\":\"https:\/\/aeronoticias.com.pe\/noticiero\/#\/schema\/person\/fc1e5d578f4b62ba1cf7ac2bba1170a0\",\"name\":\"Redacci\u00f3n Aeronoticias\",\"url\":\"https:\/\/aeronoticias.com.pe\/noticiero\/author\/piloto\/\"}]}<\/script>\n<!-- \/ Yoast SEO plugin. -->","yoast_head_json":{"title":"Microsoft anuncia la salida del presidente de la Compa\u00f1\u00eda","description":"Portal de noticias del Per\u00fa sobre el transporte a\u00e9reo, aviaci\u00f3n, turismo, hoteleria, actualidad.","robots":{"index":"index","follow":"follow","max-snippet":"max-snippet:-1","max-image-preview":"max-image-preview:large","max-video-preview":"max-video-preview:-1"},"canonical":"https:\/\/aeronoticias.com.pe\/noticiero\/27\/microsoft-anuncia-la-salida-del-presidente-de-la-compania\/","og_locale":"es_ES","og_type":"article","og_title":"Microsoft anuncia la salida del presidente de la Compa\u00f1\u00eda","og_description":"Portal de noticias del Per\u00fa sobre el transporte a\u00e9reo, aviaci\u00f3n, turismo, hoteleria, actualidad.","og_url":"https:\/\/aeronoticias.com.pe\/noticiero\/27\/microsoft-anuncia-la-salida-del-presidente-de-la-compania\/","og_site_name":"Aeronoticias.com.pe","article_publisher":"https:\/\/www.facebook.com\/Aeronoticias.com.pe\/","article_published_time":"2013-08-23T22:39:22+00:00","author":"Redacci\u00f3n Aeronoticias","twitter_card":"summary_large_image","twitter_creator":"@aeronoticias","twitter_site":"@aeronoticias","twitter_misc":{"Escrito por":"Redacci\u00f3n Aeronoticias","Tiempo de lectura":"1 minuto"},"schema":{"@context":"https:\/\/schema.org","@graph":[{"@type":"WebPage","@id":"https:\/\/aeronoticias.com.pe\/noticiero\/27\/microsoft-anuncia-la-salida-del-presidente-de-la-compania\/","url":"https:\/\/aeronoticias.com.pe\/noticiero\/27\/microsoft-anuncia-la-salida-del-presidente-de-la-compania\/","name":"Microsoft anuncia la salida del presidente de la Compa\u00f1\u00eda","isPartOf":{"@id":"https:\/\/aeronoticias.com.pe\/noticiero\/#website"},"datePublished":"2013-08-23T22:39:22+00:00","author":{"@id":"https:\/\/aeronoticias.com.pe\/noticiero\/#\/schema\/person\/fc1e5d578f4b62ba1cf7ac2bba1170a0"},"description":"Portal de noticias del Per\u00fa sobre el transporte a\u00e9reo, aviaci\u00f3n, turismo, hoteleria, actualidad.","breadcrumb":{"@id":"https:\/\/aeronoticias.com.pe\/noticiero\/27\/microsoft-anuncia-la-salida-del-presidente-de-la-compania\/#breadcrumb"},"inLanguage":"es","potentialAction":[{"@type":"ReadAction","target":["https:\/\/aeronoticias.com.pe\/noticiero\/27\/microsoft-anuncia-la-salida-del-presidente-de-la-compania\/"]}]},{"@type":"BreadcrumbList","@id":"https:\/\/aeronoticias.com.pe\/noticiero\/27\/microsoft-anuncia-la-salida-del-presidente-de-la-compania\/#breadcrumb","itemListElement":[{"@type":"ListItem","position":1,"name":"Portada","item":"https:\/\/aeronoticias.com.pe\/noticiero\/"},{"@type":"ListItem","position":2,"name":"Microsoft anuncia la salida del presidente de la Compa\u00f1\u00eda"}]},{"@type":"WebSite","@id":"https:\/\/aeronoticias.com.pe\/noticiero\/#website","url":"https:\/\/aeronoticias.com.pe\/noticiero\/","name":"Aeronoticias.com.pe","description":"Noticias de tranporte aereo, turismo, hoteles, gastronomia, actualidad, internacional","potentialAction":[{"@type":"SearchAction","target":{"@type":"EntryPoint","urlTemplate":"https:\/\/aeronoticias.com.pe\/noticiero\/?s={search_term_string}"},"query-input":{"@type":"PropertyValueSpecification","valueRequired":true,"valueName":"search_term_string"}}],"inLanguage":"es"},{"@type":"Person","@id":"https:\/\/aeronoticias.com.pe\/noticiero\/#\/schema\/person\/fc1e5d578f4b62ba1cf7ac2bba1170a0","name":"Redacci\u00f3n Aeronoticias","url":"https:\/\/aeronoticias.com.pe\/noticiero\/author\/piloto\/"}]}},"_links":{"self":[{"href":"https:\/\/aeronoticias.com.pe\/noticiero\/wp-json\/wp\/v2\/posts\/39646","targetHints":{"allow":["GET"]}}],"collection":[{"href":"https:\/\/aeronoticias.com.pe\/noticiero\/wp-json\/wp\/v2\/posts"}],"about":[{"href":"https:\/\/aeronoticias.com.pe\/noticiero\/wp-json\/wp\/v2\/types\/post"}],"author":[{"embeddable":true,"href":"https:\/\/aeronoticias.com.pe\/noticiero\/wp-json\/wp\/v2\/users\/1"}],"replies":[{"embeddable":true,"href":"https:\/\/aeronoticias.com.pe\/noticiero\/wp-json\/wp\/v2\/comments?post=39646"}],"version-history":[{"count":0,"href":"https:\/\/aeronoticias.com.pe\/noticiero\/wp-json\/wp\/v2\/posts\/39646\/revisions"}],"wp:attachment":[{"href":"https:\/\/aeronoticias.com.pe\/noticiero\/wp-json\/wp\/v2\/media?parent=39646"}],"wp:term":[{"taxonomy":"category","embeddable":true,"href":"https:\/\/aeronoticias.com.pe\/noticiero\/wp-json\/wp\/v2\/categories?post=39646"},{"taxonomy":"post_tag","embeddable":true,"href":"https:\/\/aeronoticias.com.pe\/noticiero\/wp-json\/wp\/v2\/tags?post=39646"}],"curies":[{"name":"wp","href":"https:\/\/api.w.org\/{rel}","templated":true}]}}