{"id":39648,"date":"2013-08-23T22:52:49","date_gmt":"2013-08-23T22:52:49","guid":{"rendered":"http:\/\/desarrollo.mcvicious.com\/aero2020\/2013\/08\/23\/descubre-por-que-apple-lanzara-un-iphone-dorado\/"},"modified":"2013-08-23T22:52:49","modified_gmt":"2013-08-23T22:52:49","slug":"descubre-por-que-apple-lanzara-un-iphone-dorado","status":"publish","type":"post","link":"https:\/\/aeronoticias.com.pe\/noticiero\/27\/descubre-por-que-apple-lanzara-un-iphone-dorado\/","title":{"rendered":"Descubre por qu\u00e9 Apple lanzar\u00e1 un iPhone dorado"},"content":{"rendered":"<p style=\"text-align: justify;\"><strong>(Aeronoticias)<\/strong>.- Bien se sabe que son miles y miles las personas y centenas de empresas las que intervienen en el proceso de fabricaci\u00f3n y distribuci\u00f3n de sus productos que, a esta altura, ya hay varias certezas respecto de lo que ser\u00e1 el iPhone 5S o 6, que se presentar\u00e1 el pr\u00f3ximo 10 de septiembre en EE. UU.<\/p>\n<p style=\"text-align: justify;\">Medios de la talla de &#8216;All things digital&#8217;, el blog de tecnolog\u00eda m\u00e1s reputado del mundo, parte de The Wall Street Journal, da por confirmado que es as\u00ed.<\/p>\n<p style=\"text-align: justify;\">1. Por tecnolog\u00eda: Pr\u00e1cticamente, al anodizar el aluminio con que est\u00e1 hecho el iPhone, el color natural que resulta es, precisamente, el dorado.<\/p>\n<p style=\"text-align: justify;\">2. Por exclusividad: El color dorado se relaciona con el oro y, por ende, con la exclusividad, de alto valor. Quienes han visto el equipo afirman que se parece m\u00e1s a un color &#8216;champa\u00f1a&#8217;, que a la vista se ve elegante y exclusivo.<\/p>\n<p style=\"text-align: justify;\">3. Por precio: Apple, estar\u00eda pensando en clientes de alto poder adquisitivo, en especial de pa\u00edses como China, en donde, seg\u00fan cuentas de expertos, se espera que crezca en un 40 por ciento en el pr\u00f3ximo a\u00f1o, quienes estar\u00edan deseosos de diferenciarse del resto de usuarios de iPhone adquiriendo un equipo de color dorado.<\/p>\n<p style=\"text-align: justify;\">4. Por estrategia: Si viene un iPhone de bajo costo (que se llamar\u00eda 5C), de variados colores, ideal para j\u00f3venes; y se mantiene el iPhone tradicional (5S) con buenas caracter\u00edsticas.<\/p>\n<p style=\"text-align: justify;\">Con informaci\u00f3n de <strong><em>El Tiempo<\/em><\/strong>.<\/p>\n<p style=\"text-align: justify;\"><img decoding=\"async\" src=\"images\/stories\/13\/08\/230813\/dorado.jpg\" border=\"0\" \/><\/p>\n","protected":false},"excerpt":{"rendered":"<p>(Aeronoticias).- Bien se sabe que son miles y miles las personas y centenas de empresas las que intervienen en el proceso de fabricaci\u00f3n y distribuci\u00f3n de sus productos que, a esta altura, ya hay varias certezas respecto de lo que ser\u00e1 el iPhone 5S o 6, que se presentar\u00e1 el pr\u00f3ximo 10 de septiembre en [&hellip;]<\/p>\n","protected":false},"author":1,"featured_media":0,"comment_status":"open","ping_status":"open","sticky":false,"template":"","format":"standard","meta":{"tdm_status":"","tdm_grid_status":"","footnotes":""},"categories":[35],"tags":[],"class_list":{"0":"post-39648","1":"post","2":"type-post","3":"status-publish","4":"format-standard","6":"category-35"},"yoast_head":"<!-- This site is optimized with the Yoast SEO plugin v25.1 - https:\/\/yoast.com\/wordpress\/plugins\/seo\/ -->\n<title>Descubre por qu\u00e9 Apple lanzar\u00e1 un iPhone dorado<\/title>\n<meta name=\"description\" content=\"Portal de noticias del Per\u00fa sobre el transporte a\u00e9reo, aviaci\u00f3n, turismo, hoteleria, actualidad.\" \/>\n<meta name=\"robots\" content=\"index, follow, max-snippet:-1, max-image-preview:large, max-video-preview:-1\" \/>\n<link rel=\"canonical\" href=\"https:\/\/aeronoticias.com.pe\/noticiero\/27\/descubre-por-que-apple-lanzara-un-iphone-dorado\/\" \/>\n<meta property=\"og:locale\" content=\"es_ES\" \/>\n<meta property=\"og:type\" content=\"article\" \/>\n<meta property=\"og:title\" content=\"Descubre por qu\u00e9 Apple lanzar\u00e1 un iPhone dorado\" \/>\n<meta property=\"og:description\" content=\"Portal de noticias del Per\u00fa sobre el transporte a\u00e9reo, aviaci\u00f3n, turismo, hoteleria, actualidad.\" \/>\n<meta property=\"og:url\" content=\"https:\/\/aeronoticias.com.pe\/noticiero\/27\/descubre-por-que-apple-lanzara-un-iphone-dorado\/\" \/>\n<meta property=\"og:site_name\" content=\"Aeronoticias.com.pe\" \/>\n<meta property=\"article:publisher\" content=\"https:\/\/www.facebook.com\/Aeronoticias.com.pe\/\" \/>\n<meta property=\"article:published_time\" content=\"2013-08-23T22:52:49+00:00\" \/>\n<meta name=\"author\" content=\"Redacci\u00f3n Aeronoticias\" \/>\n<meta name=\"twitter:card\" content=\"summary_large_image\" \/>\n<meta name=\"twitter:creator\" content=\"@aeronoticias\" \/>\n<meta name=\"twitter:site\" content=\"@aeronoticias\" \/>\n<meta name=\"twitter:label1\" content=\"Escrito por\" \/>\n\t<meta name=\"twitter:data1\" content=\"Redacci\u00f3n Aeronoticias\" \/>\n\t<meta name=\"twitter:label2\" content=\"Tiempo de lectura\" \/>\n\t<meta name=\"twitter:data2\" content=\"1 minuto\" \/>\n<script type=\"application\/ld+json\" class=\"yoast-schema-graph\">{\"@context\":\"https:\/\/schema.org\",\"@graph\":[{\"@type\":\"WebPage\",\"@id\":\"https:\/\/aeronoticias.com.pe\/noticiero\/27\/descubre-por-que-apple-lanzara-un-iphone-dorado\/\",\"url\":\"https:\/\/aeronoticias.com.pe\/noticiero\/27\/descubre-por-que-apple-lanzara-un-iphone-dorado\/\",\"name\":\"Descubre por qu\u00e9 Apple lanzar\u00e1 un iPhone dorado\",\"isPartOf\":{\"@id\":\"https:\/\/aeronoticias.com.pe\/noticiero\/#website\"},\"datePublished\":\"2013-08-23T22:52:49+00:00\",\"author\":{\"@id\":\"https:\/\/aeronoticias.com.pe\/noticiero\/#\/schema\/person\/fc1e5d578f4b62ba1cf7ac2bba1170a0\"},\"description\":\"Portal de noticias del Per\u00fa sobre el transporte a\u00e9reo, aviaci\u00f3n, turismo, hoteleria, actualidad.\",\"breadcrumb\":{\"@id\":\"https:\/\/aeronoticias.com.pe\/noticiero\/27\/descubre-por-que-apple-lanzara-un-iphone-dorado\/#breadcrumb\"},\"inLanguage\":\"es\",\"potentialAction\":[{\"@type\":\"ReadAction\",\"target\":[\"https:\/\/aeronoticias.com.pe\/noticiero\/27\/descubre-por-que-apple-lanzara-un-iphone-dorado\/\"]}]},{\"@type\":\"BreadcrumbList\",\"@id\":\"https:\/\/aeronoticias.com.pe\/noticiero\/27\/descubre-por-que-apple-lanzara-un-iphone-dorado\/#breadcrumb\",\"itemListElement\":[{\"@type\":\"ListItem\",\"position\":1,\"name\":\"Portada\",\"item\":\"https:\/\/aeronoticias.com.pe\/noticiero\/\"},{\"@type\":\"ListItem\",\"position\":2,\"name\":\"Descubre por qu\u00e9 Apple lanzar\u00e1 un iPhone dorado\"}]},{\"@type\":\"WebSite\",\"@id\":\"https:\/\/aeronoticias.com.pe\/noticiero\/#website\",\"url\":\"https:\/\/aeronoticias.com.pe\/noticiero\/\",\"name\":\"Aeronoticias.com.pe\",\"description\":\"Noticias de tranporte aereo, turismo, hoteles, gastronomia, actualidad, internacional\",\"potentialAction\":[{\"@type\":\"SearchAction\",\"target\":{\"@type\":\"EntryPoint\",\"urlTemplate\":\"https:\/\/aeronoticias.com.pe\/noticiero\/?s={search_term_string}\"},\"query-input\":{\"@type\":\"PropertyValueSpecification\",\"valueRequired\":true,\"valueName\":\"search_term_string\"}}],\"inLanguage\":\"es\"},{\"@type\":\"Person\",\"@id\":\"https:\/\/aeronoticias.com.pe\/noticiero\/#\/schema\/person\/fc1e5d578f4b62ba1cf7ac2bba1170a0\",\"name\":\"Redacci\u00f3n Aeronoticias\",\"url\":\"https:\/\/aeronoticias.com.pe\/noticiero\/author\/piloto\/\"}]}<\/script>\n<!-- \/ Yoast SEO plugin. -->","yoast_head_json":{"title":"Descubre por qu\u00e9 Apple lanzar\u00e1 un iPhone dorado","description":"Portal de noticias del Per\u00fa sobre el transporte a\u00e9reo, aviaci\u00f3n, turismo, hoteleria, actualidad.","robots":{"index":"index","follow":"follow","max-snippet":"max-snippet:-1","max-image-preview":"max-image-preview:large","max-video-preview":"max-video-preview:-1"},"canonical":"https:\/\/aeronoticias.com.pe\/noticiero\/27\/descubre-por-que-apple-lanzara-un-iphone-dorado\/","og_locale":"es_ES","og_type":"article","og_title":"Descubre por qu\u00e9 Apple lanzar\u00e1 un iPhone dorado","og_description":"Portal de noticias del Per\u00fa sobre el transporte a\u00e9reo, aviaci\u00f3n, turismo, hoteleria, actualidad.","og_url":"https:\/\/aeronoticias.com.pe\/noticiero\/27\/descubre-por-que-apple-lanzara-un-iphone-dorado\/","og_site_name":"Aeronoticias.com.pe","article_publisher":"https:\/\/www.facebook.com\/Aeronoticias.com.pe\/","article_published_time":"2013-08-23T22:52:49+00:00","author":"Redacci\u00f3n Aeronoticias","twitter_card":"summary_large_image","twitter_creator":"@aeronoticias","twitter_site":"@aeronoticias","twitter_misc":{"Escrito por":"Redacci\u00f3n Aeronoticias","Tiempo de lectura":"1 minuto"},"schema":{"@context":"https:\/\/schema.org","@graph":[{"@type":"WebPage","@id":"https:\/\/aeronoticias.com.pe\/noticiero\/27\/descubre-por-que-apple-lanzara-un-iphone-dorado\/","url":"https:\/\/aeronoticias.com.pe\/noticiero\/27\/descubre-por-que-apple-lanzara-un-iphone-dorado\/","name":"Descubre por qu\u00e9 Apple lanzar\u00e1 un iPhone dorado","isPartOf":{"@id":"https:\/\/aeronoticias.com.pe\/noticiero\/#website"},"datePublished":"2013-08-23T22:52:49+00:00","author":{"@id":"https:\/\/aeronoticias.com.pe\/noticiero\/#\/schema\/person\/fc1e5d578f4b62ba1cf7ac2bba1170a0"},"description":"Portal de noticias del Per\u00fa sobre el transporte a\u00e9reo, aviaci\u00f3n, turismo, hoteleria, actualidad.","breadcrumb":{"@id":"https:\/\/aeronoticias.com.pe\/noticiero\/27\/descubre-por-que-apple-lanzara-un-iphone-dorado\/#breadcrumb"},"inLanguage":"es","potentialAction":[{"@type":"ReadAction","target":["https:\/\/aeronoticias.com.pe\/noticiero\/27\/descubre-por-que-apple-lanzara-un-iphone-dorado\/"]}]},{"@type":"BreadcrumbList","@id":"https:\/\/aeronoticias.com.pe\/noticiero\/27\/descubre-por-que-apple-lanzara-un-iphone-dorado\/#breadcrumb","itemListElement":[{"@type":"ListItem","position":1,"name":"Portada","item":"https:\/\/aeronoticias.com.pe\/noticiero\/"},{"@type":"ListItem","position":2,"name":"Descubre por qu\u00e9 Apple lanzar\u00e1 un iPhone dorado"}]},{"@type":"WebSite","@id":"https:\/\/aeronoticias.com.pe\/noticiero\/#website","url":"https:\/\/aeronoticias.com.pe\/noticiero\/","name":"Aeronoticias.com.pe","description":"Noticias de tranporte aereo, turismo, hoteles, gastronomia, actualidad, internacional","potentialAction":[{"@type":"SearchAction","target":{"@type":"EntryPoint","urlTemplate":"https:\/\/aeronoticias.com.pe\/noticiero\/?s={search_term_string}"},"query-input":{"@type":"PropertyValueSpecification","valueRequired":true,"valueName":"search_term_string"}}],"inLanguage":"es"},{"@type":"Person","@id":"https:\/\/aeronoticias.com.pe\/noticiero\/#\/schema\/person\/fc1e5d578f4b62ba1cf7ac2bba1170a0","name":"Redacci\u00f3n Aeronoticias","url":"https:\/\/aeronoticias.com.pe\/noticiero\/author\/piloto\/"}]}},"_links":{"self":[{"href":"https:\/\/aeronoticias.com.pe\/noticiero\/wp-json\/wp\/v2\/posts\/39648","targetHints":{"allow":["GET"]}}],"collection":[{"href":"https:\/\/aeronoticias.com.pe\/noticiero\/wp-json\/wp\/v2\/posts"}],"about":[{"href":"https:\/\/aeronoticias.com.pe\/noticiero\/wp-json\/wp\/v2\/types\/post"}],"author":[{"embeddable":true,"href":"https:\/\/aeronoticias.com.pe\/noticiero\/wp-json\/wp\/v2\/users\/1"}],"replies":[{"embeddable":true,"href":"https:\/\/aeronoticias.com.pe\/noticiero\/wp-json\/wp\/v2\/comments?post=39648"}],"version-history":[{"count":0,"href":"https:\/\/aeronoticias.com.pe\/noticiero\/wp-json\/wp\/v2\/posts\/39648\/revisions"}],"wp:attachment":[{"href":"https:\/\/aeronoticias.com.pe\/noticiero\/wp-json\/wp\/v2\/media?parent=39648"}],"wp:term":[{"taxonomy":"category","embeddable":true,"href":"https:\/\/aeronoticias.com.pe\/noticiero\/wp-json\/wp\/v2\/categories?post=39648"},{"taxonomy":"post_tag","embeddable":true,"href":"https:\/\/aeronoticias.com.pe\/noticiero\/wp-json\/wp\/v2\/tags?post=39648"}],"curies":[{"name":"wp","href":"https:\/\/api.w.org\/{rel}","templated":true}]}}