{"id":39657,"date":"2013-08-24T17:12:38","date_gmt":"2013-08-24T17:12:38","guid":{"rendered":"http:\/\/desarrollo.mcvicious.com\/aero2020\/2013\/08\/24\/pasco-festival-huayllay-2013-espera-recibir-a-40-mil-visitantes\/"},"modified":"2013-08-24T17:12:38","modified_gmt":"2013-08-24T17:12:38","slug":"pasco-festival-huayllay-2013-espera-recibir-a-40-mil-visitantes","status":"publish","type":"post","link":"https:\/\/aeronoticias.com.pe\/noticiero\/turismo\/13\/pasco-festival-huayllay-2013-espera-recibir-a-40-mil-visitantes\/","title":{"rendered":"Pasco: Festival Huayllay 2013 espera recibir a 40 mil visitantes"},"content":{"rendered":"<p style=\"text-align: justify;\"><strong>(Aeronoticias).-<\/strong> El Festival Huayllay XVII Rural Tour 2013 espera el arribo de alrededor de 40 mil turistas, estim\u00f3 Rodolfo Rojas Villanueva, Director de Comercio Exterior y Turismo (Dircetur-Pasco).<\/p>\n<p style=\"text-align: justify;\">Se\u00f1al\u00f3 que este festival se constituye en uno de los m\u00e1s grandes de la regi\u00f3n del centro, que tendr\u00e1 inicio el viernes 6 de setiembre.<\/p>\n<p style=\"text-align: justify;\">\u00a0<\/p>\n<p>  <!--more-->  <\/p>\n<p>\u00a0<\/p>\n<p style=\"text-align: justify;\"><span style=\"line-height: 1.3em;\">Rojas Villanueva manifest\u00f3 que se desarrollar\u00e1n diversas actividades como el turismo de aventura, m\u00edstico, vivencial, minero y rural.<\/span><\/p>\n<p style=\"text-align: justify;\">Los visitantes podr\u00e1n participar de diversas actividades como lectura de quipus, caminatas, recorrido por las aguas termos medicinales \u201cLa Calera\u201d, rodeo andino, elecci\u00f3n y coronaci\u00f3n de la \u201cSe\u00f1orita Rural Tour 2013\u201d y una marat\u00f3n de 21 Kil\u00f3metros.<\/p>\n<p style=\"text-align: justify;\">Tambi\u00e9n estar\u00e1 presente la gastronom\u00eda como la pachamanca y platos t\u00edpicos de la zona. As\u00ed como concursos de danzas donde participar\u00e1n escolares de nivel secundario.<\/p>\n<p style=\"text-align: justify;\">Adem\u00e1s se han programado visitas guidas al centro minero Anim\u00f3n y los restos coloniales de San Carlos, escalamiento de rocas y concurso tradicional de llamas.<\/p>\n<p style=\"text-align: justify;\">Tambi\u00e9n se har\u00e1 la presentaci\u00f3n de la Herranza Andina, reconocida recientemente como Patrimonio Cultural Inmaterial de la Naci\u00f3n.<\/p>\n<p>Con informaci\u00f3n de <strong>Andina<\/p>\n<p><img decoding=\"async\" src=\"images\/stories\/13\/08\/240813\/pasco.jpg\" border=\"0\" alt=\"Pasco: Festival Huayllay 2013 espera recibir a 40 mil visitantes\" title=\"Pasco: Festival Huayllay 2013 espera recibir a 40 mil visitantes\" \/><br \/><\/strong><\/p>\n<p>\u00a0<\/p>\n","protected":false},"excerpt":{"rendered":"<p>(Aeronoticias).- El Festival Huayllay XVII Rural Tour 2013 espera el arribo de alrededor de 40 mil turistas, estim\u00f3 Rodolfo Rojas Villanueva, Director de Comercio Exterior y Turismo (Dircetur-Pasco). Se\u00f1al\u00f3 que este festival se constituye en uno de los m\u00e1s grandes de la regi\u00f3n del centro, que tendr\u00e1 inicio el viernes 6 de setiembre. \u00a0<\/p>\n","protected":false},"author":1,"featured_media":0,"comment_status":"open","ping_status":"open","sticky":false,"template":"","format":"standard","meta":{"tdm_status":"","tdm_grid_status":"","footnotes":""},"categories":[31],"tags":[],"class_list":{"0":"post-39657","1":"post","2":"type-post","3":"status-publish","4":"format-standard","6":"category-31"},"yoast_head":"<!-- This site is optimized with the Yoast SEO plugin v25.1 - https:\/\/yoast.com\/wordpress\/plugins\/seo\/ -->\n<title>Pasco: Festival Huayllay 2013 espera recibir a 40 mil visitantes<\/title>\n<meta name=\"description\" content=\"Portal de noticias del Per\u00fa sobre el transporte a\u00e9reo, aviaci\u00f3n, turismo, hoteleria, actualidad.\" \/>\n<meta name=\"robots\" content=\"index, follow, max-snippet:-1, max-image-preview:large, max-video-preview:-1\" \/>\n<link rel=\"canonical\" href=\"https:\/\/aeronoticias.com.pe\/noticiero\/turismo\/13\/pasco-festival-huayllay-2013-espera-recibir-a-40-mil-visitantes\/\" \/>\n<meta property=\"og:locale\" content=\"es_ES\" \/>\n<meta property=\"og:type\" content=\"article\" \/>\n<meta property=\"og:title\" content=\"Pasco: Festival Huayllay 2013 espera recibir a 40 mil visitantes\" \/>\n<meta property=\"og:description\" content=\"Portal de noticias del Per\u00fa sobre el transporte a\u00e9reo, aviaci\u00f3n, turismo, hoteleria, actualidad.\" \/>\n<meta property=\"og:url\" content=\"https:\/\/aeronoticias.com.pe\/noticiero\/turismo\/13\/pasco-festival-huayllay-2013-espera-recibir-a-40-mil-visitantes\/\" \/>\n<meta property=\"og:site_name\" content=\"Aeronoticias.com.pe\" \/>\n<meta property=\"article:publisher\" content=\"https:\/\/www.facebook.com\/Aeronoticias.com.pe\/\" \/>\n<meta property=\"article:published_time\" content=\"2013-08-24T17:12:38+00:00\" \/>\n<meta name=\"author\" content=\"Redacci\u00f3n Aeronoticias\" \/>\n<meta name=\"twitter:card\" content=\"summary_large_image\" \/>\n<meta name=\"twitter:creator\" content=\"@aeronoticias\" \/>\n<meta name=\"twitter:site\" content=\"@aeronoticias\" \/>\n<meta name=\"twitter:label1\" content=\"Escrito por\" \/>\n\t<meta name=\"twitter:data1\" content=\"Redacci\u00f3n Aeronoticias\" \/>\n\t<meta name=\"twitter:label2\" content=\"Tiempo de lectura\" \/>\n\t<meta name=\"twitter:data2\" content=\"1 minuto\" \/>\n<script type=\"application\/ld+json\" class=\"yoast-schema-graph\">{\"@context\":\"https:\/\/schema.org\",\"@graph\":[{\"@type\":\"WebPage\",\"@id\":\"https:\/\/aeronoticias.com.pe\/noticiero\/turismo\/13\/pasco-festival-huayllay-2013-espera-recibir-a-40-mil-visitantes\/\",\"url\":\"https:\/\/aeronoticias.com.pe\/noticiero\/turismo\/13\/pasco-festival-huayllay-2013-espera-recibir-a-40-mil-visitantes\/\",\"name\":\"Pasco: Festival Huayllay 2013 espera recibir a 40 mil visitantes\",\"isPartOf\":{\"@id\":\"https:\/\/aeronoticias.com.pe\/noticiero\/#website\"},\"datePublished\":\"2013-08-24T17:12:38+00:00\",\"author\":{\"@id\":\"https:\/\/aeronoticias.com.pe\/noticiero\/#\/schema\/person\/fc1e5d578f4b62ba1cf7ac2bba1170a0\"},\"description\":\"Portal de noticias del Per\u00fa sobre el transporte a\u00e9reo, aviaci\u00f3n, turismo, hoteleria, actualidad.\",\"breadcrumb\":{\"@id\":\"https:\/\/aeronoticias.com.pe\/noticiero\/turismo\/13\/pasco-festival-huayllay-2013-espera-recibir-a-40-mil-visitantes\/#breadcrumb\"},\"inLanguage\":\"es\",\"potentialAction\":[{\"@type\":\"ReadAction\",\"target\":[\"https:\/\/aeronoticias.com.pe\/noticiero\/turismo\/13\/pasco-festival-huayllay-2013-espera-recibir-a-40-mil-visitantes\/\"]}]},{\"@type\":\"BreadcrumbList\",\"@id\":\"https:\/\/aeronoticias.com.pe\/noticiero\/turismo\/13\/pasco-festival-huayllay-2013-espera-recibir-a-40-mil-visitantes\/#breadcrumb\",\"itemListElement\":[{\"@type\":\"ListItem\",\"position\":1,\"name\":\"Portada\",\"item\":\"https:\/\/aeronoticias.com.pe\/noticiero\/\"},{\"@type\":\"ListItem\",\"position\":2,\"name\":\"Pasco: Festival Huayllay 2013 espera recibir a 40 mil visitantes\"}]},{\"@type\":\"WebSite\",\"@id\":\"https:\/\/aeronoticias.com.pe\/noticiero\/#website\",\"url\":\"https:\/\/aeronoticias.com.pe\/noticiero\/\",\"name\":\"Aeronoticias.com.pe\",\"description\":\"Noticias de tranporte aereo, turismo, hoteles, gastronomia, actualidad, internacional\",\"potentialAction\":[{\"@type\":\"SearchAction\",\"target\":{\"@type\":\"EntryPoint\",\"urlTemplate\":\"https:\/\/aeronoticias.com.pe\/noticiero\/?s={search_term_string}\"},\"query-input\":{\"@type\":\"PropertyValueSpecification\",\"valueRequired\":true,\"valueName\":\"search_term_string\"}}],\"inLanguage\":\"es\"},{\"@type\":\"Person\",\"@id\":\"https:\/\/aeronoticias.com.pe\/noticiero\/#\/schema\/person\/fc1e5d578f4b62ba1cf7ac2bba1170a0\",\"name\":\"Redacci\u00f3n Aeronoticias\",\"url\":\"https:\/\/aeronoticias.com.pe\/noticiero\/author\/piloto\/\"}]}<\/script>\n<!-- \/ Yoast SEO plugin. -->","yoast_head_json":{"title":"Pasco: Festival Huayllay 2013 espera recibir a 40 mil visitantes","description":"Portal de noticias del Per\u00fa sobre el transporte a\u00e9reo, aviaci\u00f3n, turismo, hoteleria, actualidad.","robots":{"index":"index","follow":"follow","max-snippet":"max-snippet:-1","max-image-preview":"max-image-preview:large","max-video-preview":"max-video-preview:-1"},"canonical":"https:\/\/aeronoticias.com.pe\/noticiero\/turismo\/13\/pasco-festival-huayllay-2013-espera-recibir-a-40-mil-visitantes\/","og_locale":"es_ES","og_type":"article","og_title":"Pasco: Festival Huayllay 2013 espera recibir a 40 mil visitantes","og_description":"Portal de noticias del Per\u00fa sobre el transporte a\u00e9reo, aviaci\u00f3n, turismo, hoteleria, actualidad.","og_url":"https:\/\/aeronoticias.com.pe\/noticiero\/turismo\/13\/pasco-festival-huayllay-2013-espera-recibir-a-40-mil-visitantes\/","og_site_name":"Aeronoticias.com.pe","article_publisher":"https:\/\/www.facebook.com\/Aeronoticias.com.pe\/","article_published_time":"2013-08-24T17:12:38+00:00","author":"Redacci\u00f3n Aeronoticias","twitter_card":"summary_large_image","twitter_creator":"@aeronoticias","twitter_site":"@aeronoticias","twitter_misc":{"Escrito por":"Redacci\u00f3n Aeronoticias","Tiempo de lectura":"1 minuto"},"schema":{"@context":"https:\/\/schema.org","@graph":[{"@type":"WebPage","@id":"https:\/\/aeronoticias.com.pe\/noticiero\/turismo\/13\/pasco-festival-huayllay-2013-espera-recibir-a-40-mil-visitantes\/","url":"https:\/\/aeronoticias.com.pe\/noticiero\/turismo\/13\/pasco-festival-huayllay-2013-espera-recibir-a-40-mil-visitantes\/","name":"Pasco: Festival Huayllay 2013 espera recibir a 40 mil visitantes","isPartOf":{"@id":"https:\/\/aeronoticias.com.pe\/noticiero\/#website"},"datePublished":"2013-08-24T17:12:38+00:00","author":{"@id":"https:\/\/aeronoticias.com.pe\/noticiero\/#\/schema\/person\/fc1e5d578f4b62ba1cf7ac2bba1170a0"},"description":"Portal de noticias del Per\u00fa sobre el transporte a\u00e9reo, aviaci\u00f3n, turismo, hoteleria, actualidad.","breadcrumb":{"@id":"https:\/\/aeronoticias.com.pe\/noticiero\/turismo\/13\/pasco-festival-huayllay-2013-espera-recibir-a-40-mil-visitantes\/#breadcrumb"},"inLanguage":"es","potentialAction":[{"@type":"ReadAction","target":["https:\/\/aeronoticias.com.pe\/noticiero\/turismo\/13\/pasco-festival-huayllay-2013-espera-recibir-a-40-mil-visitantes\/"]}]},{"@type":"BreadcrumbList","@id":"https:\/\/aeronoticias.com.pe\/noticiero\/turismo\/13\/pasco-festival-huayllay-2013-espera-recibir-a-40-mil-visitantes\/#breadcrumb","itemListElement":[{"@type":"ListItem","position":1,"name":"Portada","item":"https:\/\/aeronoticias.com.pe\/noticiero\/"},{"@type":"ListItem","position":2,"name":"Pasco: Festival Huayllay 2013 espera recibir a 40 mil visitantes"}]},{"@type":"WebSite","@id":"https:\/\/aeronoticias.com.pe\/noticiero\/#website","url":"https:\/\/aeronoticias.com.pe\/noticiero\/","name":"Aeronoticias.com.pe","description":"Noticias de tranporte aereo, turismo, hoteles, gastronomia, actualidad, internacional","potentialAction":[{"@type":"SearchAction","target":{"@type":"EntryPoint","urlTemplate":"https:\/\/aeronoticias.com.pe\/noticiero\/?s={search_term_string}"},"query-input":{"@type":"PropertyValueSpecification","valueRequired":true,"valueName":"search_term_string"}}],"inLanguage":"es"},{"@type":"Person","@id":"https:\/\/aeronoticias.com.pe\/noticiero\/#\/schema\/person\/fc1e5d578f4b62ba1cf7ac2bba1170a0","name":"Redacci\u00f3n Aeronoticias","url":"https:\/\/aeronoticias.com.pe\/noticiero\/author\/piloto\/"}]}},"_links":{"self":[{"href":"https:\/\/aeronoticias.com.pe\/noticiero\/wp-json\/wp\/v2\/posts\/39657","targetHints":{"allow":["GET"]}}],"collection":[{"href":"https:\/\/aeronoticias.com.pe\/noticiero\/wp-json\/wp\/v2\/posts"}],"about":[{"href":"https:\/\/aeronoticias.com.pe\/noticiero\/wp-json\/wp\/v2\/types\/post"}],"author":[{"embeddable":true,"href":"https:\/\/aeronoticias.com.pe\/noticiero\/wp-json\/wp\/v2\/users\/1"}],"replies":[{"embeddable":true,"href":"https:\/\/aeronoticias.com.pe\/noticiero\/wp-json\/wp\/v2\/comments?post=39657"}],"version-history":[{"count":0,"href":"https:\/\/aeronoticias.com.pe\/noticiero\/wp-json\/wp\/v2\/posts\/39657\/revisions"}],"wp:attachment":[{"href":"https:\/\/aeronoticias.com.pe\/noticiero\/wp-json\/wp\/v2\/media?parent=39657"}],"wp:term":[{"taxonomy":"category","embeddable":true,"href":"https:\/\/aeronoticias.com.pe\/noticiero\/wp-json\/wp\/v2\/categories?post=39657"},{"taxonomy":"post_tag","embeddable":true,"href":"https:\/\/aeronoticias.com.pe\/noticiero\/wp-json\/wp\/v2\/tags?post=39657"}],"curies":[{"name":"wp","href":"https:\/\/api.w.org\/{rel}","templated":true}]}}