{"id":39865,"date":"2013-08-31T05:16:21","date_gmt":"2013-08-31T05:16:21","guid":{"rendered":"http:\/\/desarrollo.mcvicious.com\/aero2020\/2013\/08\/31\/el-boton-de-encendido-del-sony-xperia-z1-visto-al-detalle\/"},"modified":"2013-08-31T05:16:21","modified_gmt":"2013-08-31T05:16:21","slug":"el-boton-de-encendido-del-sony-xperia-z1-visto-al-detalle","status":"publish","type":"post","link":"https:\/\/aeronoticias.com.pe\/noticiero\/27\/el-boton-de-encendido-del-sony-xperia-z1-visto-al-detalle\/","title":{"rendered":"El bot\u00f3n de encendido del Sony Xperia Z1 visto al detalle"},"content":{"rendered":"<p style=\"text-align: justify;\"><strong>(Aeronoticias)<\/strong>.-\u00a0Con esta nueva imagen es de suponer que la compa\u00f1\u00eda japonesa intenta dejar claro que el Sony Xperia Z1 mantendr\u00e1 el dise\u00f1o habitual de sus \u00faltimos dispositivos, algo por otro lado que era de esperar. Adem\u00e1s, esto tambi\u00e9n permite que se contin\u00fae hablando del modelo que ser\u00e1 presentado el d\u00eda 4 de septiembre en Berl\u00edn.<\/p>\n<p style=\"text-align: justify;\">Por lo tanto, y como se puede ver en la fotograf\u00eda que dejamos tras este p\u00e1rrafo, el material de fabricaci\u00f3n que se ha utilizado con el bot\u00f3n es el metal (lo normal, es que concretamente sea aluminio), por lo que dotar\u00e1 de un aspecto bastante atractivo al Sony Xperia Z1. Esto se consigue mediante la combinaci\u00f3n con las carcasas negra, blanca y violeta -que son los colores que se espera que tenga este terminal en un primer momento.<\/p>\n<p style=\"text-align: justify;\">Tambi\u00e9n queda bastante claro que este bot\u00f3n redondeado mantiene el dise\u00f1o propio de Sony denominado OmniBalance, que se estren\u00f3 con el Xperia Z. Este, permite que, gracias a que sobresale un poco en el lateral del dispositivo, se pueda saber en todo momento en qu\u00e9 posici\u00f3n se est\u00e1 agarrando el tel\u00e9fono -aunque no se est\u00e9 viendo el terminal.<\/p>\n<p style=\"text-align: justify;\">Con informaci\u00f3n de <strong style=\"line-height: 1.3em;\"><em>Android<\/em><\/strong>.<\/p>\n<p style=\"text-align: justify;\"><img decoding=\"async\" src=\"images\/stories\/13\/08\/300813\/so.jpg\" border=\"0\" \/><\/p>\n","protected":false},"excerpt":{"rendered":"<p>(Aeronoticias).-\u00a0Con esta nueva imagen es de suponer que la compa\u00f1\u00eda japonesa intenta dejar claro que el Sony Xperia Z1 mantendr\u00e1 el dise\u00f1o habitual de sus \u00faltimos dispositivos, algo por otro lado que era de esperar. Adem\u00e1s, esto tambi\u00e9n permite que se contin\u00fae hablando del modelo que ser\u00e1 presentado el d\u00eda 4 de septiembre en Berl\u00edn. [&hellip;]<\/p>\n","protected":false},"author":1,"featured_media":0,"comment_status":"open","ping_status":"open","sticky":false,"template":"","format":"standard","meta":{"tdm_status":"","tdm_grid_status":"","footnotes":""},"categories":[35],"tags":[],"class_list":{"0":"post-39865","1":"post","2":"type-post","3":"status-publish","4":"format-standard","6":"category-35"},"yoast_head":"<!-- This site is optimized with the Yoast SEO plugin v25.1 - https:\/\/yoast.com\/wordpress\/plugins\/seo\/ -->\n<title>El bot\u00f3n de encendido del Sony Xperia Z1 visto al detalle<\/title>\n<meta name=\"description\" content=\"Portal de noticias del Per\u00fa sobre el transporte a\u00e9reo, aviaci\u00f3n, turismo, hoteleria, actualidad.\" \/>\n<meta name=\"robots\" content=\"index, follow, max-snippet:-1, max-image-preview:large, max-video-preview:-1\" \/>\n<link rel=\"canonical\" href=\"https:\/\/aeronoticias.com.pe\/noticiero\/27\/el-boton-de-encendido-del-sony-xperia-z1-visto-al-detalle\/\" \/>\n<meta property=\"og:locale\" content=\"es_ES\" \/>\n<meta property=\"og:type\" content=\"article\" \/>\n<meta property=\"og:title\" content=\"El bot\u00f3n de encendido del Sony Xperia Z1 visto al detalle\" \/>\n<meta property=\"og:description\" content=\"Portal de noticias del Per\u00fa sobre el transporte a\u00e9reo, aviaci\u00f3n, turismo, hoteleria, actualidad.\" \/>\n<meta property=\"og:url\" content=\"https:\/\/aeronoticias.com.pe\/noticiero\/27\/el-boton-de-encendido-del-sony-xperia-z1-visto-al-detalle\/\" \/>\n<meta property=\"og:site_name\" content=\"Aeronoticias.com.pe\" \/>\n<meta property=\"article:publisher\" content=\"https:\/\/www.facebook.com\/Aeronoticias.com.pe\/\" \/>\n<meta property=\"article:published_time\" content=\"2013-08-31T05:16:21+00:00\" \/>\n<meta name=\"author\" content=\"Redacci\u00f3n Aeronoticias\" \/>\n<meta name=\"twitter:card\" content=\"summary_large_image\" \/>\n<meta name=\"twitter:creator\" content=\"@aeronoticias\" \/>\n<meta name=\"twitter:site\" content=\"@aeronoticias\" \/>\n<meta name=\"twitter:label1\" content=\"Escrito por\" \/>\n\t<meta name=\"twitter:data1\" content=\"Redacci\u00f3n Aeronoticias\" \/>\n\t<meta name=\"twitter:label2\" content=\"Tiempo de lectura\" \/>\n\t<meta name=\"twitter:data2\" content=\"1 minuto\" \/>\n<script type=\"application\/ld+json\" class=\"yoast-schema-graph\">{\"@context\":\"https:\/\/schema.org\",\"@graph\":[{\"@type\":\"WebPage\",\"@id\":\"https:\/\/aeronoticias.com.pe\/noticiero\/27\/el-boton-de-encendido-del-sony-xperia-z1-visto-al-detalle\/\",\"url\":\"https:\/\/aeronoticias.com.pe\/noticiero\/27\/el-boton-de-encendido-del-sony-xperia-z1-visto-al-detalle\/\",\"name\":\"El bot\u00f3n de encendido del Sony Xperia Z1 visto al detalle\",\"isPartOf\":{\"@id\":\"https:\/\/aeronoticias.com.pe\/noticiero\/#website\"},\"datePublished\":\"2013-08-31T05:16:21+00:00\",\"author\":{\"@id\":\"https:\/\/aeronoticias.com.pe\/noticiero\/#\/schema\/person\/fc1e5d578f4b62ba1cf7ac2bba1170a0\"},\"description\":\"Portal de noticias del Per\u00fa sobre el transporte a\u00e9reo, aviaci\u00f3n, turismo, hoteleria, actualidad.\",\"breadcrumb\":{\"@id\":\"https:\/\/aeronoticias.com.pe\/noticiero\/27\/el-boton-de-encendido-del-sony-xperia-z1-visto-al-detalle\/#breadcrumb\"},\"inLanguage\":\"es\",\"potentialAction\":[{\"@type\":\"ReadAction\",\"target\":[\"https:\/\/aeronoticias.com.pe\/noticiero\/27\/el-boton-de-encendido-del-sony-xperia-z1-visto-al-detalle\/\"]}]},{\"@type\":\"BreadcrumbList\",\"@id\":\"https:\/\/aeronoticias.com.pe\/noticiero\/27\/el-boton-de-encendido-del-sony-xperia-z1-visto-al-detalle\/#breadcrumb\",\"itemListElement\":[{\"@type\":\"ListItem\",\"position\":1,\"name\":\"Portada\",\"item\":\"https:\/\/aeronoticias.com.pe\/noticiero\/\"},{\"@type\":\"ListItem\",\"position\":2,\"name\":\"El bot\u00f3n de encendido del Sony Xperia Z1 visto al detalle\"}]},{\"@type\":\"WebSite\",\"@id\":\"https:\/\/aeronoticias.com.pe\/noticiero\/#website\",\"url\":\"https:\/\/aeronoticias.com.pe\/noticiero\/\",\"name\":\"Aeronoticias.com.pe\",\"description\":\"Noticias de tranporte aereo, turismo, hoteles, gastronomia, actualidad, internacional\",\"potentialAction\":[{\"@type\":\"SearchAction\",\"target\":{\"@type\":\"EntryPoint\",\"urlTemplate\":\"https:\/\/aeronoticias.com.pe\/noticiero\/?s={search_term_string}\"},\"query-input\":{\"@type\":\"PropertyValueSpecification\",\"valueRequired\":true,\"valueName\":\"search_term_string\"}}],\"inLanguage\":\"es\"},{\"@type\":\"Person\",\"@id\":\"https:\/\/aeronoticias.com.pe\/noticiero\/#\/schema\/person\/fc1e5d578f4b62ba1cf7ac2bba1170a0\",\"name\":\"Redacci\u00f3n Aeronoticias\",\"url\":\"https:\/\/aeronoticias.com.pe\/noticiero\/author\/piloto\/\"}]}<\/script>\n<!-- \/ Yoast SEO plugin. -->","yoast_head_json":{"title":"El bot\u00f3n de encendido del Sony Xperia Z1 visto al detalle","description":"Portal de noticias del Per\u00fa sobre el transporte a\u00e9reo, aviaci\u00f3n, turismo, hoteleria, actualidad.","robots":{"index":"index","follow":"follow","max-snippet":"max-snippet:-1","max-image-preview":"max-image-preview:large","max-video-preview":"max-video-preview:-1"},"canonical":"https:\/\/aeronoticias.com.pe\/noticiero\/27\/el-boton-de-encendido-del-sony-xperia-z1-visto-al-detalle\/","og_locale":"es_ES","og_type":"article","og_title":"El bot\u00f3n de encendido del Sony Xperia Z1 visto al detalle","og_description":"Portal de noticias del Per\u00fa sobre el transporte a\u00e9reo, aviaci\u00f3n, turismo, hoteleria, actualidad.","og_url":"https:\/\/aeronoticias.com.pe\/noticiero\/27\/el-boton-de-encendido-del-sony-xperia-z1-visto-al-detalle\/","og_site_name":"Aeronoticias.com.pe","article_publisher":"https:\/\/www.facebook.com\/Aeronoticias.com.pe\/","article_published_time":"2013-08-31T05:16:21+00:00","author":"Redacci\u00f3n Aeronoticias","twitter_card":"summary_large_image","twitter_creator":"@aeronoticias","twitter_site":"@aeronoticias","twitter_misc":{"Escrito por":"Redacci\u00f3n Aeronoticias","Tiempo de lectura":"1 minuto"},"schema":{"@context":"https:\/\/schema.org","@graph":[{"@type":"WebPage","@id":"https:\/\/aeronoticias.com.pe\/noticiero\/27\/el-boton-de-encendido-del-sony-xperia-z1-visto-al-detalle\/","url":"https:\/\/aeronoticias.com.pe\/noticiero\/27\/el-boton-de-encendido-del-sony-xperia-z1-visto-al-detalle\/","name":"El bot\u00f3n de encendido del Sony Xperia Z1 visto al detalle","isPartOf":{"@id":"https:\/\/aeronoticias.com.pe\/noticiero\/#website"},"datePublished":"2013-08-31T05:16:21+00:00","author":{"@id":"https:\/\/aeronoticias.com.pe\/noticiero\/#\/schema\/person\/fc1e5d578f4b62ba1cf7ac2bba1170a0"},"description":"Portal de noticias del Per\u00fa sobre el transporte a\u00e9reo, aviaci\u00f3n, turismo, hoteleria, actualidad.","breadcrumb":{"@id":"https:\/\/aeronoticias.com.pe\/noticiero\/27\/el-boton-de-encendido-del-sony-xperia-z1-visto-al-detalle\/#breadcrumb"},"inLanguage":"es","potentialAction":[{"@type":"ReadAction","target":["https:\/\/aeronoticias.com.pe\/noticiero\/27\/el-boton-de-encendido-del-sony-xperia-z1-visto-al-detalle\/"]}]},{"@type":"BreadcrumbList","@id":"https:\/\/aeronoticias.com.pe\/noticiero\/27\/el-boton-de-encendido-del-sony-xperia-z1-visto-al-detalle\/#breadcrumb","itemListElement":[{"@type":"ListItem","position":1,"name":"Portada","item":"https:\/\/aeronoticias.com.pe\/noticiero\/"},{"@type":"ListItem","position":2,"name":"El bot\u00f3n de encendido del Sony Xperia Z1 visto al detalle"}]},{"@type":"WebSite","@id":"https:\/\/aeronoticias.com.pe\/noticiero\/#website","url":"https:\/\/aeronoticias.com.pe\/noticiero\/","name":"Aeronoticias.com.pe","description":"Noticias de tranporte aereo, turismo, hoteles, gastronomia, actualidad, internacional","potentialAction":[{"@type":"SearchAction","target":{"@type":"EntryPoint","urlTemplate":"https:\/\/aeronoticias.com.pe\/noticiero\/?s={search_term_string}"},"query-input":{"@type":"PropertyValueSpecification","valueRequired":true,"valueName":"search_term_string"}}],"inLanguage":"es"},{"@type":"Person","@id":"https:\/\/aeronoticias.com.pe\/noticiero\/#\/schema\/person\/fc1e5d578f4b62ba1cf7ac2bba1170a0","name":"Redacci\u00f3n Aeronoticias","url":"https:\/\/aeronoticias.com.pe\/noticiero\/author\/piloto\/"}]}},"_links":{"self":[{"href":"https:\/\/aeronoticias.com.pe\/noticiero\/wp-json\/wp\/v2\/posts\/39865","targetHints":{"allow":["GET"]}}],"collection":[{"href":"https:\/\/aeronoticias.com.pe\/noticiero\/wp-json\/wp\/v2\/posts"}],"about":[{"href":"https:\/\/aeronoticias.com.pe\/noticiero\/wp-json\/wp\/v2\/types\/post"}],"author":[{"embeddable":true,"href":"https:\/\/aeronoticias.com.pe\/noticiero\/wp-json\/wp\/v2\/users\/1"}],"replies":[{"embeddable":true,"href":"https:\/\/aeronoticias.com.pe\/noticiero\/wp-json\/wp\/v2\/comments?post=39865"}],"version-history":[{"count":0,"href":"https:\/\/aeronoticias.com.pe\/noticiero\/wp-json\/wp\/v2\/posts\/39865\/revisions"}],"wp:attachment":[{"href":"https:\/\/aeronoticias.com.pe\/noticiero\/wp-json\/wp\/v2\/media?parent=39865"}],"wp:term":[{"taxonomy":"category","embeddable":true,"href":"https:\/\/aeronoticias.com.pe\/noticiero\/wp-json\/wp\/v2\/categories?post=39865"},{"taxonomy":"post_tag","embeddable":true,"href":"https:\/\/aeronoticias.com.pe\/noticiero\/wp-json\/wp\/v2\/tags?post=39865"}],"curies":[{"name":"wp","href":"https:\/\/api.w.org\/{rel}","templated":true}]}}