{"id":39868,"date":"2013-08-31T12:40:32","date_gmt":"2013-08-31T12:40:32","guid":{"rendered":"http:\/\/desarrollo.mcvicious.com\/aero2020\/2013\/08\/31\/unasur-expresa-su-extrema-preocupacion-y-pide-aclarar-uso-de-armas-quimicas-en-siria\/"},"modified":"2013-08-31T12:40:32","modified_gmt":"2013-08-31T12:40:32","slug":"unasur-expresa-su-extrema-preocupacion-y-pide-aclarar-uso-de-armas-quimicas-en-siria","status":"publish","type":"post","link":"https:\/\/aeronoticias.com.pe\/noticiero\/politica\/unasur-expresa-su-extrema-preocupacion-y-pide-aclarar-uso-de-armas-quimicas-en-siria\/","title":{"rendered":"Unasur expresa su \u2018extrema preocupaci\u00f3n\u2019 y pide aclarar uso de armas qu\u00edmicas en Siria"},"content":{"rendered":"<p style=\"text-align: justify;\"><span style=\"line-height: 1.3em;\"><strong>(Aeronoticias).-<\/strong> La Uni\u00f3n de Naciones Suramericanas (Unasur) demand\u00f3 este s\u00e1bado que se aclare de manera transparente e imparcial el uso de armas qu\u00edmicas en Siria, y que cese todo tipo de violencia, as\u00ed como el suministro de armas a ese pa\u00eds del oriente medio.<\/span><\/p>\n<p style=\"text-align: justify;\">En la declaraci\u00f3n de Unasur, presidida ahora por Surinam para el periodo 2013-2014, expres\u00f3 su \u00abextrema preocupaci\u00f3n\u00bb por la coyuntura en Siria, as\u00ed como su \u00abhondo pesar\u00bb por las \u00abirreparables p\u00e9rdidas de vidas humanas\u00bb.<\/p>\n<p>  <!--more-->  <\/p>\n<p style=\"text-align: justify;\">Asimismo, el organismo suramericano indic\u00f3 que \u00abel uso de armas qu\u00edmicas constituye un crimen de guerra y de lesa humanidad\u00bb, y por ello exige que se aclare el uso de estas armas.<\/p>\n<p style=\"text-align: justify;\">Tambi\u00e9n exhort\u00f3 a todas las partes involucradas en el conflicto que vive Siria, al inicio del di\u00e1logo hacia una \u00absoluci\u00f3n pac\u00edfica y negociada\u00bb.<\/p>\n<p style=\"text-align: justify;\">La s\u00e9ptima cumbre de jefes y jefas de Estado y de Gobierno de Unasur, celebrada en la capital de Surinam, tambi\u00e9n expres\u00f3 su rechazo a las intervenciones externas que sean incompatibles con la carta de las Naciones Unidas.<\/p>\n<p style=\"text-align: justify;\">Con informaci\u00f3n de <strong>Andina<\/p>\n<p><img decoding=\"async\" src=\"images\/stories\/13\/08\/310813\/unasur.jpg\" border=\"0\" alt=\"Unasur expresa su preocupaci\u00f3n y pide se aclare uso de armas qu\u00edmicas en Siria\" title=\"Unasur expresa su preocupaci\u00f3n y pide se aclare uso de armas qu\u00edmicas en Siria\" \/><br \/><\/strong><\/p>\n","protected":false},"excerpt":{"rendered":"<p>(Aeronoticias).- La Uni\u00f3n de Naciones Suramericanas (Unasur) demand\u00f3 este s\u00e1bado que se aclare de manera transparente e imparcial el uso de armas qu\u00edmicas en Siria, y que cese todo tipo de violencia, as\u00ed como el suministro de armas a ese pa\u00eds del oriente medio. En la declaraci\u00f3n de Unasur, presidida ahora por Surinam para el [&hellip;]<\/p>\n","protected":false},"author":1,"featured_media":0,"comment_status":"open","ping_status":"open","sticky":false,"template":"","format":"standard","meta":{"tdm_status":"","tdm_grid_status":"","footnotes":""},"categories":[36],"tags":[],"class_list":{"0":"post-39868","1":"post","2":"type-post","3":"status-publish","4":"format-standard","6":"category-politica"},"yoast_head":"<!-- This site is optimized with the Yoast SEO plugin v25.1 - https:\/\/yoast.com\/wordpress\/plugins\/seo\/ -->\n<title>Unasur expresa su \u2018extrema preocupaci\u00f3n\u2019 y pide aclarar uso de armas qu\u00edmicas en Siria<\/title>\n<meta name=\"description\" content=\"Portal de noticias del Per\u00fa sobre el transporte a\u00e9reo, aviaci\u00f3n, turismo, hoteleria, actualidad.\" \/>\n<meta name=\"robots\" content=\"index, follow, max-snippet:-1, max-image-preview:large, max-video-preview:-1\" \/>\n<link rel=\"canonical\" href=\"https:\/\/aeronoticias.com.pe\/noticiero\/politica\/unasur-expresa-su-extrema-preocupacion-y-pide-aclarar-uso-de-armas-quimicas-en-siria\/\" \/>\n<meta property=\"og:locale\" content=\"es_ES\" \/>\n<meta property=\"og:type\" content=\"article\" \/>\n<meta property=\"og:title\" content=\"Unasur expresa su \u2018extrema preocupaci\u00f3n\u2019 y pide aclarar uso de armas qu\u00edmicas en Siria\" \/>\n<meta property=\"og:description\" content=\"Portal de noticias del Per\u00fa sobre el transporte a\u00e9reo, aviaci\u00f3n, turismo, hoteleria, actualidad.\" \/>\n<meta property=\"og:url\" content=\"https:\/\/aeronoticias.com.pe\/noticiero\/politica\/unasur-expresa-su-extrema-preocupacion-y-pide-aclarar-uso-de-armas-quimicas-en-siria\/\" \/>\n<meta property=\"og:site_name\" content=\"Aeronoticias.com.pe\" \/>\n<meta property=\"article:publisher\" content=\"https:\/\/www.facebook.com\/Aeronoticias.com.pe\/\" \/>\n<meta property=\"article:published_time\" content=\"2013-08-31T12:40:32+00:00\" \/>\n<meta name=\"author\" content=\"Redacci\u00f3n Aeronoticias\" \/>\n<meta name=\"twitter:card\" content=\"summary_large_image\" \/>\n<meta name=\"twitter:creator\" content=\"@aeronoticias\" \/>\n<meta name=\"twitter:site\" content=\"@aeronoticias\" \/>\n<meta name=\"twitter:label1\" content=\"Escrito por\" \/>\n\t<meta name=\"twitter:data1\" content=\"Redacci\u00f3n Aeronoticias\" \/>\n\t<meta name=\"twitter:label2\" content=\"Tiempo de lectura\" \/>\n\t<meta name=\"twitter:data2\" content=\"1 minuto\" \/>\n<script type=\"application\/ld+json\" class=\"yoast-schema-graph\">{\"@context\":\"https:\/\/schema.org\",\"@graph\":[{\"@type\":\"WebPage\",\"@id\":\"https:\/\/aeronoticias.com.pe\/noticiero\/politica\/unasur-expresa-su-extrema-preocupacion-y-pide-aclarar-uso-de-armas-quimicas-en-siria\/\",\"url\":\"https:\/\/aeronoticias.com.pe\/noticiero\/politica\/unasur-expresa-su-extrema-preocupacion-y-pide-aclarar-uso-de-armas-quimicas-en-siria\/\",\"name\":\"Unasur expresa su \u2018extrema preocupaci\u00f3n\u2019 y pide aclarar uso de armas qu\u00edmicas en Siria\",\"isPartOf\":{\"@id\":\"https:\/\/aeronoticias.com.pe\/noticiero\/#website\"},\"datePublished\":\"2013-08-31T12:40:32+00:00\",\"author\":{\"@id\":\"https:\/\/aeronoticias.com.pe\/noticiero\/#\/schema\/person\/fc1e5d578f4b62ba1cf7ac2bba1170a0\"},\"description\":\"Portal de noticias del Per\u00fa sobre el transporte a\u00e9reo, aviaci\u00f3n, turismo, hoteleria, actualidad.\",\"breadcrumb\":{\"@id\":\"https:\/\/aeronoticias.com.pe\/noticiero\/politica\/unasur-expresa-su-extrema-preocupacion-y-pide-aclarar-uso-de-armas-quimicas-en-siria\/#breadcrumb\"},\"inLanguage\":\"es\",\"potentialAction\":[{\"@type\":\"ReadAction\",\"target\":[\"https:\/\/aeronoticias.com.pe\/noticiero\/politica\/unasur-expresa-su-extrema-preocupacion-y-pide-aclarar-uso-de-armas-quimicas-en-siria\/\"]}]},{\"@type\":\"BreadcrumbList\",\"@id\":\"https:\/\/aeronoticias.com.pe\/noticiero\/politica\/unasur-expresa-su-extrema-preocupacion-y-pide-aclarar-uso-de-armas-quimicas-en-siria\/#breadcrumb\",\"itemListElement\":[{\"@type\":\"ListItem\",\"position\":1,\"name\":\"Portada\",\"item\":\"https:\/\/aeronoticias.com.pe\/noticiero\/\"},{\"@type\":\"ListItem\",\"position\":2,\"name\":\"Unasur expresa su \u2018extrema preocupaci\u00f3n\u2019 y pide aclarar uso de armas qu\u00edmicas en Siria\"}]},{\"@type\":\"WebSite\",\"@id\":\"https:\/\/aeronoticias.com.pe\/noticiero\/#website\",\"url\":\"https:\/\/aeronoticias.com.pe\/noticiero\/\",\"name\":\"Aeronoticias.com.pe\",\"description\":\"Noticias de tranporte aereo, turismo, hoteles, gastronomia, actualidad, internacional\",\"potentialAction\":[{\"@type\":\"SearchAction\",\"target\":{\"@type\":\"EntryPoint\",\"urlTemplate\":\"https:\/\/aeronoticias.com.pe\/noticiero\/?s={search_term_string}\"},\"query-input\":{\"@type\":\"PropertyValueSpecification\",\"valueRequired\":true,\"valueName\":\"search_term_string\"}}],\"inLanguage\":\"es\"},{\"@type\":\"Person\",\"@id\":\"https:\/\/aeronoticias.com.pe\/noticiero\/#\/schema\/person\/fc1e5d578f4b62ba1cf7ac2bba1170a0\",\"name\":\"Redacci\u00f3n Aeronoticias\",\"url\":\"https:\/\/aeronoticias.com.pe\/noticiero\/author\/piloto\/\"}]}<\/script>\n<!-- \/ Yoast SEO plugin. -->","yoast_head_json":{"title":"Unasur expresa su \u2018extrema preocupaci\u00f3n\u2019 y pide aclarar uso de armas qu\u00edmicas en Siria","description":"Portal de noticias del Per\u00fa sobre el transporte a\u00e9reo, aviaci\u00f3n, turismo, hoteleria, actualidad.","robots":{"index":"index","follow":"follow","max-snippet":"max-snippet:-1","max-image-preview":"max-image-preview:large","max-video-preview":"max-video-preview:-1"},"canonical":"https:\/\/aeronoticias.com.pe\/noticiero\/politica\/unasur-expresa-su-extrema-preocupacion-y-pide-aclarar-uso-de-armas-quimicas-en-siria\/","og_locale":"es_ES","og_type":"article","og_title":"Unasur expresa su \u2018extrema preocupaci\u00f3n\u2019 y pide aclarar uso de armas qu\u00edmicas en Siria","og_description":"Portal de noticias del Per\u00fa sobre el transporte a\u00e9reo, aviaci\u00f3n, turismo, hoteleria, actualidad.","og_url":"https:\/\/aeronoticias.com.pe\/noticiero\/politica\/unasur-expresa-su-extrema-preocupacion-y-pide-aclarar-uso-de-armas-quimicas-en-siria\/","og_site_name":"Aeronoticias.com.pe","article_publisher":"https:\/\/www.facebook.com\/Aeronoticias.com.pe\/","article_published_time":"2013-08-31T12:40:32+00:00","author":"Redacci\u00f3n Aeronoticias","twitter_card":"summary_large_image","twitter_creator":"@aeronoticias","twitter_site":"@aeronoticias","twitter_misc":{"Escrito por":"Redacci\u00f3n Aeronoticias","Tiempo de lectura":"1 minuto"},"schema":{"@context":"https:\/\/schema.org","@graph":[{"@type":"WebPage","@id":"https:\/\/aeronoticias.com.pe\/noticiero\/politica\/unasur-expresa-su-extrema-preocupacion-y-pide-aclarar-uso-de-armas-quimicas-en-siria\/","url":"https:\/\/aeronoticias.com.pe\/noticiero\/politica\/unasur-expresa-su-extrema-preocupacion-y-pide-aclarar-uso-de-armas-quimicas-en-siria\/","name":"Unasur expresa su \u2018extrema preocupaci\u00f3n\u2019 y pide aclarar uso de armas qu\u00edmicas en Siria","isPartOf":{"@id":"https:\/\/aeronoticias.com.pe\/noticiero\/#website"},"datePublished":"2013-08-31T12:40:32+00:00","author":{"@id":"https:\/\/aeronoticias.com.pe\/noticiero\/#\/schema\/person\/fc1e5d578f4b62ba1cf7ac2bba1170a0"},"description":"Portal de noticias del Per\u00fa sobre el transporte a\u00e9reo, aviaci\u00f3n, turismo, hoteleria, actualidad.","breadcrumb":{"@id":"https:\/\/aeronoticias.com.pe\/noticiero\/politica\/unasur-expresa-su-extrema-preocupacion-y-pide-aclarar-uso-de-armas-quimicas-en-siria\/#breadcrumb"},"inLanguage":"es","potentialAction":[{"@type":"ReadAction","target":["https:\/\/aeronoticias.com.pe\/noticiero\/politica\/unasur-expresa-su-extrema-preocupacion-y-pide-aclarar-uso-de-armas-quimicas-en-siria\/"]}]},{"@type":"BreadcrumbList","@id":"https:\/\/aeronoticias.com.pe\/noticiero\/politica\/unasur-expresa-su-extrema-preocupacion-y-pide-aclarar-uso-de-armas-quimicas-en-siria\/#breadcrumb","itemListElement":[{"@type":"ListItem","position":1,"name":"Portada","item":"https:\/\/aeronoticias.com.pe\/noticiero\/"},{"@type":"ListItem","position":2,"name":"Unasur expresa su \u2018extrema preocupaci\u00f3n\u2019 y pide aclarar uso de armas qu\u00edmicas en Siria"}]},{"@type":"WebSite","@id":"https:\/\/aeronoticias.com.pe\/noticiero\/#website","url":"https:\/\/aeronoticias.com.pe\/noticiero\/","name":"Aeronoticias.com.pe","description":"Noticias de tranporte aereo, turismo, hoteles, gastronomia, actualidad, internacional","potentialAction":[{"@type":"SearchAction","target":{"@type":"EntryPoint","urlTemplate":"https:\/\/aeronoticias.com.pe\/noticiero\/?s={search_term_string}"},"query-input":{"@type":"PropertyValueSpecification","valueRequired":true,"valueName":"search_term_string"}}],"inLanguage":"es"},{"@type":"Person","@id":"https:\/\/aeronoticias.com.pe\/noticiero\/#\/schema\/person\/fc1e5d578f4b62ba1cf7ac2bba1170a0","name":"Redacci\u00f3n Aeronoticias","url":"https:\/\/aeronoticias.com.pe\/noticiero\/author\/piloto\/"}]}},"_links":{"self":[{"href":"https:\/\/aeronoticias.com.pe\/noticiero\/wp-json\/wp\/v2\/posts\/39868","targetHints":{"allow":["GET"]}}],"collection":[{"href":"https:\/\/aeronoticias.com.pe\/noticiero\/wp-json\/wp\/v2\/posts"}],"about":[{"href":"https:\/\/aeronoticias.com.pe\/noticiero\/wp-json\/wp\/v2\/types\/post"}],"author":[{"embeddable":true,"href":"https:\/\/aeronoticias.com.pe\/noticiero\/wp-json\/wp\/v2\/users\/1"}],"replies":[{"embeddable":true,"href":"https:\/\/aeronoticias.com.pe\/noticiero\/wp-json\/wp\/v2\/comments?post=39868"}],"version-history":[{"count":0,"href":"https:\/\/aeronoticias.com.pe\/noticiero\/wp-json\/wp\/v2\/posts\/39868\/revisions"}],"wp:attachment":[{"href":"https:\/\/aeronoticias.com.pe\/noticiero\/wp-json\/wp\/v2\/media?parent=39868"}],"wp:term":[{"taxonomy":"category","embeddable":true,"href":"https:\/\/aeronoticias.com.pe\/noticiero\/wp-json\/wp\/v2\/categories?post=39868"},{"taxonomy":"post_tag","embeddable":true,"href":"https:\/\/aeronoticias.com.pe\/noticiero\/wp-json\/wp\/v2\/tags?post=39868"}],"curies":[{"name":"wp","href":"https:\/\/api.w.org\/{rel}","templated":true}]}}