{"id":39869,"date":"2013-08-31T12:51:22","date_gmt":"2013-08-31T12:51:22","guid":{"rendered":"http:\/\/desarrollo.mcvicious.com\/aero2020\/2013\/08\/31\/papa-francisco-nombro-a-nuncio-de-venezuela-como-nuevo-secretario-de-estado\/"},"modified":"2013-08-31T12:51:22","modified_gmt":"2013-08-31T12:51:22","slug":"papa-francisco-nombro-a-nuncio-de-venezuela-como-nuevo-secretario-de-estado","status":"publish","type":"post","link":"https:\/\/aeronoticias.com.pe\/noticiero\/internacionales\/papa-francisco-nombro-a-nuncio-de-venezuela-como-nuevo-secretario-de-estado\/","title":{"rendered":"Papa Francisco nombr\u00f3 a nuncio de Venezuela como nuevo secretario de Estado"},"content":{"rendered":"<p style=\"text-align: justify;\"><strong>(Aeronoticias).-<\/strong> El Papa Francisco confirm\u00f3 que el nuncio apost\u00f3lico del Vaticano en Venezuela ser\u00e1 su nuevo secretario de Estado. Parol\u00edn, de 58 a\u00f1os, estuvo en Caracas a partir de 2009, despu\u00e9s de pasar siete a\u00f1os (2002-2009) trabajando en la misma secretar\u00eda que ahora conducir\u00e1, pero como Subsecretario de Relaciones Exteriores.<\/p>\n<p style=\"text-align: justify;\">\u00abDeseo expresar mi gratitud al Santo Padre, Francisco, por la infundada confianza que me est\u00e1 demostrando, y hacerle saber mi predisposici\u00f3n y completa disponibilidad para trabajar con el y bajo su gu\u00eda\u00bb, expres\u00f3 Parol\u00edn en un comunicado emitido tras hacerse oficial su nombramiento.<\/p>\n<p>  <!--more-->  <\/p>\n<p style=\"text-align: justify;\">Francisco cumple con la tradici\u00f3n de sus predecesores Juan Pablo II y Benedicto XVI, de que un papa no italiano nombra a un italiano como secretario de Estado, un cargo que equivale al de primer ministro.<\/p>\n<p style=\"text-align: justify;\">Parolin ser\u00e1 el segundo secretario de Estado m\u00e1s joven de la historia de la Santa Sede, detr\u00e1s del cardenal Eugenio Pacelli (que despu\u00e9s se convirti\u00f3 en el papa P\u00edo XI) que fue nombrado en este cargo con 53 a\u00f1os.<\/p>\n<p style=\"text-align: justify;\">Con informaci\u00f3n de <strong>Infobae.com<\/p>\n<p><img decoding=\"async\" src=\"images\/stories\/13\/08\/310813\/parolin.jpg\" border=\"0\" alt=\"Papa Francisco nombr\u00f3 a nuncio de Venezuela como nuevo secretario de Estado\" title=\"Papa Francisco nombr\u00f3 a nuncio de Venezuela como nuevo secretario de Estado\" \/><br \/><\/strong><\/p>\n<p style=\"text-align: justify;\">\u00a0<\/p>\n","protected":false},"excerpt":{"rendered":"<p>(Aeronoticias).- El Papa Francisco confirm\u00f3 que el nuncio apost\u00f3lico del Vaticano en Venezuela ser\u00e1 su nuevo secretario de Estado. Parol\u00edn, de 58 a\u00f1os, estuvo en Caracas a partir de 2009, despu\u00e9s de pasar siete a\u00f1os (2002-2009) trabajando en la misma secretar\u00eda que ahora conducir\u00e1, pero como Subsecretario de Relaciones Exteriores. \u00abDeseo expresar mi gratitud al [&hellip;]<\/p>\n","protected":false},"author":1,"featured_media":0,"comment_status":"open","ping_status":"open","sticky":false,"template":"","format":"standard","meta":{"tdm_status":"","tdm_grid_status":"","footnotes":""},"categories":[34],"tags":[],"class_list":{"0":"post-39869","1":"post","2":"type-post","3":"status-publish","4":"format-standard","6":"category-internacionales"},"yoast_head":"<!-- This site is optimized with the Yoast SEO plugin v25.1 - https:\/\/yoast.com\/wordpress\/plugins\/seo\/ -->\n<title>Papa Francisco nombr\u00f3 a nuncio de Venezuela como nuevo secretario de Estado<\/title>\n<meta name=\"description\" content=\"Portal de noticias del Per\u00fa sobre el transporte a\u00e9reo, aviaci\u00f3n, turismo, hoteleria, actualidad.\" \/>\n<meta name=\"robots\" content=\"index, follow, max-snippet:-1, max-image-preview:large, max-video-preview:-1\" \/>\n<link rel=\"canonical\" href=\"https:\/\/aeronoticias.com.pe\/noticiero\/internacionales\/papa-francisco-nombro-a-nuncio-de-venezuela-como-nuevo-secretario-de-estado\/\" \/>\n<meta property=\"og:locale\" content=\"es_ES\" \/>\n<meta property=\"og:type\" content=\"article\" \/>\n<meta property=\"og:title\" content=\"Papa Francisco nombr\u00f3 a nuncio de Venezuela como nuevo secretario de Estado\" \/>\n<meta property=\"og:description\" content=\"Portal de noticias del Per\u00fa sobre el transporte a\u00e9reo, aviaci\u00f3n, turismo, hoteleria, actualidad.\" \/>\n<meta property=\"og:url\" content=\"https:\/\/aeronoticias.com.pe\/noticiero\/internacionales\/papa-francisco-nombro-a-nuncio-de-venezuela-como-nuevo-secretario-de-estado\/\" \/>\n<meta property=\"og:site_name\" content=\"Aeronoticias.com.pe\" \/>\n<meta property=\"article:publisher\" content=\"https:\/\/www.facebook.com\/Aeronoticias.com.pe\/\" \/>\n<meta property=\"article:published_time\" content=\"2013-08-31T12:51:22+00:00\" \/>\n<meta name=\"author\" content=\"Redacci\u00f3n Aeronoticias\" \/>\n<meta name=\"twitter:card\" content=\"summary_large_image\" \/>\n<meta name=\"twitter:creator\" content=\"@aeronoticias\" \/>\n<meta name=\"twitter:site\" content=\"@aeronoticias\" \/>\n<meta name=\"twitter:label1\" content=\"Escrito por\" \/>\n\t<meta name=\"twitter:data1\" content=\"Redacci\u00f3n Aeronoticias\" \/>\n\t<meta name=\"twitter:label2\" content=\"Tiempo de lectura\" \/>\n\t<meta name=\"twitter:data2\" content=\"1 minuto\" \/>\n<script type=\"application\/ld+json\" class=\"yoast-schema-graph\">{\"@context\":\"https:\/\/schema.org\",\"@graph\":[{\"@type\":\"WebPage\",\"@id\":\"https:\/\/aeronoticias.com.pe\/noticiero\/internacionales\/papa-francisco-nombro-a-nuncio-de-venezuela-como-nuevo-secretario-de-estado\/\",\"url\":\"https:\/\/aeronoticias.com.pe\/noticiero\/internacionales\/papa-francisco-nombro-a-nuncio-de-venezuela-como-nuevo-secretario-de-estado\/\",\"name\":\"Papa Francisco nombr\u00f3 a nuncio de Venezuela como nuevo secretario de Estado\",\"isPartOf\":{\"@id\":\"https:\/\/aeronoticias.com.pe\/noticiero\/#website\"},\"datePublished\":\"2013-08-31T12:51:22+00:00\",\"author\":{\"@id\":\"https:\/\/aeronoticias.com.pe\/noticiero\/#\/schema\/person\/fc1e5d578f4b62ba1cf7ac2bba1170a0\"},\"description\":\"Portal de noticias del Per\u00fa sobre el transporte a\u00e9reo, aviaci\u00f3n, turismo, hoteleria, actualidad.\",\"breadcrumb\":{\"@id\":\"https:\/\/aeronoticias.com.pe\/noticiero\/internacionales\/papa-francisco-nombro-a-nuncio-de-venezuela-como-nuevo-secretario-de-estado\/#breadcrumb\"},\"inLanguage\":\"es\",\"potentialAction\":[{\"@type\":\"ReadAction\",\"target\":[\"https:\/\/aeronoticias.com.pe\/noticiero\/internacionales\/papa-francisco-nombro-a-nuncio-de-venezuela-como-nuevo-secretario-de-estado\/\"]}]},{\"@type\":\"BreadcrumbList\",\"@id\":\"https:\/\/aeronoticias.com.pe\/noticiero\/internacionales\/papa-francisco-nombro-a-nuncio-de-venezuela-como-nuevo-secretario-de-estado\/#breadcrumb\",\"itemListElement\":[{\"@type\":\"ListItem\",\"position\":1,\"name\":\"Portada\",\"item\":\"https:\/\/aeronoticias.com.pe\/noticiero\/\"},{\"@type\":\"ListItem\",\"position\":2,\"name\":\"Papa Francisco nombr\u00f3 a nuncio de Venezuela como nuevo secretario de Estado\"}]},{\"@type\":\"WebSite\",\"@id\":\"https:\/\/aeronoticias.com.pe\/noticiero\/#website\",\"url\":\"https:\/\/aeronoticias.com.pe\/noticiero\/\",\"name\":\"Aeronoticias.com.pe\",\"description\":\"Noticias de tranporte aereo, turismo, hoteles, gastronomia, actualidad, internacional\",\"potentialAction\":[{\"@type\":\"SearchAction\",\"target\":{\"@type\":\"EntryPoint\",\"urlTemplate\":\"https:\/\/aeronoticias.com.pe\/noticiero\/?s={search_term_string}\"},\"query-input\":{\"@type\":\"PropertyValueSpecification\",\"valueRequired\":true,\"valueName\":\"search_term_string\"}}],\"inLanguage\":\"es\"},{\"@type\":\"Person\",\"@id\":\"https:\/\/aeronoticias.com.pe\/noticiero\/#\/schema\/person\/fc1e5d578f4b62ba1cf7ac2bba1170a0\",\"name\":\"Redacci\u00f3n Aeronoticias\",\"url\":\"https:\/\/aeronoticias.com.pe\/noticiero\/author\/piloto\/\"}]}<\/script>\n<!-- \/ Yoast SEO plugin. -->","yoast_head_json":{"title":"Papa Francisco nombr\u00f3 a nuncio de Venezuela como nuevo secretario de Estado","description":"Portal de noticias del Per\u00fa sobre el transporte a\u00e9reo, aviaci\u00f3n, turismo, hoteleria, actualidad.","robots":{"index":"index","follow":"follow","max-snippet":"max-snippet:-1","max-image-preview":"max-image-preview:large","max-video-preview":"max-video-preview:-1"},"canonical":"https:\/\/aeronoticias.com.pe\/noticiero\/internacionales\/papa-francisco-nombro-a-nuncio-de-venezuela-como-nuevo-secretario-de-estado\/","og_locale":"es_ES","og_type":"article","og_title":"Papa Francisco nombr\u00f3 a nuncio de Venezuela como nuevo secretario de Estado","og_description":"Portal de noticias del Per\u00fa sobre el transporte a\u00e9reo, aviaci\u00f3n, turismo, hoteleria, actualidad.","og_url":"https:\/\/aeronoticias.com.pe\/noticiero\/internacionales\/papa-francisco-nombro-a-nuncio-de-venezuela-como-nuevo-secretario-de-estado\/","og_site_name":"Aeronoticias.com.pe","article_publisher":"https:\/\/www.facebook.com\/Aeronoticias.com.pe\/","article_published_time":"2013-08-31T12:51:22+00:00","author":"Redacci\u00f3n Aeronoticias","twitter_card":"summary_large_image","twitter_creator":"@aeronoticias","twitter_site":"@aeronoticias","twitter_misc":{"Escrito por":"Redacci\u00f3n Aeronoticias","Tiempo de lectura":"1 minuto"},"schema":{"@context":"https:\/\/schema.org","@graph":[{"@type":"WebPage","@id":"https:\/\/aeronoticias.com.pe\/noticiero\/internacionales\/papa-francisco-nombro-a-nuncio-de-venezuela-como-nuevo-secretario-de-estado\/","url":"https:\/\/aeronoticias.com.pe\/noticiero\/internacionales\/papa-francisco-nombro-a-nuncio-de-venezuela-como-nuevo-secretario-de-estado\/","name":"Papa Francisco nombr\u00f3 a nuncio de Venezuela como nuevo secretario de Estado","isPartOf":{"@id":"https:\/\/aeronoticias.com.pe\/noticiero\/#website"},"datePublished":"2013-08-31T12:51:22+00:00","author":{"@id":"https:\/\/aeronoticias.com.pe\/noticiero\/#\/schema\/person\/fc1e5d578f4b62ba1cf7ac2bba1170a0"},"description":"Portal de noticias del Per\u00fa sobre el transporte a\u00e9reo, aviaci\u00f3n, turismo, hoteleria, actualidad.","breadcrumb":{"@id":"https:\/\/aeronoticias.com.pe\/noticiero\/internacionales\/papa-francisco-nombro-a-nuncio-de-venezuela-como-nuevo-secretario-de-estado\/#breadcrumb"},"inLanguage":"es","potentialAction":[{"@type":"ReadAction","target":["https:\/\/aeronoticias.com.pe\/noticiero\/internacionales\/papa-francisco-nombro-a-nuncio-de-venezuela-como-nuevo-secretario-de-estado\/"]}]},{"@type":"BreadcrumbList","@id":"https:\/\/aeronoticias.com.pe\/noticiero\/internacionales\/papa-francisco-nombro-a-nuncio-de-venezuela-como-nuevo-secretario-de-estado\/#breadcrumb","itemListElement":[{"@type":"ListItem","position":1,"name":"Portada","item":"https:\/\/aeronoticias.com.pe\/noticiero\/"},{"@type":"ListItem","position":2,"name":"Papa Francisco nombr\u00f3 a nuncio de Venezuela como nuevo secretario de Estado"}]},{"@type":"WebSite","@id":"https:\/\/aeronoticias.com.pe\/noticiero\/#website","url":"https:\/\/aeronoticias.com.pe\/noticiero\/","name":"Aeronoticias.com.pe","description":"Noticias de tranporte aereo, turismo, hoteles, gastronomia, actualidad, internacional","potentialAction":[{"@type":"SearchAction","target":{"@type":"EntryPoint","urlTemplate":"https:\/\/aeronoticias.com.pe\/noticiero\/?s={search_term_string}"},"query-input":{"@type":"PropertyValueSpecification","valueRequired":true,"valueName":"search_term_string"}}],"inLanguage":"es"},{"@type":"Person","@id":"https:\/\/aeronoticias.com.pe\/noticiero\/#\/schema\/person\/fc1e5d578f4b62ba1cf7ac2bba1170a0","name":"Redacci\u00f3n Aeronoticias","url":"https:\/\/aeronoticias.com.pe\/noticiero\/author\/piloto\/"}]}},"_links":{"self":[{"href":"https:\/\/aeronoticias.com.pe\/noticiero\/wp-json\/wp\/v2\/posts\/39869","targetHints":{"allow":["GET"]}}],"collection":[{"href":"https:\/\/aeronoticias.com.pe\/noticiero\/wp-json\/wp\/v2\/posts"}],"about":[{"href":"https:\/\/aeronoticias.com.pe\/noticiero\/wp-json\/wp\/v2\/types\/post"}],"author":[{"embeddable":true,"href":"https:\/\/aeronoticias.com.pe\/noticiero\/wp-json\/wp\/v2\/users\/1"}],"replies":[{"embeddable":true,"href":"https:\/\/aeronoticias.com.pe\/noticiero\/wp-json\/wp\/v2\/comments?post=39869"}],"version-history":[{"count":0,"href":"https:\/\/aeronoticias.com.pe\/noticiero\/wp-json\/wp\/v2\/posts\/39869\/revisions"}],"wp:attachment":[{"href":"https:\/\/aeronoticias.com.pe\/noticiero\/wp-json\/wp\/v2\/media?parent=39869"}],"wp:term":[{"taxonomy":"category","embeddable":true,"href":"https:\/\/aeronoticias.com.pe\/noticiero\/wp-json\/wp\/v2\/categories?post=39869"},{"taxonomy":"post_tag","embeddable":true,"href":"https:\/\/aeronoticias.com.pe\/noticiero\/wp-json\/wp\/v2\/tags?post=39869"}],"curies":[{"name":"wp","href":"https:\/\/api.w.org\/{rel}","templated":true}]}}