{"id":40004,"date":"2013-09-04T18:18:44","date_gmt":"2013-09-04T18:18:44","guid":{"rendered":"http:\/\/desarrollo.mcvicious.com\/aero2020\/2013\/09\/04\/arequipa-proceso-de-expansion-motivaria-vuelos-al-aeropuerto-alfredo-rodriguez-ballon\/"},"modified":"2013-09-04T18:18:44","modified_gmt":"2013-09-04T18:18:44","slug":"arequipa-proceso-de-expansion-motivaria-vuelos-al-aeropuerto-alfredo-rodriguez-ballon","status":"publish","type":"post","link":"https:\/\/aeronoticias.com.pe\/noticiero\/transporte-aereo\/nacional\/arequipa-proceso-de-expansion-motivaria-vuelos-al-aeropuerto-alfredo-rodriguez-ballon\/","title":{"rendered":"Amaszonas: Proceso de expansi\u00f3n motivar\u00eda vuelos al aeropuerto Alfredo Rodr\u00edguez Ball\u00f3n"},"content":{"rendered":"<p style=\"text-align: justify;\"><strong>(Aeronoticias)<\/strong>.- La aerol\u00ednea Amaszonas inform\u00f3 tiempo atr\u00e1s que iniciar\u00eda vuelos desde el aeropuerto de La Paz (Bolivia) rumbo al aeropuerto Alfredo Rodr\u00edguez Ball\u00f3n, pero \u00bfQu\u00e9 necesidad hay de realizar operaciones de vuelo en la Ciudad Blanca?<\/p>\n<p style=\"text-align: justify;\">Primero. econ\u00f3micas. Con cinco aeronaves a su disposici\u00f3n, Amaszonas logr\u00f3 transportar, en total, a 64 mil 849 pasajeros desde enero hasta junio de 2013 (al menos a 7 destinos al interior de Bolivia), pasando a un incremento de 185% frente a la cifra de 2012, con 22 mil 777 usuarios transportados. Ello tambi\u00e9n parte de una necesidad estrat\u00e9gica de posicionamiento en la regi\u00f3n.<\/p>\n<p style=\"text-align: justify;\">\u00abEl 23 de septiembre estamos comenzando a volar en la ruta La Paz (Bolivia)\u2013Arequipa (Per\u00fa) tres veces por semana que son los lunes, mi\u00e9rcoles y viernes. Tambi\u00e9n tenemos planificado ingresar a Salta (Argentina) y al Brasil, pero a\u00fan no est\u00e1n definidas estas rutas\u00bb,\u00a0<span style=\"line-height: 1.3em;\">expres\u00f3 Luis Vera, gerente de Comercializaci\u00f3n de Amaszonas.<\/span><\/p>\n<p style=\"text-align: justify;\">Pero si ve extra\u00f1o que una empresa pretenda conseguir m\u00e1s clientes con la misma cantidad de aeronaves, deber\u00e1 tomar en cuenta las nuevas adquisiciones de la aerol\u00ednea boliviana, la cual llegar\u00e1 a 12 para diciembre de 2014. Para diciembre, se prev\u00e9 que Amaszonas se haga con su sexto Bombardier CRJ-200.<\/p>\n<p style=\"text-align: justify;\">Adem\u00e1s, los vuelos que realiza la firma altipl\u00e1nica, al parecer, han rendido sus frutos en Cusco, \u00abTenemos la satisfacci\u00f3n de que Amaszonas cumpli\u00f3 con lo planificado de realizar vuelos entre La Paz, Cochabamba, Santa Cruz, Sucre, Tarija, Uyuni, Rurrenabaque y en 2014 tendremos m\u00e1s aeronaves. Ahora estamos abriendo esta nueva ruta a Arequipa que se suma a la de Cusco\u00bb, dijo el gerente de Comercializaci\u00f3n.<\/p>\n<p style=\"text-align: justify;\">Con informaci\u00f3n de <a href=\"http:\/\/www.americaeconomia.com\/node\/100196\"><span style=\"text-decoration: underline;\"><em><strong>Am\u00e9rica Econom\u00eda<\/strong><\/em><\/span><\/a>.<\/p>\n<p style=\"text-align: justify;\"><img decoding=\"async\" src=\"images\/stories\/amaszonas2.jpg\" border=\"0\" \/><\/p>\n","protected":false},"excerpt":{"rendered":"<p>(Aeronoticias).- La aerol\u00ednea Amaszonas inform\u00f3 tiempo atr\u00e1s que iniciar\u00eda vuelos desde el aeropuerto de La Paz (Bolivia) rumbo al aeropuerto Alfredo Rodr\u00edguez Ball\u00f3n, pero \u00bfQu\u00e9 necesidad hay de realizar operaciones de vuelo en la Ciudad Blanca? Primero. econ\u00f3micas. Con cinco aeronaves a su disposici\u00f3n, Amaszonas logr\u00f3 transportar, en total, a 64 mil 849 pasajeros desde [&hellip;]<\/p>\n","protected":false},"author":1,"featured_media":0,"comment_status":"open","ping_status":"open","sticky":false,"template":"","format":"standard","meta":{"tdm_status":"","tdm_grid_status":"","footnotes":""},"categories":[51],"tags":[],"class_list":{"0":"post-40004","1":"post","2":"type-post","3":"status-publish","4":"format-standard","6":"category-nacional"},"yoast_head":"<!-- This site is optimized with the Yoast SEO plugin v25.1 - https:\/\/yoast.com\/wordpress\/plugins\/seo\/ -->\n<title>Amaszonas: Proceso de expansi\u00f3n motivar\u00eda vuelos al aeropuerto Alfredo Rodr\u00edguez Ball\u00f3n<\/title>\n<meta name=\"description\" content=\"Portal de noticias del Per\u00fa sobre el transporte a\u00e9reo, aviaci\u00f3n, turismo, hoteleria, actualidad.\" \/>\n<meta name=\"robots\" content=\"index, follow, max-snippet:-1, max-image-preview:large, max-video-preview:-1\" \/>\n<link rel=\"canonical\" href=\"https:\/\/aeronoticias.com.pe\/noticiero\/transporte-aereo\/nacional\/arequipa-proceso-de-expansion-motivaria-vuelos-al-aeropuerto-alfredo-rodriguez-ballon\/\" \/>\n<meta property=\"og:locale\" content=\"es_ES\" \/>\n<meta property=\"og:type\" content=\"article\" \/>\n<meta property=\"og:title\" content=\"Amaszonas: Proceso de expansi\u00f3n motivar\u00eda vuelos al aeropuerto Alfredo Rodr\u00edguez Ball\u00f3n\" \/>\n<meta property=\"og:description\" content=\"Portal de noticias del Per\u00fa sobre el transporte a\u00e9reo, aviaci\u00f3n, turismo, hoteleria, actualidad.\" \/>\n<meta property=\"og:url\" content=\"https:\/\/aeronoticias.com.pe\/noticiero\/transporte-aereo\/nacional\/arequipa-proceso-de-expansion-motivaria-vuelos-al-aeropuerto-alfredo-rodriguez-ballon\/\" \/>\n<meta property=\"og:site_name\" content=\"Aeronoticias.com.pe\" \/>\n<meta property=\"article:publisher\" content=\"https:\/\/www.facebook.com\/Aeronoticias.com.pe\/\" \/>\n<meta property=\"article:published_time\" content=\"2013-09-04T18:18:44+00:00\" \/>\n<meta name=\"author\" content=\"Redacci\u00f3n Aeronoticias\" \/>\n<meta name=\"twitter:card\" content=\"summary_large_image\" \/>\n<meta name=\"twitter:creator\" content=\"@aeronoticias\" \/>\n<meta name=\"twitter:site\" content=\"@aeronoticias\" \/>\n<meta name=\"twitter:label1\" content=\"Escrito por\" \/>\n\t<meta name=\"twitter:data1\" content=\"Redacci\u00f3n Aeronoticias\" \/>\n\t<meta name=\"twitter:label2\" content=\"Tiempo de lectura\" \/>\n\t<meta name=\"twitter:data2\" content=\"1 minuto\" \/>\n<script type=\"application\/ld+json\" class=\"yoast-schema-graph\">{\"@context\":\"https:\/\/schema.org\",\"@graph\":[{\"@type\":\"WebPage\",\"@id\":\"https:\/\/aeronoticias.com.pe\/noticiero\/transporte-aereo\/nacional\/arequipa-proceso-de-expansion-motivaria-vuelos-al-aeropuerto-alfredo-rodriguez-ballon\/\",\"url\":\"https:\/\/aeronoticias.com.pe\/noticiero\/transporte-aereo\/nacional\/arequipa-proceso-de-expansion-motivaria-vuelos-al-aeropuerto-alfredo-rodriguez-ballon\/\",\"name\":\"Amaszonas: Proceso de expansi\u00f3n motivar\u00eda vuelos al aeropuerto Alfredo Rodr\u00edguez Ball\u00f3n\",\"isPartOf\":{\"@id\":\"https:\/\/aeronoticias.com.pe\/noticiero\/#website\"},\"datePublished\":\"2013-09-04T18:18:44+00:00\",\"author\":{\"@id\":\"https:\/\/aeronoticias.com.pe\/noticiero\/#\/schema\/person\/fc1e5d578f4b62ba1cf7ac2bba1170a0\"},\"description\":\"Portal de noticias del Per\u00fa sobre el transporte a\u00e9reo, aviaci\u00f3n, turismo, hoteleria, actualidad.\",\"breadcrumb\":{\"@id\":\"https:\/\/aeronoticias.com.pe\/noticiero\/transporte-aereo\/nacional\/arequipa-proceso-de-expansion-motivaria-vuelos-al-aeropuerto-alfredo-rodriguez-ballon\/#breadcrumb\"},\"inLanguage\":\"es\",\"potentialAction\":[{\"@type\":\"ReadAction\",\"target\":[\"https:\/\/aeronoticias.com.pe\/noticiero\/transporte-aereo\/nacional\/arequipa-proceso-de-expansion-motivaria-vuelos-al-aeropuerto-alfredo-rodriguez-ballon\/\"]}]},{\"@type\":\"BreadcrumbList\",\"@id\":\"https:\/\/aeronoticias.com.pe\/noticiero\/transporte-aereo\/nacional\/arequipa-proceso-de-expansion-motivaria-vuelos-al-aeropuerto-alfredo-rodriguez-ballon\/#breadcrumb\",\"itemListElement\":[{\"@type\":\"ListItem\",\"position\":1,\"name\":\"Portada\",\"item\":\"https:\/\/aeronoticias.com.pe\/noticiero\/\"},{\"@type\":\"ListItem\",\"position\":2,\"name\":\"Amaszonas: Proceso de expansi\u00f3n motivar\u00eda vuelos al aeropuerto Alfredo Rodr\u00edguez Ball\u00f3n\"}]},{\"@type\":\"WebSite\",\"@id\":\"https:\/\/aeronoticias.com.pe\/noticiero\/#website\",\"url\":\"https:\/\/aeronoticias.com.pe\/noticiero\/\",\"name\":\"Aeronoticias.com.pe\",\"description\":\"Noticias de tranporte aereo, turismo, hoteles, gastronomia, actualidad, internacional\",\"potentialAction\":[{\"@type\":\"SearchAction\",\"target\":{\"@type\":\"EntryPoint\",\"urlTemplate\":\"https:\/\/aeronoticias.com.pe\/noticiero\/?s={search_term_string}\"},\"query-input\":{\"@type\":\"PropertyValueSpecification\",\"valueRequired\":true,\"valueName\":\"search_term_string\"}}],\"inLanguage\":\"es\"},{\"@type\":\"Person\",\"@id\":\"https:\/\/aeronoticias.com.pe\/noticiero\/#\/schema\/person\/fc1e5d578f4b62ba1cf7ac2bba1170a0\",\"name\":\"Redacci\u00f3n Aeronoticias\",\"url\":\"https:\/\/aeronoticias.com.pe\/noticiero\/author\/piloto\/\"}]}<\/script>\n<!-- \/ Yoast SEO plugin. -->","yoast_head_json":{"title":"Amaszonas: Proceso de expansi\u00f3n motivar\u00eda vuelos al aeropuerto Alfredo Rodr\u00edguez Ball\u00f3n","description":"Portal de noticias del Per\u00fa sobre el transporte a\u00e9reo, aviaci\u00f3n, turismo, hoteleria, actualidad.","robots":{"index":"index","follow":"follow","max-snippet":"max-snippet:-1","max-image-preview":"max-image-preview:large","max-video-preview":"max-video-preview:-1"},"canonical":"https:\/\/aeronoticias.com.pe\/noticiero\/transporte-aereo\/nacional\/arequipa-proceso-de-expansion-motivaria-vuelos-al-aeropuerto-alfredo-rodriguez-ballon\/","og_locale":"es_ES","og_type":"article","og_title":"Amaszonas: Proceso de expansi\u00f3n motivar\u00eda vuelos al aeropuerto Alfredo Rodr\u00edguez Ball\u00f3n","og_description":"Portal de noticias del Per\u00fa sobre el transporte a\u00e9reo, aviaci\u00f3n, turismo, hoteleria, actualidad.","og_url":"https:\/\/aeronoticias.com.pe\/noticiero\/transporte-aereo\/nacional\/arequipa-proceso-de-expansion-motivaria-vuelos-al-aeropuerto-alfredo-rodriguez-ballon\/","og_site_name":"Aeronoticias.com.pe","article_publisher":"https:\/\/www.facebook.com\/Aeronoticias.com.pe\/","article_published_time":"2013-09-04T18:18:44+00:00","author":"Redacci\u00f3n Aeronoticias","twitter_card":"summary_large_image","twitter_creator":"@aeronoticias","twitter_site":"@aeronoticias","twitter_misc":{"Escrito por":"Redacci\u00f3n Aeronoticias","Tiempo de lectura":"1 minuto"},"schema":{"@context":"https:\/\/schema.org","@graph":[{"@type":"WebPage","@id":"https:\/\/aeronoticias.com.pe\/noticiero\/transporte-aereo\/nacional\/arequipa-proceso-de-expansion-motivaria-vuelos-al-aeropuerto-alfredo-rodriguez-ballon\/","url":"https:\/\/aeronoticias.com.pe\/noticiero\/transporte-aereo\/nacional\/arequipa-proceso-de-expansion-motivaria-vuelos-al-aeropuerto-alfredo-rodriguez-ballon\/","name":"Amaszonas: Proceso de expansi\u00f3n motivar\u00eda vuelos al aeropuerto Alfredo Rodr\u00edguez Ball\u00f3n","isPartOf":{"@id":"https:\/\/aeronoticias.com.pe\/noticiero\/#website"},"datePublished":"2013-09-04T18:18:44+00:00","author":{"@id":"https:\/\/aeronoticias.com.pe\/noticiero\/#\/schema\/person\/fc1e5d578f4b62ba1cf7ac2bba1170a0"},"description":"Portal de noticias del Per\u00fa sobre el transporte a\u00e9reo, aviaci\u00f3n, turismo, hoteleria, actualidad.","breadcrumb":{"@id":"https:\/\/aeronoticias.com.pe\/noticiero\/transporte-aereo\/nacional\/arequipa-proceso-de-expansion-motivaria-vuelos-al-aeropuerto-alfredo-rodriguez-ballon\/#breadcrumb"},"inLanguage":"es","potentialAction":[{"@type":"ReadAction","target":["https:\/\/aeronoticias.com.pe\/noticiero\/transporte-aereo\/nacional\/arequipa-proceso-de-expansion-motivaria-vuelos-al-aeropuerto-alfredo-rodriguez-ballon\/"]}]},{"@type":"BreadcrumbList","@id":"https:\/\/aeronoticias.com.pe\/noticiero\/transporte-aereo\/nacional\/arequipa-proceso-de-expansion-motivaria-vuelos-al-aeropuerto-alfredo-rodriguez-ballon\/#breadcrumb","itemListElement":[{"@type":"ListItem","position":1,"name":"Portada","item":"https:\/\/aeronoticias.com.pe\/noticiero\/"},{"@type":"ListItem","position":2,"name":"Amaszonas: Proceso de expansi\u00f3n motivar\u00eda vuelos al aeropuerto Alfredo Rodr\u00edguez Ball\u00f3n"}]},{"@type":"WebSite","@id":"https:\/\/aeronoticias.com.pe\/noticiero\/#website","url":"https:\/\/aeronoticias.com.pe\/noticiero\/","name":"Aeronoticias.com.pe","description":"Noticias de tranporte aereo, turismo, hoteles, gastronomia, actualidad, internacional","potentialAction":[{"@type":"SearchAction","target":{"@type":"EntryPoint","urlTemplate":"https:\/\/aeronoticias.com.pe\/noticiero\/?s={search_term_string}"},"query-input":{"@type":"PropertyValueSpecification","valueRequired":true,"valueName":"search_term_string"}}],"inLanguage":"es"},{"@type":"Person","@id":"https:\/\/aeronoticias.com.pe\/noticiero\/#\/schema\/person\/fc1e5d578f4b62ba1cf7ac2bba1170a0","name":"Redacci\u00f3n Aeronoticias","url":"https:\/\/aeronoticias.com.pe\/noticiero\/author\/piloto\/"}]}},"_links":{"self":[{"href":"https:\/\/aeronoticias.com.pe\/noticiero\/wp-json\/wp\/v2\/posts\/40004","targetHints":{"allow":["GET"]}}],"collection":[{"href":"https:\/\/aeronoticias.com.pe\/noticiero\/wp-json\/wp\/v2\/posts"}],"about":[{"href":"https:\/\/aeronoticias.com.pe\/noticiero\/wp-json\/wp\/v2\/types\/post"}],"author":[{"embeddable":true,"href":"https:\/\/aeronoticias.com.pe\/noticiero\/wp-json\/wp\/v2\/users\/1"}],"replies":[{"embeddable":true,"href":"https:\/\/aeronoticias.com.pe\/noticiero\/wp-json\/wp\/v2\/comments?post=40004"}],"version-history":[{"count":0,"href":"https:\/\/aeronoticias.com.pe\/noticiero\/wp-json\/wp\/v2\/posts\/40004\/revisions"}],"wp:attachment":[{"href":"https:\/\/aeronoticias.com.pe\/noticiero\/wp-json\/wp\/v2\/media?parent=40004"}],"wp:term":[{"taxonomy":"category","embeddable":true,"href":"https:\/\/aeronoticias.com.pe\/noticiero\/wp-json\/wp\/v2\/categories?post=40004"},{"taxonomy":"post_tag","embeddable":true,"href":"https:\/\/aeronoticias.com.pe\/noticiero\/wp-json\/wp\/v2\/tags?post=40004"}],"curies":[{"name":"wp","href":"https:\/\/api.w.org\/{rel}","templated":true}]}}