{"id":40008,"date":"2013-09-04T20:39:47","date_gmt":"2013-09-04T20:39:47","guid":{"rendered":"http:\/\/desarrollo.mcvicious.com\/aero2020\/2013\/09\/04\/air-berlin-ipor-que-mis-maletas-terminaron-en-marte-gracias-a-ti\/"},"modified":"2013-09-04T20:39:47","modified_gmt":"2013-09-04T20:39:47","slug":"air-berlin-ipor-que-mis-maletas-terminaron-en-marte-gracias-a-ti","status":"publish","type":"post","link":"https:\/\/aeronoticias.com.pe\/noticiero\/transporte-aereo\/internacional\/air-berlin-ipor-que-mis-maletas-terminaron-en-marte-gracias-a-ti\/","title":{"rendered":"Air Berlin: \u00bfPor qu\u00e9 mis maletas terminaron en Marte, gracias a ti?"},"content":{"rendered":"<p style=\"text-align: justify;\"><strong>(Aeronoticias)<\/strong>.- \u00bfD\u00f3nde est\u00e1 Holmes? Estimado Conan Doyle \u00bfD\u00f3nde pusiste a tu creaci\u00f3n, Sherlock Holmes? Un importante caso de maletas perdidas en el v\u00f3rtice de Air Berlin requiere ser resuelto&#8230;<\/p>\n<p style=\"text-align: justify;\">Lejos de la exageraci\u00f3n, la reputaci\u00f3n de Air Berlin en sus cuentas en redes sociales termin\u00f3 por venirse abajo estrepitosamente por&#8230; \u00a1El misterioso caso de las maletas perdidas!. En un evidente caso de pena ajena y furia, los usuarios en Twitter y Facebook arrojaron la c\u00f3lera de tener sus equipajes perdidos, sin saber si terminaron descuidadas en alg\u00fan rinc\u00f3n, partida en trozos, o flotando en alguna estaci\u00f3n espacial (si la licencia literaria lo resiste)&#8230;<\/p>\n<p style=\"text-align: justify;\">\u00abDe un grupo de aquellos que viajaron en el vuelo AB 8109 desde Estocolmo al Aeropuerto de Berl\u00edn-Tegel el 9 de agosto de 2013. NINGUNO de los equipajes registrados fue cargado en el avi\u00f3n -casi 200 piezas perdidas entre los pasajeros\u00bb, se\u00f1al\u00f3 una cuenta abierta llamada <a href=\"https:\/\/www.facebook.com\/groups\/381141035345634\/members\/\"><span style=\"text-decoration: underline;\"><strong><em>Airberlin. Your Luggage<\/em><\/strong><\/span><\/a>?<\/p>\n<p style=\"text-align: justify;\">\u00abFui asaltado por una azafata de @airberlin\u00bb, grit\u00f3 uno, en un evidente acto de sarcasmo.\u00a0<span style=\"line-height: 1.3em;\">\u00abSu servicio es catastr\u00f3fico\u00bb, mencion\u00f3 otro. Inclusive hubo quien cuestion\u00f3 el derecho de existencia de aerol\u00edneas capaces de molestar a los pasajeros en un momento del a\u00f1o tan maravilloso. \u00abLa gente que manej\u00f3 mis maletas estaban BORRACHOS\u00bb, grit\u00f3 un tercero.<\/span><\/p>\n<p style=\"text-align: justify;\">Ni los m\u00fasicos se salvaron, cuando una banda de metal y otra de rock fueron afectados, en menos de un mes, por la incompetencia con nombre Air Berlin. \u00abOye @airberlin, \u00a1Perdiste nuestras guitarras\/pedales\/bater\u00edas hace 7 d\u00edas y casi arruinas nuestro tour! \u00bfPuedes devolv\u00e9rnoslas ya? Gracias\u00bb, dijo la banda METZ<\/p>\n<p style=\"text-align: justify;\">\u00abLlegu\u00e9 a D\u00fcsseldorf sin mi maleta. Son in\u00fatiles, @airberlin. Sin disculpa, ni idea. \u00bfQu\u00e9 pas\u00f3 con la eficiencia alemana?\u00bb, escupi\u00f3 el usuario @_5foot1, quien se envolvi\u00f3 en una escaramuza con el representante en Twitter de la aerol\u00ednea.<\/p>\n<p style=\"text-align: justify;\">\u00ab<span style=\"line-height: 1.3em;\">@_5foot1 Lo sentimos por el inconveniente causado. \u00bfContactaste con el oficina de objetos perdidos del aeropuerto de D\u00fcsseldorf?<\/span><span style=\"line-height: 1.3em;\">\u00ab, dijo. Entonces respondi\u00f3 que s\u00ed, y que ahora estaba sin ropa m\u00e1s que la que ten\u00eda puesta en ese entonces. La aerol\u00ednea pidi\u00f3 disculpas, y remiti\u00f3 a la oficina de objetos perdidos, que ya hab\u00eda sido consultada, y de una manera muy Air Berlin, evadi\u00f3 el asunto.<\/span><\/p>\n<p style=\"text-align: justify;\">Con informaci\u00f3n de <a href=\"http:\/\/www.slate.com\/articles\/business\/moneybox\/2013\/09\/air_berlin_lost_luggage_the_german_airline_melts_down_on_social_media.single.html\"><em><span style=\"text-decoration: underline;\"><strong>Slate<\/strong><\/span><\/em><\/a>.<\/p>\n<p style=\"text-align: justify;\"><img decoding=\"async\" src=\"images\/stories\/13\/09\/040913\/airberlin.jpg\" border=\"0\" \/><\/p>\n","protected":false},"excerpt":{"rendered":"<p>(Aeronoticias).- \u00bfD\u00f3nde est\u00e1 Holmes? Estimado Conan Doyle \u00bfD\u00f3nde pusiste a tu creaci\u00f3n, Sherlock Holmes? Un importante caso de maletas perdidas en el v\u00f3rtice de Air Berlin requiere ser resuelto&#8230; Lejos de la exageraci\u00f3n, la reputaci\u00f3n de Air Berlin en sus cuentas en redes sociales termin\u00f3 por venirse abajo estrepitosamente por&#8230; \u00a1El misterioso caso de las [&hellip;]<\/p>\n","protected":false},"author":1,"featured_media":0,"comment_status":"open","ping_status":"open","sticky":false,"template":"","format":"standard","meta":{"tdm_status":"","tdm_grid_status":"","footnotes":""},"categories":[32],"tags":[],"class_list":{"0":"post-40008","1":"post","2":"type-post","3":"status-publish","4":"format-standard","6":"category-internacional"},"yoast_head":"<!-- This site is optimized with the Yoast SEO plugin v25.1 - https:\/\/yoast.com\/wordpress\/plugins\/seo\/ -->\n<title>Air Berlin: \u00bfPor qu\u00e9 mis maletas terminaron en Marte, gracias a ti?<\/title>\n<meta name=\"description\" content=\"Portal de noticias del Per\u00fa sobre el transporte a\u00e9reo, aviaci\u00f3n, turismo, hoteleria, actualidad.\" \/>\n<meta name=\"robots\" content=\"index, follow, max-snippet:-1, max-image-preview:large, max-video-preview:-1\" \/>\n<link rel=\"canonical\" href=\"https:\/\/aeronoticias.com.pe\/noticiero\/transporte-aereo\/internacional\/air-berlin-ipor-que-mis-maletas-terminaron-en-marte-gracias-a-ti\/\" \/>\n<meta property=\"og:locale\" content=\"es_ES\" \/>\n<meta property=\"og:type\" content=\"article\" \/>\n<meta property=\"og:title\" content=\"Air Berlin: \u00bfPor qu\u00e9 mis maletas terminaron en Marte, gracias a ti?\" \/>\n<meta property=\"og:description\" content=\"Portal de noticias del Per\u00fa sobre el transporte a\u00e9reo, aviaci\u00f3n, turismo, hoteleria, actualidad.\" \/>\n<meta property=\"og:url\" content=\"https:\/\/aeronoticias.com.pe\/noticiero\/transporte-aereo\/internacional\/air-berlin-ipor-que-mis-maletas-terminaron-en-marte-gracias-a-ti\/\" \/>\n<meta property=\"og:site_name\" content=\"Aeronoticias.com.pe\" \/>\n<meta property=\"article:publisher\" content=\"https:\/\/www.facebook.com\/Aeronoticias.com.pe\/\" \/>\n<meta property=\"article:published_time\" content=\"2013-09-04T20:39:47+00:00\" \/>\n<meta name=\"author\" content=\"Redacci\u00f3n Aeronoticias\" \/>\n<meta name=\"twitter:card\" content=\"summary_large_image\" \/>\n<meta name=\"twitter:creator\" content=\"@aeronoticias\" \/>\n<meta name=\"twitter:site\" content=\"@aeronoticias\" \/>\n<meta name=\"twitter:label1\" content=\"Escrito por\" \/>\n\t<meta name=\"twitter:data1\" content=\"Redacci\u00f3n Aeronoticias\" \/>\n\t<meta name=\"twitter:label2\" content=\"Tiempo de lectura\" \/>\n\t<meta name=\"twitter:data2\" content=\"2 minutos\" \/>\n<script type=\"application\/ld+json\" class=\"yoast-schema-graph\">{\"@context\":\"https:\/\/schema.org\",\"@graph\":[{\"@type\":\"WebPage\",\"@id\":\"https:\/\/aeronoticias.com.pe\/noticiero\/transporte-aereo\/internacional\/air-berlin-ipor-que-mis-maletas-terminaron-en-marte-gracias-a-ti\/\",\"url\":\"https:\/\/aeronoticias.com.pe\/noticiero\/transporte-aereo\/internacional\/air-berlin-ipor-que-mis-maletas-terminaron-en-marte-gracias-a-ti\/\",\"name\":\"Air Berlin: \u00bfPor qu\u00e9 mis maletas terminaron en Marte, gracias a ti?\",\"isPartOf\":{\"@id\":\"https:\/\/aeronoticias.com.pe\/noticiero\/#website\"},\"datePublished\":\"2013-09-04T20:39:47+00:00\",\"author\":{\"@id\":\"https:\/\/aeronoticias.com.pe\/noticiero\/#\/schema\/person\/fc1e5d578f4b62ba1cf7ac2bba1170a0\"},\"description\":\"Portal de noticias del Per\u00fa sobre el transporte a\u00e9reo, aviaci\u00f3n, turismo, hoteleria, actualidad.\",\"breadcrumb\":{\"@id\":\"https:\/\/aeronoticias.com.pe\/noticiero\/transporte-aereo\/internacional\/air-berlin-ipor-que-mis-maletas-terminaron-en-marte-gracias-a-ti\/#breadcrumb\"},\"inLanguage\":\"es\",\"potentialAction\":[{\"@type\":\"ReadAction\",\"target\":[\"https:\/\/aeronoticias.com.pe\/noticiero\/transporte-aereo\/internacional\/air-berlin-ipor-que-mis-maletas-terminaron-en-marte-gracias-a-ti\/\"]}]},{\"@type\":\"BreadcrumbList\",\"@id\":\"https:\/\/aeronoticias.com.pe\/noticiero\/transporte-aereo\/internacional\/air-berlin-ipor-que-mis-maletas-terminaron-en-marte-gracias-a-ti\/#breadcrumb\",\"itemListElement\":[{\"@type\":\"ListItem\",\"position\":1,\"name\":\"Portada\",\"item\":\"https:\/\/aeronoticias.com.pe\/noticiero\/\"},{\"@type\":\"ListItem\",\"position\":2,\"name\":\"Air Berlin: \u00bfPor qu\u00e9 mis maletas terminaron en Marte, gracias a ti?\"}]},{\"@type\":\"WebSite\",\"@id\":\"https:\/\/aeronoticias.com.pe\/noticiero\/#website\",\"url\":\"https:\/\/aeronoticias.com.pe\/noticiero\/\",\"name\":\"Aeronoticias.com.pe\",\"description\":\"Noticias de tranporte aereo, turismo, hoteles, gastronomia, actualidad, internacional\",\"potentialAction\":[{\"@type\":\"SearchAction\",\"target\":{\"@type\":\"EntryPoint\",\"urlTemplate\":\"https:\/\/aeronoticias.com.pe\/noticiero\/?s={search_term_string}\"},\"query-input\":{\"@type\":\"PropertyValueSpecification\",\"valueRequired\":true,\"valueName\":\"search_term_string\"}}],\"inLanguage\":\"es\"},{\"@type\":\"Person\",\"@id\":\"https:\/\/aeronoticias.com.pe\/noticiero\/#\/schema\/person\/fc1e5d578f4b62ba1cf7ac2bba1170a0\",\"name\":\"Redacci\u00f3n Aeronoticias\",\"url\":\"https:\/\/aeronoticias.com.pe\/noticiero\/author\/piloto\/\"}]}<\/script>\n<!-- \/ Yoast SEO plugin. -->","yoast_head_json":{"title":"Air Berlin: \u00bfPor qu\u00e9 mis maletas terminaron en Marte, gracias a ti?","description":"Portal de noticias del Per\u00fa sobre el transporte a\u00e9reo, aviaci\u00f3n, turismo, hoteleria, actualidad.","robots":{"index":"index","follow":"follow","max-snippet":"max-snippet:-1","max-image-preview":"max-image-preview:large","max-video-preview":"max-video-preview:-1"},"canonical":"https:\/\/aeronoticias.com.pe\/noticiero\/transporte-aereo\/internacional\/air-berlin-ipor-que-mis-maletas-terminaron-en-marte-gracias-a-ti\/","og_locale":"es_ES","og_type":"article","og_title":"Air Berlin: \u00bfPor qu\u00e9 mis maletas terminaron en Marte, gracias a ti?","og_description":"Portal de noticias del Per\u00fa sobre el transporte a\u00e9reo, aviaci\u00f3n, turismo, hoteleria, actualidad.","og_url":"https:\/\/aeronoticias.com.pe\/noticiero\/transporte-aereo\/internacional\/air-berlin-ipor-que-mis-maletas-terminaron-en-marte-gracias-a-ti\/","og_site_name":"Aeronoticias.com.pe","article_publisher":"https:\/\/www.facebook.com\/Aeronoticias.com.pe\/","article_published_time":"2013-09-04T20:39:47+00:00","author":"Redacci\u00f3n Aeronoticias","twitter_card":"summary_large_image","twitter_creator":"@aeronoticias","twitter_site":"@aeronoticias","twitter_misc":{"Escrito por":"Redacci\u00f3n Aeronoticias","Tiempo de lectura":"2 minutos"},"schema":{"@context":"https:\/\/schema.org","@graph":[{"@type":"WebPage","@id":"https:\/\/aeronoticias.com.pe\/noticiero\/transporte-aereo\/internacional\/air-berlin-ipor-que-mis-maletas-terminaron-en-marte-gracias-a-ti\/","url":"https:\/\/aeronoticias.com.pe\/noticiero\/transporte-aereo\/internacional\/air-berlin-ipor-que-mis-maletas-terminaron-en-marte-gracias-a-ti\/","name":"Air Berlin: \u00bfPor qu\u00e9 mis maletas terminaron en Marte, gracias a ti?","isPartOf":{"@id":"https:\/\/aeronoticias.com.pe\/noticiero\/#website"},"datePublished":"2013-09-04T20:39:47+00:00","author":{"@id":"https:\/\/aeronoticias.com.pe\/noticiero\/#\/schema\/person\/fc1e5d578f4b62ba1cf7ac2bba1170a0"},"description":"Portal de noticias del Per\u00fa sobre el transporte a\u00e9reo, aviaci\u00f3n, turismo, hoteleria, actualidad.","breadcrumb":{"@id":"https:\/\/aeronoticias.com.pe\/noticiero\/transporte-aereo\/internacional\/air-berlin-ipor-que-mis-maletas-terminaron-en-marte-gracias-a-ti\/#breadcrumb"},"inLanguage":"es","potentialAction":[{"@type":"ReadAction","target":["https:\/\/aeronoticias.com.pe\/noticiero\/transporte-aereo\/internacional\/air-berlin-ipor-que-mis-maletas-terminaron-en-marte-gracias-a-ti\/"]}]},{"@type":"BreadcrumbList","@id":"https:\/\/aeronoticias.com.pe\/noticiero\/transporte-aereo\/internacional\/air-berlin-ipor-que-mis-maletas-terminaron-en-marte-gracias-a-ti\/#breadcrumb","itemListElement":[{"@type":"ListItem","position":1,"name":"Portada","item":"https:\/\/aeronoticias.com.pe\/noticiero\/"},{"@type":"ListItem","position":2,"name":"Air Berlin: \u00bfPor qu\u00e9 mis maletas terminaron en Marte, gracias a ti?"}]},{"@type":"WebSite","@id":"https:\/\/aeronoticias.com.pe\/noticiero\/#website","url":"https:\/\/aeronoticias.com.pe\/noticiero\/","name":"Aeronoticias.com.pe","description":"Noticias de tranporte aereo, turismo, hoteles, gastronomia, actualidad, internacional","potentialAction":[{"@type":"SearchAction","target":{"@type":"EntryPoint","urlTemplate":"https:\/\/aeronoticias.com.pe\/noticiero\/?s={search_term_string}"},"query-input":{"@type":"PropertyValueSpecification","valueRequired":true,"valueName":"search_term_string"}}],"inLanguage":"es"},{"@type":"Person","@id":"https:\/\/aeronoticias.com.pe\/noticiero\/#\/schema\/person\/fc1e5d578f4b62ba1cf7ac2bba1170a0","name":"Redacci\u00f3n Aeronoticias","url":"https:\/\/aeronoticias.com.pe\/noticiero\/author\/piloto\/"}]}},"_links":{"self":[{"href":"https:\/\/aeronoticias.com.pe\/noticiero\/wp-json\/wp\/v2\/posts\/40008","targetHints":{"allow":["GET"]}}],"collection":[{"href":"https:\/\/aeronoticias.com.pe\/noticiero\/wp-json\/wp\/v2\/posts"}],"about":[{"href":"https:\/\/aeronoticias.com.pe\/noticiero\/wp-json\/wp\/v2\/types\/post"}],"author":[{"embeddable":true,"href":"https:\/\/aeronoticias.com.pe\/noticiero\/wp-json\/wp\/v2\/users\/1"}],"replies":[{"embeddable":true,"href":"https:\/\/aeronoticias.com.pe\/noticiero\/wp-json\/wp\/v2\/comments?post=40008"}],"version-history":[{"count":0,"href":"https:\/\/aeronoticias.com.pe\/noticiero\/wp-json\/wp\/v2\/posts\/40008\/revisions"}],"wp:attachment":[{"href":"https:\/\/aeronoticias.com.pe\/noticiero\/wp-json\/wp\/v2\/media?parent=40008"}],"wp:term":[{"taxonomy":"category","embeddable":true,"href":"https:\/\/aeronoticias.com.pe\/noticiero\/wp-json\/wp\/v2\/categories?post=40008"},{"taxonomy":"post_tag","embeddable":true,"href":"https:\/\/aeronoticias.com.pe\/noticiero\/wp-json\/wp\/v2\/tags?post=40008"}],"curies":[{"name":"wp","href":"https:\/\/api.w.org\/{rel}","templated":true}]}}