{"id":40123,"date":"2013-09-09T15:09:51","date_gmt":"2013-09-09T15:09:51","guid":{"rendered":"http:\/\/desarrollo.mcvicious.com\/aero2020\/2013\/09\/09\/la-temporada-espanola-16\/"},"modified":"2013-09-09T15:09:51","modified_gmt":"2013-09-09T15:09:51","slug":"la-temporada-espanola-16","status":"publish","type":"post","link":"https:\/\/aeronoticias.com.pe\/noticiero\/taurina-taurina\/la-temporada-espanola-16\/","title":{"rendered":"La Temporada Espa\u00f1ola"},"content":{"rendered":"<p style=\"text-align: justify;\"><strong>(Aeronoticias)<\/strong> <span style=\"line-height: 1.3em;\">La Feria de Oto\u00f1o en Madrid.-<\/span><span style=\"line-height: 1.3em;\">La empresa TAURODELTA ha presentado el programa de la pr\u00f3xima Feria de Oto\u00f1o, la \u00faltima del a\u00f1o en la Plaza de Las Ventas. Destaca en los carteles la presencia de Iv\u00e1n Fandi\u00f1o en dos tardes. El torero vasco se ha ganado esta inclusi\u00f3n por la excelente temporada que est\u00e1 realizando este a\u00f1o y por la expectativa que gener\u00f3 su excelente actuaci\u00f3n \u00a0en Madrid durante la Feria de San Isidro en el \u00fanico toro que pudo torear, debido a la grave cornada sufrida al entrar a matar luego de la gran faena realizada que fuera considerada como una de las mejores de esa feria. <\/span><\/p>\n<p style=\"text-align: justify;\">Seg\u00fan la empresa \u00a0se ofreci\u00f3 al diestro de Ordu\u00f1a una encerrona de 6 toros pero el torero prefiri\u00f3 la doble presentaci\u00f3n aunque declar\u00f3, pues estuvo presente en el acto del anuncio, que no descarta esa posibilidad en un futuro.<\/p>\n<p style=\"text-align: justify;\">Los carteles, programados para el mes de octubre, han quedado conformados de la siguiente manera:<\/p>\n<p style=\"text-align: justify;\">Jueves 3: Javier Jim\u00e9nez, Juan Ortega y Sergio Felipe, novillada (Ventorrillo)<\/p>\n<p style=\"text-align: justify;\">Viernes 4: El Cid, Iv\u00e1n Fandi\u00f1o y Ritter (Confirma) (Victoriano del R\u00edo)<\/p>\n<p style=\"text-align: justify;\">S\u00e1bado 5: Alberto Aguilar, Joselito Adame y Jim\u00e9nez Fortes (Pto. San Lorenzo)<\/p>\n<p style=\"text-align: justify;\">Domingo 6: Antonio Ferrera, Javier Casta\u00f1o e Iv\u00e1n Fandi\u00f1o (Adolfo Mart\u00edn)<\/p>\n<p style=\"text-align: justify;\"><span style=\"line-height: 1.3em;\">Utiel programa dos mano a mano en uno.-<\/span><\/p>\n<p style=\"text-align: justify;\"><span style=\"line-height: 1.3em;\">Los matadores de toros Finito de C\u00f3rdoba y Curro D\u00edaz y los novilleros Jes\u00fas Duque y Rom\u00e1n actuar\u00e1n en un interesante doble mano a mano. La empresa y el Ayuntamiento, han apostado por este original formato en un festejo de ocho toros con un encierro de la ganader\u00eda de Fuente Ymbro. <\/span><\/p>\n<p style=\"text-align: justify;\">Juan Del \u00c1lamo lesionado con fractura.-<\/p>\n<p style=\"text-align: justify;\">El matador Juan Del \u00c1lamo deber\u00e1 estar sin torear al menos todo el mes de Septiembre \u00a0a causa de la fractura del tercer metatarsiano del pie derecho que sufri\u00f3 en San Sebasti\u00e1n de los Reyes cuando un toro de Victoriano del R\u00edo le peg\u00f3 un pisot\u00f3n. El diestro que est\u00e1 programado para actuar en la primera corrida de la Feria del Se\u00f1or de los Milagros se ha visto obligado a parar la temporada por este percance, para recuperarse y poder torear en Lima y posiblemente en otras plazas americanas.<\/p>\n<p style=\"text-align: justify;\">El torero salmantino ven\u00eda realizando una muy buena temporada en Espa\u00f1a y Francia especialmente en los \u00faltimos meses, pero en mal momento ha llegado este percance por el cual pierde la actuaci\u00f3n que hab\u00edan cerrado en principio para actuar en la feria de Oto\u00f1o de Madrid.<\/p>\n<p style=\"text-align: justify;\"><span style=\"line-height: 1.3em;\">Falleci\u00f3 \u00a0Pepe Manzanares, fundador de la dinast\u00eda taurina.-<\/span><\/p>\n<p style=\"text-align: justify;\">El novillero y banderillero Jos\u00e9 Mar\u00eda Dols Cant\u00f3 -Pepe Manzanares-, fundador de la dinast\u00eda Manzanares, ha fallecido en Alicante a los 86 a\u00f1os de edad. El desaparecido torero es padre y abuelo, respectivamente, de nuestros conocidos Jos\u00e9 Mari Manzanares padre e hijo.<\/p>\n<p style=\"text-align: justify;\"><img decoding=\"async\" src=\"images\/stories\/13\/09\/090913\/fandio.jpg\" border=\"0\" \/><\/p>\n","protected":false},"excerpt":{"rendered":"<p>(Aeronoticias) La Feria de Oto\u00f1o en Madrid.-La empresa TAURODELTA ha presentado el programa de la pr\u00f3xima Feria de Oto\u00f1o, la \u00faltima del a\u00f1o en la Plaza de Las Ventas. Destaca en los carteles la presencia de Iv\u00e1n Fandi\u00f1o en dos tardes. El torero vasco se ha ganado esta inclusi\u00f3n por la excelente temporada que est\u00e1 [&hellip;]<\/p>\n","protected":false},"author":1,"featured_media":0,"comment_status":"open","ping_status":"open","sticky":false,"template":"","format":"standard","meta":{"tdm_status":"","tdm_grid_status":"","footnotes":""},"categories":[46],"tags":[],"class_list":{"0":"post-40123","1":"post","2":"type-post","3":"status-publish","4":"format-standard","6":"category-taurina-taurina"},"yoast_head":"<!-- This site is optimized with the Yoast SEO plugin v25.1 - https:\/\/yoast.com\/wordpress\/plugins\/seo\/ -->\n<title>La Temporada Espa\u00f1ola<\/title>\n<meta name=\"description\" content=\"Portal de noticias del Per\u00fa sobre el transporte a\u00e9reo, aviaci\u00f3n, turismo, hoteleria, actualidad.\" \/>\n<meta name=\"robots\" content=\"index, follow, max-snippet:-1, max-image-preview:large, max-video-preview:-1\" \/>\n<link rel=\"canonical\" href=\"https:\/\/aeronoticias.com.pe\/noticiero\/taurina-taurina\/la-temporada-espanola-16\/\" \/>\n<meta property=\"og:locale\" content=\"es_ES\" \/>\n<meta property=\"og:type\" content=\"article\" \/>\n<meta property=\"og:title\" content=\"La Temporada Espa\u00f1ola\" \/>\n<meta property=\"og:description\" content=\"Portal de noticias del Per\u00fa sobre el transporte a\u00e9reo, aviaci\u00f3n, turismo, hoteleria, actualidad.\" \/>\n<meta property=\"og:url\" content=\"https:\/\/aeronoticias.com.pe\/noticiero\/taurina-taurina\/la-temporada-espanola-16\/\" \/>\n<meta property=\"og:site_name\" content=\"Aeronoticias.com.pe\" \/>\n<meta property=\"article:publisher\" content=\"https:\/\/www.facebook.com\/Aeronoticias.com.pe\/\" \/>\n<meta property=\"article:published_time\" content=\"2013-09-09T15:09:51+00:00\" \/>\n<meta name=\"author\" content=\"Redacci\u00f3n Aeronoticias\" \/>\n<meta name=\"twitter:card\" content=\"summary_large_image\" \/>\n<meta name=\"twitter:creator\" content=\"@aeronoticias\" \/>\n<meta name=\"twitter:site\" content=\"@aeronoticias\" \/>\n<meta name=\"twitter:label1\" content=\"Escrito por\" \/>\n\t<meta name=\"twitter:data1\" content=\"Redacci\u00f3n Aeronoticias\" \/>\n\t<meta name=\"twitter:label2\" content=\"Tiempo de lectura\" \/>\n\t<meta name=\"twitter:data2\" content=\"2 minutos\" \/>\n<script type=\"application\/ld+json\" class=\"yoast-schema-graph\">{\"@context\":\"https:\/\/schema.org\",\"@graph\":[{\"@type\":\"WebPage\",\"@id\":\"https:\/\/aeronoticias.com.pe\/noticiero\/taurina-taurina\/la-temporada-espanola-16\/\",\"url\":\"https:\/\/aeronoticias.com.pe\/noticiero\/taurina-taurina\/la-temporada-espanola-16\/\",\"name\":\"La Temporada Espa\u00f1ola\",\"isPartOf\":{\"@id\":\"https:\/\/aeronoticias.com.pe\/noticiero\/#website\"},\"datePublished\":\"2013-09-09T15:09:51+00:00\",\"author\":{\"@id\":\"https:\/\/aeronoticias.com.pe\/noticiero\/#\/schema\/person\/fc1e5d578f4b62ba1cf7ac2bba1170a0\"},\"description\":\"Portal de noticias del Per\u00fa sobre el transporte a\u00e9reo, aviaci\u00f3n, turismo, hoteleria, actualidad.\",\"breadcrumb\":{\"@id\":\"https:\/\/aeronoticias.com.pe\/noticiero\/taurina-taurina\/la-temporada-espanola-16\/#breadcrumb\"},\"inLanguage\":\"es\",\"potentialAction\":[{\"@type\":\"ReadAction\",\"target\":[\"https:\/\/aeronoticias.com.pe\/noticiero\/taurina-taurina\/la-temporada-espanola-16\/\"]}]},{\"@type\":\"BreadcrumbList\",\"@id\":\"https:\/\/aeronoticias.com.pe\/noticiero\/taurina-taurina\/la-temporada-espanola-16\/#breadcrumb\",\"itemListElement\":[{\"@type\":\"ListItem\",\"position\":1,\"name\":\"Portada\",\"item\":\"https:\/\/aeronoticias.com.pe\/noticiero\/\"},{\"@type\":\"ListItem\",\"position\":2,\"name\":\"La Temporada Espa\u00f1ola\"}]},{\"@type\":\"WebSite\",\"@id\":\"https:\/\/aeronoticias.com.pe\/noticiero\/#website\",\"url\":\"https:\/\/aeronoticias.com.pe\/noticiero\/\",\"name\":\"Aeronoticias.com.pe\",\"description\":\"Noticias de tranporte aereo, turismo, hoteles, gastronomia, actualidad, internacional\",\"potentialAction\":[{\"@type\":\"SearchAction\",\"target\":{\"@type\":\"EntryPoint\",\"urlTemplate\":\"https:\/\/aeronoticias.com.pe\/noticiero\/?s={search_term_string}\"},\"query-input\":{\"@type\":\"PropertyValueSpecification\",\"valueRequired\":true,\"valueName\":\"search_term_string\"}}],\"inLanguage\":\"es\"},{\"@type\":\"Person\",\"@id\":\"https:\/\/aeronoticias.com.pe\/noticiero\/#\/schema\/person\/fc1e5d578f4b62ba1cf7ac2bba1170a0\",\"name\":\"Redacci\u00f3n Aeronoticias\",\"url\":\"https:\/\/aeronoticias.com.pe\/noticiero\/author\/piloto\/\"}]}<\/script>\n<!-- \/ Yoast SEO plugin. -->","yoast_head_json":{"title":"La Temporada Espa\u00f1ola","description":"Portal de noticias del Per\u00fa sobre el transporte a\u00e9reo, aviaci\u00f3n, turismo, hoteleria, actualidad.","robots":{"index":"index","follow":"follow","max-snippet":"max-snippet:-1","max-image-preview":"max-image-preview:large","max-video-preview":"max-video-preview:-1"},"canonical":"https:\/\/aeronoticias.com.pe\/noticiero\/taurina-taurina\/la-temporada-espanola-16\/","og_locale":"es_ES","og_type":"article","og_title":"La Temporada Espa\u00f1ola","og_description":"Portal de noticias del Per\u00fa sobre el transporte a\u00e9reo, aviaci\u00f3n, turismo, hoteleria, actualidad.","og_url":"https:\/\/aeronoticias.com.pe\/noticiero\/taurina-taurina\/la-temporada-espanola-16\/","og_site_name":"Aeronoticias.com.pe","article_publisher":"https:\/\/www.facebook.com\/Aeronoticias.com.pe\/","article_published_time":"2013-09-09T15:09:51+00:00","author":"Redacci\u00f3n Aeronoticias","twitter_card":"summary_large_image","twitter_creator":"@aeronoticias","twitter_site":"@aeronoticias","twitter_misc":{"Escrito por":"Redacci\u00f3n Aeronoticias","Tiempo de lectura":"2 minutos"},"schema":{"@context":"https:\/\/schema.org","@graph":[{"@type":"WebPage","@id":"https:\/\/aeronoticias.com.pe\/noticiero\/taurina-taurina\/la-temporada-espanola-16\/","url":"https:\/\/aeronoticias.com.pe\/noticiero\/taurina-taurina\/la-temporada-espanola-16\/","name":"La Temporada Espa\u00f1ola","isPartOf":{"@id":"https:\/\/aeronoticias.com.pe\/noticiero\/#website"},"datePublished":"2013-09-09T15:09:51+00:00","author":{"@id":"https:\/\/aeronoticias.com.pe\/noticiero\/#\/schema\/person\/fc1e5d578f4b62ba1cf7ac2bba1170a0"},"description":"Portal de noticias del Per\u00fa sobre el transporte a\u00e9reo, aviaci\u00f3n, turismo, hoteleria, actualidad.","breadcrumb":{"@id":"https:\/\/aeronoticias.com.pe\/noticiero\/taurina-taurina\/la-temporada-espanola-16\/#breadcrumb"},"inLanguage":"es","potentialAction":[{"@type":"ReadAction","target":["https:\/\/aeronoticias.com.pe\/noticiero\/taurina-taurina\/la-temporada-espanola-16\/"]}]},{"@type":"BreadcrumbList","@id":"https:\/\/aeronoticias.com.pe\/noticiero\/taurina-taurina\/la-temporada-espanola-16\/#breadcrumb","itemListElement":[{"@type":"ListItem","position":1,"name":"Portada","item":"https:\/\/aeronoticias.com.pe\/noticiero\/"},{"@type":"ListItem","position":2,"name":"La Temporada Espa\u00f1ola"}]},{"@type":"WebSite","@id":"https:\/\/aeronoticias.com.pe\/noticiero\/#website","url":"https:\/\/aeronoticias.com.pe\/noticiero\/","name":"Aeronoticias.com.pe","description":"Noticias de tranporte aereo, turismo, hoteles, gastronomia, actualidad, internacional","potentialAction":[{"@type":"SearchAction","target":{"@type":"EntryPoint","urlTemplate":"https:\/\/aeronoticias.com.pe\/noticiero\/?s={search_term_string}"},"query-input":{"@type":"PropertyValueSpecification","valueRequired":true,"valueName":"search_term_string"}}],"inLanguage":"es"},{"@type":"Person","@id":"https:\/\/aeronoticias.com.pe\/noticiero\/#\/schema\/person\/fc1e5d578f4b62ba1cf7ac2bba1170a0","name":"Redacci\u00f3n Aeronoticias","url":"https:\/\/aeronoticias.com.pe\/noticiero\/author\/piloto\/"}]}},"_links":{"self":[{"href":"https:\/\/aeronoticias.com.pe\/noticiero\/wp-json\/wp\/v2\/posts\/40123","targetHints":{"allow":["GET"]}}],"collection":[{"href":"https:\/\/aeronoticias.com.pe\/noticiero\/wp-json\/wp\/v2\/posts"}],"about":[{"href":"https:\/\/aeronoticias.com.pe\/noticiero\/wp-json\/wp\/v2\/types\/post"}],"author":[{"embeddable":true,"href":"https:\/\/aeronoticias.com.pe\/noticiero\/wp-json\/wp\/v2\/users\/1"}],"replies":[{"embeddable":true,"href":"https:\/\/aeronoticias.com.pe\/noticiero\/wp-json\/wp\/v2\/comments?post=40123"}],"version-history":[{"count":0,"href":"https:\/\/aeronoticias.com.pe\/noticiero\/wp-json\/wp\/v2\/posts\/40123\/revisions"}],"wp:attachment":[{"href":"https:\/\/aeronoticias.com.pe\/noticiero\/wp-json\/wp\/v2\/media?parent=40123"}],"wp:term":[{"taxonomy":"category","embeddable":true,"href":"https:\/\/aeronoticias.com.pe\/noticiero\/wp-json\/wp\/v2\/categories?post=40123"},{"taxonomy":"post_tag","embeddable":true,"href":"https:\/\/aeronoticias.com.pe\/noticiero\/wp-json\/wp\/v2\/tags?post=40123"}],"curies":[{"name":"wp","href":"https:\/\/api.w.org\/{rel}","templated":true}]}}