{"id":40124,"date":"2013-09-09T15:22:18","date_gmt":"2013-09-09T15:22:18","guid":{"rendered":"http:\/\/desarrollo.mcvicious.com\/aero2020\/2013\/09\/09\/de-nuestro-baul-taurino-7\/"},"modified":"2013-09-09T15:22:18","modified_gmt":"2013-09-09T15:22:18","slug":"de-nuestro-baul-taurino-7","status":"publish","type":"post","link":"https:\/\/aeronoticias.com.pe\/noticiero\/taurina-taurina\/de-nuestro-baul-taurino-7\/","title":{"rendered":"De nuestro ba\u00fal taurino"},"content":{"rendered":"<p style=\"text-align: justify;\"><strong>(Aeronoticias) <\/strong><span style=\"line-height: 1.3em;\"><strong>La Plaza Monumental de Chacra R\u00edos.- <\/strong> <\/span><span style=\"line-height: 1.3em;\">Losa aficionados j\u00f3venes conocen desde luego nuestra Plaza de Acho. Tal vez hayan podido o\u00edr hablar o habr\u00e1n podido leer sobre la Plaza Monumental de Chacra R\u00edos, pero es posible que haya quienes ignoren que el Coliseo Amauta result\u00f3 de la transformaci\u00f3n de esta Plaza de toros.<\/span><\/p>\n<p style=\"text-align: justify;\"><span style=\"line-height: 1.3em;\">Hasta el a\u00f1o 1944 se toreaba en la antigua Plaza de Acho, de ruedo muy grande y poca capacidad de espectadores, raz\u00f3n por la que se remodel\u00f3 reduciendo su ruedo y excavando se aument\u00f3 su capacidad hasta los 13 mil espectadores, quedando como es ahora. Paralelamente, un grupo de aficionados llev\u00f3 adelante un proyecto de construcci\u00f3n de una nueva Plaza m\u00e1s grande; esta fue la Plaza Monumental de Chacra R\u00edos cuya capacidad era de 20,000 espectadores.<\/span><\/p>\n<p style=\"text-align: justify;\"><span style=\"line-height: 1.3em;\">La Monumental se inaugur\u00f3 con una peque\u00f1a temporada con toreros peruanos, Rovira y Montani, espa\u00f1oles y mejicanos. La corrida inaugural se realiz\u00f3 el 14 de Marzo de 1945. Integraban el cartel Conchita Cintr\u00f3n, Antonio Vel\u00e1squez, Rovira y Paquito mu\u00f1oz con toros de La Vi\u00f1a. Contaba mi padre que la corrida se inici\u00f3 con retraso por el tr\u00e1fico y que no result\u00f3 buena por causa del ganado.<\/span><\/p>\n<p style=\"text-align: justify;\"><span style=\"line-height: 1.3em;\">En esta Plaza se realiz\u00f3 la feria del Se\u00f1or de los Milagros de los a\u00f1os 1949, 1950 y 1951, a las cuales quien escribe asisti\u00f3, siendo estas las primeras Ferias que vio. En ellas actuaron figuras espa\u00f1olas como Pepe Luis V\u00e1squez, Antonio Bienvenida, Luis Miguel Domingu\u00edn, Julio Aparicio, Litri, Pep\u00edn Mart\u00edn V\u00e1squez, Rafael Ortega, Manolo Gonz\u00e1lez y mexicanos como Carlos Arruza y Luis Procuna.<\/span><\/p>\n<p style=\"text-align: justify;\"><span style=\"line-height: 1.3em;\">La \u00faltima temporada que se dio en esta Plaza fue en el verano del a\u00f1o 1953. La Plaza era bonita pero ten\u00eda el inconveniente de ser muy ventosa, lo que molestaba mucho para la lidia. Adem\u00e1s de corridas de toros se dieron otros espect\u00e1culos como la actuaci\u00f3n de los Globe Trotters, d\u00e1ndose el caso de que nunca se llen\u00f3 en corridas formales de toros y que los \u00fanicos que la llenaron fueron precisamente los mencionados basquetbolistas y El Bombero Torero.<\/span><\/p>\n<p style=\"text-align: justify;\"><span style=\"line-height: 1.3em;\">Ca\u00edda en el abandono fue en una \u00e9poca corral para ganado rumbo al camal y despu\u00e9s se remodel\u00f3 convirti\u00e9ndose en el Coliseo Amauta, escenario de buenos espect\u00e1culos como el Holiday On Ice de patinaje en hielo, as\u00ed como fue escenario del Campeonato Mundial de V\u00f3ley Femenino de 1982. En la actualidad est\u00e1 en abandono.<\/span><\/p>\n<p style=\"text-align: justify;\"><span style=\"line-height: 1.3em;\"><img decoding=\"async\" src=\"images\/stories\/13\/09\/090913\/acho.jpg\" border=\"0\" \/><br \/><\/span><\/p>\n","protected":false},"excerpt":{"rendered":"<p>(Aeronoticias) La Plaza Monumental de Chacra R\u00edos.- Losa aficionados j\u00f3venes conocen desde luego nuestra Plaza de Acho. Tal vez hayan podido o\u00edr hablar o habr\u00e1n podido leer sobre la Plaza Monumental de Chacra R\u00edos, pero es posible que haya quienes ignoren que el Coliseo Amauta result\u00f3 de la transformaci\u00f3n de esta Plaza de toros. Hasta [&hellip;]<\/p>\n","protected":false},"author":1,"featured_media":0,"comment_status":"open","ping_status":"open","sticky":false,"template":"","format":"standard","meta":{"tdm_status":"","tdm_grid_status":"","footnotes":""},"categories":[46],"tags":[],"class_list":{"0":"post-40124","1":"post","2":"type-post","3":"status-publish","4":"format-standard","6":"category-taurina-taurina"},"yoast_head":"<!-- This site is optimized with the Yoast SEO plugin v25.1 - https:\/\/yoast.com\/wordpress\/plugins\/seo\/ -->\n<title>De nuestro ba\u00fal taurino<\/title>\n<meta name=\"description\" content=\"Portal de noticias del Per\u00fa sobre el transporte a\u00e9reo, aviaci\u00f3n, turismo, hoteleria, actualidad.\" \/>\n<meta name=\"robots\" content=\"index, follow, max-snippet:-1, max-image-preview:large, max-video-preview:-1\" \/>\n<link rel=\"canonical\" href=\"https:\/\/aeronoticias.com.pe\/noticiero\/taurina-taurina\/de-nuestro-baul-taurino-7\/\" \/>\n<meta property=\"og:locale\" content=\"es_ES\" \/>\n<meta property=\"og:type\" content=\"article\" \/>\n<meta property=\"og:title\" content=\"De nuestro ba\u00fal taurino\" \/>\n<meta property=\"og:description\" content=\"Portal de noticias del Per\u00fa sobre el transporte a\u00e9reo, aviaci\u00f3n, turismo, hoteleria, actualidad.\" \/>\n<meta property=\"og:url\" content=\"https:\/\/aeronoticias.com.pe\/noticiero\/taurina-taurina\/de-nuestro-baul-taurino-7\/\" \/>\n<meta property=\"og:site_name\" content=\"Aeronoticias.com.pe\" \/>\n<meta property=\"article:publisher\" content=\"https:\/\/www.facebook.com\/Aeronoticias.com.pe\/\" \/>\n<meta property=\"article:published_time\" content=\"2013-09-09T15:22:18+00:00\" \/>\n<meta name=\"author\" content=\"Redacci\u00f3n Aeronoticias\" \/>\n<meta name=\"twitter:card\" content=\"summary_large_image\" \/>\n<meta name=\"twitter:creator\" content=\"@aeronoticias\" \/>\n<meta name=\"twitter:site\" content=\"@aeronoticias\" \/>\n<meta name=\"twitter:label1\" content=\"Escrito por\" \/>\n\t<meta name=\"twitter:data1\" content=\"Redacci\u00f3n Aeronoticias\" \/>\n\t<meta name=\"twitter:label2\" content=\"Tiempo de lectura\" \/>\n\t<meta name=\"twitter:data2\" content=\"2 minutos\" \/>\n<script type=\"application\/ld+json\" class=\"yoast-schema-graph\">{\"@context\":\"https:\/\/schema.org\",\"@graph\":[{\"@type\":\"WebPage\",\"@id\":\"https:\/\/aeronoticias.com.pe\/noticiero\/taurina-taurina\/de-nuestro-baul-taurino-7\/\",\"url\":\"https:\/\/aeronoticias.com.pe\/noticiero\/taurina-taurina\/de-nuestro-baul-taurino-7\/\",\"name\":\"De nuestro ba\u00fal taurino\",\"isPartOf\":{\"@id\":\"https:\/\/aeronoticias.com.pe\/noticiero\/#website\"},\"datePublished\":\"2013-09-09T15:22:18+00:00\",\"author\":{\"@id\":\"https:\/\/aeronoticias.com.pe\/noticiero\/#\/schema\/person\/fc1e5d578f4b62ba1cf7ac2bba1170a0\"},\"description\":\"Portal de noticias del Per\u00fa sobre el transporte a\u00e9reo, aviaci\u00f3n, turismo, hoteleria, actualidad.\",\"breadcrumb\":{\"@id\":\"https:\/\/aeronoticias.com.pe\/noticiero\/taurina-taurina\/de-nuestro-baul-taurino-7\/#breadcrumb\"},\"inLanguage\":\"es\",\"potentialAction\":[{\"@type\":\"ReadAction\",\"target\":[\"https:\/\/aeronoticias.com.pe\/noticiero\/taurina-taurina\/de-nuestro-baul-taurino-7\/\"]}]},{\"@type\":\"BreadcrumbList\",\"@id\":\"https:\/\/aeronoticias.com.pe\/noticiero\/taurina-taurina\/de-nuestro-baul-taurino-7\/#breadcrumb\",\"itemListElement\":[{\"@type\":\"ListItem\",\"position\":1,\"name\":\"Portada\",\"item\":\"https:\/\/aeronoticias.com.pe\/noticiero\/\"},{\"@type\":\"ListItem\",\"position\":2,\"name\":\"De nuestro ba\u00fal taurino\"}]},{\"@type\":\"WebSite\",\"@id\":\"https:\/\/aeronoticias.com.pe\/noticiero\/#website\",\"url\":\"https:\/\/aeronoticias.com.pe\/noticiero\/\",\"name\":\"Aeronoticias.com.pe\",\"description\":\"Noticias de tranporte aereo, turismo, hoteles, gastronomia, actualidad, internacional\",\"potentialAction\":[{\"@type\":\"SearchAction\",\"target\":{\"@type\":\"EntryPoint\",\"urlTemplate\":\"https:\/\/aeronoticias.com.pe\/noticiero\/?s={search_term_string}\"},\"query-input\":{\"@type\":\"PropertyValueSpecification\",\"valueRequired\":true,\"valueName\":\"search_term_string\"}}],\"inLanguage\":\"es\"},{\"@type\":\"Person\",\"@id\":\"https:\/\/aeronoticias.com.pe\/noticiero\/#\/schema\/person\/fc1e5d578f4b62ba1cf7ac2bba1170a0\",\"name\":\"Redacci\u00f3n Aeronoticias\",\"url\":\"https:\/\/aeronoticias.com.pe\/noticiero\/author\/piloto\/\"}]}<\/script>\n<!-- \/ Yoast SEO plugin. -->","yoast_head_json":{"title":"De nuestro ba\u00fal taurino","description":"Portal de noticias del Per\u00fa sobre el transporte a\u00e9reo, aviaci\u00f3n, turismo, hoteleria, actualidad.","robots":{"index":"index","follow":"follow","max-snippet":"max-snippet:-1","max-image-preview":"max-image-preview:large","max-video-preview":"max-video-preview:-1"},"canonical":"https:\/\/aeronoticias.com.pe\/noticiero\/taurina-taurina\/de-nuestro-baul-taurino-7\/","og_locale":"es_ES","og_type":"article","og_title":"De nuestro ba\u00fal taurino","og_description":"Portal de noticias del Per\u00fa sobre el transporte a\u00e9reo, aviaci\u00f3n, turismo, hoteleria, actualidad.","og_url":"https:\/\/aeronoticias.com.pe\/noticiero\/taurina-taurina\/de-nuestro-baul-taurino-7\/","og_site_name":"Aeronoticias.com.pe","article_publisher":"https:\/\/www.facebook.com\/Aeronoticias.com.pe\/","article_published_time":"2013-09-09T15:22:18+00:00","author":"Redacci\u00f3n Aeronoticias","twitter_card":"summary_large_image","twitter_creator":"@aeronoticias","twitter_site":"@aeronoticias","twitter_misc":{"Escrito por":"Redacci\u00f3n Aeronoticias","Tiempo de lectura":"2 minutos"},"schema":{"@context":"https:\/\/schema.org","@graph":[{"@type":"WebPage","@id":"https:\/\/aeronoticias.com.pe\/noticiero\/taurina-taurina\/de-nuestro-baul-taurino-7\/","url":"https:\/\/aeronoticias.com.pe\/noticiero\/taurina-taurina\/de-nuestro-baul-taurino-7\/","name":"De nuestro ba\u00fal taurino","isPartOf":{"@id":"https:\/\/aeronoticias.com.pe\/noticiero\/#website"},"datePublished":"2013-09-09T15:22:18+00:00","author":{"@id":"https:\/\/aeronoticias.com.pe\/noticiero\/#\/schema\/person\/fc1e5d578f4b62ba1cf7ac2bba1170a0"},"description":"Portal de noticias del Per\u00fa sobre el transporte a\u00e9reo, aviaci\u00f3n, turismo, hoteleria, actualidad.","breadcrumb":{"@id":"https:\/\/aeronoticias.com.pe\/noticiero\/taurina-taurina\/de-nuestro-baul-taurino-7\/#breadcrumb"},"inLanguage":"es","potentialAction":[{"@type":"ReadAction","target":["https:\/\/aeronoticias.com.pe\/noticiero\/taurina-taurina\/de-nuestro-baul-taurino-7\/"]}]},{"@type":"BreadcrumbList","@id":"https:\/\/aeronoticias.com.pe\/noticiero\/taurina-taurina\/de-nuestro-baul-taurino-7\/#breadcrumb","itemListElement":[{"@type":"ListItem","position":1,"name":"Portada","item":"https:\/\/aeronoticias.com.pe\/noticiero\/"},{"@type":"ListItem","position":2,"name":"De nuestro ba\u00fal taurino"}]},{"@type":"WebSite","@id":"https:\/\/aeronoticias.com.pe\/noticiero\/#website","url":"https:\/\/aeronoticias.com.pe\/noticiero\/","name":"Aeronoticias.com.pe","description":"Noticias de tranporte aereo, turismo, hoteles, gastronomia, actualidad, internacional","potentialAction":[{"@type":"SearchAction","target":{"@type":"EntryPoint","urlTemplate":"https:\/\/aeronoticias.com.pe\/noticiero\/?s={search_term_string}"},"query-input":{"@type":"PropertyValueSpecification","valueRequired":true,"valueName":"search_term_string"}}],"inLanguage":"es"},{"@type":"Person","@id":"https:\/\/aeronoticias.com.pe\/noticiero\/#\/schema\/person\/fc1e5d578f4b62ba1cf7ac2bba1170a0","name":"Redacci\u00f3n Aeronoticias","url":"https:\/\/aeronoticias.com.pe\/noticiero\/author\/piloto\/"}]}},"_links":{"self":[{"href":"https:\/\/aeronoticias.com.pe\/noticiero\/wp-json\/wp\/v2\/posts\/40124","targetHints":{"allow":["GET"]}}],"collection":[{"href":"https:\/\/aeronoticias.com.pe\/noticiero\/wp-json\/wp\/v2\/posts"}],"about":[{"href":"https:\/\/aeronoticias.com.pe\/noticiero\/wp-json\/wp\/v2\/types\/post"}],"author":[{"embeddable":true,"href":"https:\/\/aeronoticias.com.pe\/noticiero\/wp-json\/wp\/v2\/users\/1"}],"replies":[{"embeddable":true,"href":"https:\/\/aeronoticias.com.pe\/noticiero\/wp-json\/wp\/v2\/comments?post=40124"}],"version-history":[{"count":0,"href":"https:\/\/aeronoticias.com.pe\/noticiero\/wp-json\/wp\/v2\/posts\/40124\/revisions"}],"wp:attachment":[{"href":"https:\/\/aeronoticias.com.pe\/noticiero\/wp-json\/wp\/v2\/media?parent=40124"}],"wp:term":[{"taxonomy":"category","embeddable":true,"href":"https:\/\/aeronoticias.com.pe\/noticiero\/wp-json\/wp\/v2\/categories?post=40124"},{"taxonomy":"post_tag","embeddable":true,"href":"https:\/\/aeronoticias.com.pe\/noticiero\/wp-json\/wp\/v2\/tags?post=40124"}],"curies":[{"name":"wp","href":"https:\/\/api.w.org\/{rel}","templated":true}]}}