{"id":40131,"date":"2013-09-09T18:12:32","date_gmt":"2013-09-09T18:12:32","guid":{"rendered":"http:\/\/desarrollo.mcvicious.com\/aero2020\/2013\/09\/09\/hermano-mason-fritz-hennings-apoya-al-candidato-al-decanato-de-la-esperanza\/"},"modified":"2013-09-09T18:12:32","modified_gmt":"2013-09-09T18:12:32","slug":"hermano-mason-fritz-hennings-apoya-al-candidato-al-decanato-de-la-esperanza","status":"publish","type":"post","link":"https:\/\/aeronoticias.com.pe\/noticiero\/ultimas\/1\/hermano-mason-fritz-hennings-apoya-al-candidato-al-decanato-de-la-esperanza\/","title":{"rendered":"Hermano mas\u00f3n Fritz Hennings apoya al candidato al Decanato de la Esperanza"},"content":{"rendered":"<p style=\"text-align: justify;\"><strong>(Aeronoticias)<\/strong>.- El connotado maestro mas\u00f3n y periodista, director de la revista Imagen, abogado colegiado, Dr. Fritz Hennings Rivera, quien es esposo de la fiscal Provincial Luz Garda Takuri Garc\u00eda, se pronunci\u00f3 en apoyo a la candidatura del Decano de la Esperanza al Colegio de Abogados de Lima, Juli\u00e1n Palac\u00edn Fern\u00e1ndez.<\/p>\n<p style=\"text-align: justify;\">Dijo que conoce al Dr. Palac\u00edn hace m\u00e1s de 30 a\u00f1os y tiene una trayectoria acad\u00e9mica-gremial impecable, que honra a la abogac\u00eda peruana.<\/p>\n<p style=\"text-align: justify;\">Su plan de trabajo de otorgar 20 mil becas para igual n\u00famero de abogados j\u00f3venes para que sigan maestr\u00eda, y 40 mil becas para un diplomado en oratoria jur\u00eddica, ser\u00e1n toda una revoluci\u00f3n en el ilustre Colegio de Abogados de Lima.<\/p>\n<p style=\"text-align: justify;\">Expres\u00f3 que la sensibilidad social de Palac\u00edn para los abogados de menos recursos se manifiesta a trav\u00e9s de su plan de trabajo para lograr un seguro m\u00e9dico privado para los abogados, la casa del abogado de la tercera edad, y fundamentalmente la ley de jubilaci\u00f3n del abogado.<\/p>\n<p style=\"text-align: justify;\">No hay ninguna duda, dijo el abogado, que las grandes mayor\u00edas de abogados de a pie de Lima Norte, Lima Sur y Lima Este, que todos los d\u00edas se ganan el pan de cada d\u00eda con el sudor de su frente deben votar por este abogado del pueblo, quien tiene una profunda sensibilidad social y gremial, y que sin lugar a dudas tiene un liderazgo que le har\u00e1 recuperar el prestigio y la gravitaci\u00f3n a la vida nacional al Colegio de Abogados de Lima.<\/p>\n<p style=\"text-align: justify;\">Como maestro mas\u00f3n, considero, dijo Fritz Hennings, que en la profundidad del esp\u00edritu de un candidato como Juli\u00e1n Palac\u00edn Fern\u00e1ndez est\u00e1 la b\u00fasqueda del bien com\u00fan, la solidaridad, el amor a la amistad, la uni\u00f3n de la familia y la defensa de la patria en su m\u00e1xima expresi\u00f3n.<\/p>\n<p style=\"text-align: justify;\"><img decoding=\"async\" src=\"images\/stories\/13\/09\/090913\/albanil.jpg\" border=\"0\" \/><\/p>\n","protected":false},"excerpt":{"rendered":"<p>(Aeronoticias).- El connotado maestro mas\u00f3n y periodista, director de la revista Imagen, abogado colegiado, Dr. Fritz Hennings Rivera, quien es esposo de la fiscal Provincial Luz Garda Takuri Garc\u00eda, se pronunci\u00f3 en apoyo a la candidatura del Decano de la Esperanza al Colegio de Abogados de Lima, Juli\u00e1n Palac\u00edn Fern\u00e1ndez. Dijo que conoce al Dr. [&hellip;]<\/p>\n","protected":false},"author":1,"featured_media":0,"comment_status":"open","ping_status":"open","sticky":false,"template":"","format":"standard","meta":{"tdm_status":"","tdm_grid_status":"","footnotes":""},"categories":[30],"tags":[],"class_list":{"0":"post-40131","1":"post","2":"type-post","3":"status-publish","4":"format-standard","6":"category-30"},"yoast_head":"<!-- This site is optimized with the Yoast SEO plugin v25.1 - https:\/\/yoast.com\/wordpress\/plugins\/seo\/ -->\n<title>Hermano mas\u00f3n Fritz Hennings apoya al candidato al Decanato de la Esperanza<\/title>\n<meta name=\"description\" content=\"Portal de noticias del Per\u00fa sobre el transporte a\u00e9reo, aviaci\u00f3n, turismo, hoteleria, actualidad.\" \/>\n<meta name=\"robots\" content=\"index, follow, max-snippet:-1, max-image-preview:large, max-video-preview:-1\" \/>\n<link rel=\"canonical\" href=\"https:\/\/aeronoticias.com.pe\/noticiero\/ultimas\/1\/hermano-mason-fritz-hennings-apoya-al-candidato-al-decanato-de-la-esperanza\/\" \/>\n<meta property=\"og:locale\" content=\"es_ES\" \/>\n<meta property=\"og:type\" content=\"article\" \/>\n<meta property=\"og:title\" content=\"Hermano mas\u00f3n Fritz Hennings apoya al candidato al Decanato de la Esperanza\" \/>\n<meta property=\"og:description\" content=\"Portal de noticias del Per\u00fa sobre el transporte a\u00e9reo, aviaci\u00f3n, turismo, hoteleria, actualidad.\" \/>\n<meta property=\"og:url\" content=\"https:\/\/aeronoticias.com.pe\/noticiero\/ultimas\/1\/hermano-mason-fritz-hennings-apoya-al-candidato-al-decanato-de-la-esperanza\/\" \/>\n<meta property=\"og:site_name\" content=\"Aeronoticias.com.pe\" \/>\n<meta property=\"article:publisher\" content=\"https:\/\/www.facebook.com\/Aeronoticias.com.pe\/\" \/>\n<meta property=\"article:published_time\" content=\"2013-09-09T18:12:32+00:00\" \/>\n<meta name=\"author\" content=\"Redacci\u00f3n Aeronoticias\" \/>\n<meta name=\"twitter:card\" content=\"summary_large_image\" \/>\n<meta name=\"twitter:creator\" content=\"@aeronoticias\" \/>\n<meta name=\"twitter:site\" content=\"@aeronoticias\" \/>\n<meta name=\"twitter:label1\" content=\"Escrito por\" \/>\n\t<meta name=\"twitter:data1\" content=\"Redacci\u00f3n Aeronoticias\" \/>\n\t<meta name=\"twitter:label2\" content=\"Tiempo de lectura\" \/>\n\t<meta name=\"twitter:data2\" content=\"2 minutos\" \/>\n<script type=\"application\/ld+json\" class=\"yoast-schema-graph\">{\"@context\":\"https:\/\/schema.org\",\"@graph\":[{\"@type\":\"WebPage\",\"@id\":\"https:\/\/aeronoticias.com.pe\/noticiero\/ultimas\/1\/hermano-mason-fritz-hennings-apoya-al-candidato-al-decanato-de-la-esperanza\/\",\"url\":\"https:\/\/aeronoticias.com.pe\/noticiero\/ultimas\/1\/hermano-mason-fritz-hennings-apoya-al-candidato-al-decanato-de-la-esperanza\/\",\"name\":\"Hermano mas\u00f3n Fritz Hennings apoya al candidato al Decanato de la Esperanza\",\"isPartOf\":{\"@id\":\"https:\/\/aeronoticias.com.pe\/noticiero\/#website\"},\"datePublished\":\"2013-09-09T18:12:32+00:00\",\"author\":{\"@id\":\"https:\/\/aeronoticias.com.pe\/noticiero\/#\/schema\/person\/fc1e5d578f4b62ba1cf7ac2bba1170a0\"},\"description\":\"Portal de noticias del Per\u00fa sobre el transporte a\u00e9reo, aviaci\u00f3n, turismo, hoteleria, actualidad.\",\"breadcrumb\":{\"@id\":\"https:\/\/aeronoticias.com.pe\/noticiero\/ultimas\/1\/hermano-mason-fritz-hennings-apoya-al-candidato-al-decanato-de-la-esperanza\/#breadcrumb\"},\"inLanguage\":\"es\",\"potentialAction\":[{\"@type\":\"ReadAction\",\"target\":[\"https:\/\/aeronoticias.com.pe\/noticiero\/ultimas\/1\/hermano-mason-fritz-hennings-apoya-al-candidato-al-decanato-de-la-esperanza\/\"]}]},{\"@type\":\"BreadcrumbList\",\"@id\":\"https:\/\/aeronoticias.com.pe\/noticiero\/ultimas\/1\/hermano-mason-fritz-hennings-apoya-al-candidato-al-decanato-de-la-esperanza\/#breadcrumb\",\"itemListElement\":[{\"@type\":\"ListItem\",\"position\":1,\"name\":\"Portada\",\"item\":\"https:\/\/aeronoticias.com.pe\/noticiero\/\"},{\"@type\":\"ListItem\",\"position\":2,\"name\":\"Hermano mas\u00f3n Fritz Hennings apoya al candidato al Decanato de la Esperanza\"}]},{\"@type\":\"WebSite\",\"@id\":\"https:\/\/aeronoticias.com.pe\/noticiero\/#website\",\"url\":\"https:\/\/aeronoticias.com.pe\/noticiero\/\",\"name\":\"Aeronoticias.com.pe\",\"description\":\"Noticias de tranporte aereo, turismo, hoteles, gastronomia, actualidad, internacional\",\"potentialAction\":[{\"@type\":\"SearchAction\",\"target\":{\"@type\":\"EntryPoint\",\"urlTemplate\":\"https:\/\/aeronoticias.com.pe\/noticiero\/?s={search_term_string}\"},\"query-input\":{\"@type\":\"PropertyValueSpecification\",\"valueRequired\":true,\"valueName\":\"search_term_string\"}}],\"inLanguage\":\"es\"},{\"@type\":\"Person\",\"@id\":\"https:\/\/aeronoticias.com.pe\/noticiero\/#\/schema\/person\/fc1e5d578f4b62ba1cf7ac2bba1170a0\",\"name\":\"Redacci\u00f3n Aeronoticias\",\"url\":\"https:\/\/aeronoticias.com.pe\/noticiero\/author\/piloto\/\"}]}<\/script>\n<!-- \/ Yoast SEO plugin. -->","yoast_head_json":{"title":"Hermano mas\u00f3n Fritz Hennings apoya al candidato al Decanato de la Esperanza","description":"Portal de noticias del Per\u00fa sobre el transporte a\u00e9reo, aviaci\u00f3n, turismo, hoteleria, actualidad.","robots":{"index":"index","follow":"follow","max-snippet":"max-snippet:-1","max-image-preview":"max-image-preview:large","max-video-preview":"max-video-preview:-1"},"canonical":"https:\/\/aeronoticias.com.pe\/noticiero\/ultimas\/1\/hermano-mason-fritz-hennings-apoya-al-candidato-al-decanato-de-la-esperanza\/","og_locale":"es_ES","og_type":"article","og_title":"Hermano mas\u00f3n Fritz Hennings apoya al candidato al Decanato de la Esperanza","og_description":"Portal de noticias del Per\u00fa sobre el transporte a\u00e9reo, aviaci\u00f3n, turismo, hoteleria, actualidad.","og_url":"https:\/\/aeronoticias.com.pe\/noticiero\/ultimas\/1\/hermano-mason-fritz-hennings-apoya-al-candidato-al-decanato-de-la-esperanza\/","og_site_name":"Aeronoticias.com.pe","article_publisher":"https:\/\/www.facebook.com\/Aeronoticias.com.pe\/","article_published_time":"2013-09-09T18:12:32+00:00","author":"Redacci\u00f3n Aeronoticias","twitter_card":"summary_large_image","twitter_creator":"@aeronoticias","twitter_site":"@aeronoticias","twitter_misc":{"Escrito por":"Redacci\u00f3n Aeronoticias","Tiempo de lectura":"2 minutos"},"schema":{"@context":"https:\/\/schema.org","@graph":[{"@type":"WebPage","@id":"https:\/\/aeronoticias.com.pe\/noticiero\/ultimas\/1\/hermano-mason-fritz-hennings-apoya-al-candidato-al-decanato-de-la-esperanza\/","url":"https:\/\/aeronoticias.com.pe\/noticiero\/ultimas\/1\/hermano-mason-fritz-hennings-apoya-al-candidato-al-decanato-de-la-esperanza\/","name":"Hermano mas\u00f3n Fritz Hennings apoya al candidato al Decanato de la Esperanza","isPartOf":{"@id":"https:\/\/aeronoticias.com.pe\/noticiero\/#website"},"datePublished":"2013-09-09T18:12:32+00:00","author":{"@id":"https:\/\/aeronoticias.com.pe\/noticiero\/#\/schema\/person\/fc1e5d578f4b62ba1cf7ac2bba1170a0"},"description":"Portal de noticias del Per\u00fa sobre el transporte a\u00e9reo, aviaci\u00f3n, turismo, hoteleria, actualidad.","breadcrumb":{"@id":"https:\/\/aeronoticias.com.pe\/noticiero\/ultimas\/1\/hermano-mason-fritz-hennings-apoya-al-candidato-al-decanato-de-la-esperanza\/#breadcrumb"},"inLanguage":"es","potentialAction":[{"@type":"ReadAction","target":["https:\/\/aeronoticias.com.pe\/noticiero\/ultimas\/1\/hermano-mason-fritz-hennings-apoya-al-candidato-al-decanato-de-la-esperanza\/"]}]},{"@type":"BreadcrumbList","@id":"https:\/\/aeronoticias.com.pe\/noticiero\/ultimas\/1\/hermano-mason-fritz-hennings-apoya-al-candidato-al-decanato-de-la-esperanza\/#breadcrumb","itemListElement":[{"@type":"ListItem","position":1,"name":"Portada","item":"https:\/\/aeronoticias.com.pe\/noticiero\/"},{"@type":"ListItem","position":2,"name":"Hermano mas\u00f3n Fritz Hennings apoya al candidato al Decanato de la Esperanza"}]},{"@type":"WebSite","@id":"https:\/\/aeronoticias.com.pe\/noticiero\/#website","url":"https:\/\/aeronoticias.com.pe\/noticiero\/","name":"Aeronoticias.com.pe","description":"Noticias de tranporte aereo, turismo, hoteles, gastronomia, actualidad, internacional","potentialAction":[{"@type":"SearchAction","target":{"@type":"EntryPoint","urlTemplate":"https:\/\/aeronoticias.com.pe\/noticiero\/?s={search_term_string}"},"query-input":{"@type":"PropertyValueSpecification","valueRequired":true,"valueName":"search_term_string"}}],"inLanguage":"es"},{"@type":"Person","@id":"https:\/\/aeronoticias.com.pe\/noticiero\/#\/schema\/person\/fc1e5d578f4b62ba1cf7ac2bba1170a0","name":"Redacci\u00f3n Aeronoticias","url":"https:\/\/aeronoticias.com.pe\/noticiero\/author\/piloto\/"}]}},"_links":{"self":[{"href":"https:\/\/aeronoticias.com.pe\/noticiero\/wp-json\/wp\/v2\/posts\/40131","targetHints":{"allow":["GET"]}}],"collection":[{"href":"https:\/\/aeronoticias.com.pe\/noticiero\/wp-json\/wp\/v2\/posts"}],"about":[{"href":"https:\/\/aeronoticias.com.pe\/noticiero\/wp-json\/wp\/v2\/types\/post"}],"author":[{"embeddable":true,"href":"https:\/\/aeronoticias.com.pe\/noticiero\/wp-json\/wp\/v2\/users\/1"}],"replies":[{"embeddable":true,"href":"https:\/\/aeronoticias.com.pe\/noticiero\/wp-json\/wp\/v2\/comments?post=40131"}],"version-history":[{"count":0,"href":"https:\/\/aeronoticias.com.pe\/noticiero\/wp-json\/wp\/v2\/posts\/40131\/revisions"}],"wp:attachment":[{"href":"https:\/\/aeronoticias.com.pe\/noticiero\/wp-json\/wp\/v2\/media?parent=40131"}],"wp:term":[{"taxonomy":"category","embeddable":true,"href":"https:\/\/aeronoticias.com.pe\/noticiero\/wp-json\/wp\/v2\/categories?post=40131"},{"taxonomy":"post_tag","embeddable":true,"href":"https:\/\/aeronoticias.com.pe\/noticiero\/wp-json\/wp\/v2\/tags?post=40131"}],"curies":[{"name":"wp","href":"https:\/\/api.w.org\/{rel}","templated":true}]}}