{"id":40134,"date":"2013-09-09T19:48:37","date_gmt":"2013-09-09T19:48:37","guid":{"rendered":"http:\/\/desarrollo.mcvicious.com\/aero2020\/2013\/09\/09\/prensa-chilena-comenta-declaraciones-de-markarian\/"},"modified":"2013-09-09T19:48:37","modified_gmt":"2013-09-09T19:48:37","slug":"prensa-chilena-comenta-declaraciones-de-markarian","status":"publish","type":"post","link":"https:\/\/aeronoticias.com.pe\/noticiero\/deportes\/prensa-chilena-comenta-declaraciones-de-markarian\/","title":{"rendered":"Prensa chilena comenta declaraciones de Markari\u00e1n"},"content":{"rendered":"<p style=\"text-align: justify;\"><strong style=\"line-height: 1.3em;\">(Aeronoticias)<\/strong><span style=\"line-height: 1.3em;\">.- \u201cA Manuel Burga lo enga\u00f1aron\u201d, afirm\u00f3 a La Tercera el t\u00e9cnico de la selecci\u00f3n peruana de futbol, Sergio Markari\u00e1n, a\u00f1adiendo que \u00a0el presidente de la Federaci\u00f3n Peruana de <\/span>F\u00fatbol<span style=\"line-height: 1.3em;\"> (FPF) \u00a0present\u00f3 una propuesta \u201cpara que cada pa\u00eds sea arbitrado por un pa\u00eds diferente cada fecha. Se aprob\u00f3 por mayor\u00eda, pero no se cumpli\u00f3\u201d.<\/span><\/p>\n<p style=\"text-align: justify;\">De esta manera se quej\u00f3 sobre el mal arbitraje que hizo el argentino Patricio Hern\u00e1n Loustan durante el encuentro que sostuvieron Per\u00fa y Uruguay la noche del pasado Viernes con el resultado de la derrota del primero por 2 a 1 que lo pone casi fuera de carrera para llegar al mundial en Brasil el pr\u00f3ximo a\u00f1o.<\/p>\n<p style=\"text-align: justify;\">Sin embargo, Markari\u00e1n precis\u00f3 que la culpa no es enteramente de los \u00e1rbitros, sino de quienes los designan: \u201c la organizaci\u00f3n informal de la Conmebol le gana la decisi\u00f3n a los presidentes y esto es lo que hay que destruir\u201d, sentenci\u00f3.<\/p>\n<p style=\"text-align: justify;\">A continuaci\u00f3n, siempre seg\u00fan La Tercera, \u00a0el D.T. de la selecci\u00f3n peruana revel\u00f3 que ha solicitado la intervenci\u00f3n de la FIFA para que \u201cAm\u00e9rica tenga el lavado que tiene que haber. Lleg\u00f3 el momento de que la FIFA ponga los ojos en Am\u00e9rica\u201d, reclam\u00f3.<\/p>\n<p style=\"text-align: justify;\">El diario chileno tambi\u00e9n reprodujo el calificativo de \u201csinverg\u00fcenza\u201d que le endilg\u00f3 \u00a0al \u00e1rbitro Loustau, nada menos que el Cardenal del Per\u00fa y Arzobispo de Lima, Juan Lu\u00eds Cipriani por la forma como condujo el desarrollo de aquel encuentro.<\/p>\n<p style=\"text-align: justify;\">Mientras tanto, lectores de La Tercera comentaron que existe una evidente mafia de este deporte que se mueve en el lado del Atl\u00e1ntico sudamericano. \u201cClaro \u2013 escribieron \u2013 consideran que m\u00e1s conviene que figure Uruguay en vez de Per\u00fa en un campeonato mundial\u201d.<\/p>\n<p style=\"text-align: justify;\"><img decoding=\"async\" src=\"images\/stories\/13\/09\/090913\/markarian.jpg\" border=\"0\" \/><\/p>\n","protected":false},"excerpt":{"rendered":"<p>(Aeronoticias).- \u201cA Manuel Burga lo enga\u00f1aron\u201d, afirm\u00f3 a La Tercera el t\u00e9cnico de la selecci\u00f3n peruana de futbol, Sergio Markari\u00e1n, a\u00f1adiendo que \u00a0el presidente de la Federaci\u00f3n Peruana de F\u00fatbol (FPF) \u00a0present\u00f3 una propuesta \u201cpara que cada pa\u00eds sea arbitrado por un pa\u00eds diferente cada fecha. Se aprob\u00f3 por mayor\u00eda, pero no se cumpli\u00f3\u201d. De [&hellip;]<\/p>\n","protected":false},"author":1,"featured_media":0,"comment_status":"open","ping_status":"open","sticky":false,"template":"","format":"standard","meta":{"tdm_status":"","tdm_grid_status":"","footnotes":""},"categories":[40],"tags":[],"class_list":{"0":"post-40134","1":"post","2":"type-post","3":"status-publish","4":"format-standard","6":"category-deportes"},"yoast_head":"<!-- This site is optimized with the Yoast SEO plugin v25.1 - https:\/\/yoast.com\/wordpress\/plugins\/seo\/ -->\n<title>Prensa chilena comenta declaraciones de Markari\u00e1n<\/title>\n<meta name=\"description\" content=\"Portal de noticias del Per\u00fa sobre el transporte a\u00e9reo, aviaci\u00f3n, turismo, hoteleria, actualidad.\" \/>\n<meta name=\"robots\" content=\"index, follow, max-snippet:-1, max-image-preview:large, max-video-preview:-1\" \/>\n<link rel=\"canonical\" href=\"https:\/\/aeronoticias.com.pe\/noticiero\/deportes\/prensa-chilena-comenta-declaraciones-de-markarian\/\" \/>\n<meta property=\"og:locale\" content=\"es_ES\" \/>\n<meta property=\"og:type\" content=\"article\" \/>\n<meta property=\"og:title\" content=\"Prensa chilena comenta declaraciones de Markari\u00e1n\" \/>\n<meta property=\"og:description\" content=\"Portal de noticias del Per\u00fa sobre el transporte a\u00e9reo, aviaci\u00f3n, turismo, hoteleria, actualidad.\" \/>\n<meta property=\"og:url\" content=\"https:\/\/aeronoticias.com.pe\/noticiero\/deportes\/prensa-chilena-comenta-declaraciones-de-markarian\/\" \/>\n<meta property=\"og:site_name\" content=\"Aeronoticias.com.pe\" \/>\n<meta property=\"article:publisher\" content=\"https:\/\/www.facebook.com\/Aeronoticias.com.pe\/\" \/>\n<meta property=\"article:published_time\" content=\"2013-09-09T19:48:37+00:00\" \/>\n<meta name=\"author\" content=\"Redacci\u00f3n Aeronoticias\" \/>\n<meta name=\"twitter:card\" content=\"summary_large_image\" \/>\n<meta name=\"twitter:creator\" content=\"@aeronoticias\" \/>\n<meta name=\"twitter:site\" content=\"@aeronoticias\" \/>\n<meta name=\"twitter:label1\" content=\"Escrito por\" \/>\n\t<meta name=\"twitter:data1\" content=\"Redacci\u00f3n Aeronoticias\" \/>\n\t<meta name=\"twitter:label2\" content=\"Tiempo de lectura\" \/>\n\t<meta name=\"twitter:data2\" content=\"2 minutos\" \/>\n<script type=\"application\/ld+json\" class=\"yoast-schema-graph\">{\"@context\":\"https:\/\/schema.org\",\"@graph\":[{\"@type\":\"WebPage\",\"@id\":\"https:\/\/aeronoticias.com.pe\/noticiero\/deportes\/prensa-chilena-comenta-declaraciones-de-markarian\/\",\"url\":\"https:\/\/aeronoticias.com.pe\/noticiero\/deportes\/prensa-chilena-comenta-declaraciones-de-markarian\/\",\"name\":\"Prensa chilena comenta declaraciones de Markari\u00e1n\",\"isPartOf\":{\"@id\":\"https:\/\/aeronoticias.com.pe\/noticiero\/#website\"},\"datePublished\":\"2013-09-09T19:48:37+00:00\",\"author\":{\"@id\":\"https:\/\/aeronoticias.com.pe\/noticiero\/#\/schema\/person\/fc1e5d578f4b62ba1cf7ac2bba1170a0\"},\"description\":\"Portal de noticias del Per\u00fa sobre el transporte a\u00e9reo, aviaci\u00f3n, turismo, hoteleria, actualidad.\",\"breadcrumb\":{\"@id\":\"https:\/\/aeronoticias.com.pe\/noticiero\/deportes\/prensa-chilena-comenta-declaraciones-de-markarian\/#breadcrumb\"},\"inLanguage\":\"es\",\"potentialAction\":[{\"@type\":\"ReadAction\",\"target\":[\"https:\/\/aeronoticias.com.pe\/noticiero\/deportes\/prensa-chilena-comenta-declaraciones-de-markarian\/\"]}]},{\"@type\":\"BreadcrumbList\",\"@id\":\"https:\/\/aeronoticias.com.pe\/noticiero\/deportes\/prensa-chilena-comenta-declaraciones-de-markarian\/#breadcrumb\",\"itemListElement\":[{\"@type\":\"ListItem\",\"position\":1,\"name\":\"Portada\",\"item\":\"https:\/\/aeronoticias.com.pe\/noticiero\/\"},{\"@type\":\"ListItem\",\"position\":2,\"name\":\"Prensa chilena comenta declaraciones de Markari\u00e1n\"}]},{\"@type\":\"WebSite\",\"@id\":\"https:\/\/aeronoticias.com.pe\/noticiero\/#website\",\"url\":\"https:\/\/aeronoticias.com.pe\/noticiero\/\",\"name\":\"Aeronoticias.com.pe\",\"description\":\"Noticias de tranporte aereo, turismo, hoteles, gastronomia, actualidad, internacional\",\"potentialAction\":[{\"@type\":\"SearchAction\",\"target\":{\"@type\":\"EntryPoint\",\"urlTemplate\":\"https:\/\/aeronoticias.com.pe\/noticiero\/?s={search_term_string}\"},\"query-input\":{\"@type\":\"PropertyValueSpecification\",\"valueRequired\":true,\"valueName\":\"search_term_string\"}}],\"inLanguage\":\"es\"},{\"@type\":\"Person\",\"@id\":\"https:\/\/aeronoticias.com.pe\/noticiero\/#\/schema\/person\/fc1e5d578f4b62ba1cf7ac2bba1170a0\",\"name\":\"Redacci\u00f3n Aeronoticias\",\"url\":\"https:\/\/aeronoticias.com.pe\/noticiero\/author\/piloto\/\"}]}<\/script>\n<!-- \/ Yoast SEO plugin. -->","yoast_head_json":{"title":"Prensa chilena comenta declaraciones de Markari\u00e1n","description":"Portal de noticias del Per\u00fa sobre el transporte a\u00e9reo, aviaci\u00f3n, turismo, hoteleria, actualidad.","robots":{"index":"index","follow":"follow","max-snippet":"max-snippet:-1","max-image-preview":"max-image-preview:large","max-video-preview":"max-video-preview:-1"},"canonical":"https:\/\/aeronoticias.com.pe\/noticiero\/deportes\/prensa-chilena-comenta-declaraciones-de-markarian\/","og_locale":"es_ES","og_type":"article","og_title":"Prensa chilena comenta declaraciones de Markari\u00e1n","og_description":"Portal de noticias del Per\u00fa sobre el transporte a\u00e9reo, aviaci\u00f3n, turismo, hoteleria, actualidad.","og_url":"https:\/\/aeronoticias.com.pe\/noticiero\/deportes\/prensa-chilena-comenta-declaraciones-de-markarian\/","og_site_name":"Aeronoticias.com.pe","article_publisher":"https:\/\/www.facebook.com\/Aeronoticias.com.pe\/","article_published_time":"2013-09-09T19:48:37+00:00","author":"Redacci\u00f3n Aeronoticias","twitter_card":"summary_large_image","twitter_creator":"@aeronoticias","twitter_site":"@aeronoticias","twitter_misc":{"Escrito por":"Redacci\u00f3n Aeronoticias","Tiempo de lectura":"2 minutos"},"schema":{"@context":"https:\/\/schema.org","@graph":[{"@type":"WebPage","@id":"https:\/\/aeronoticias.com.pe\/noticiero\/deportes\/prensa-chilena-comenta-declaraciones-de-markarian\/","url":"https:\/\/aeronoticias.com.pe\/noticiero\/deportes\/prensa-chilena-comenta-declaraciones-de-markarian\/","name":"Prensa chilena comenta declaraciones de Markari\u00e1n","isPartOf":{"@id":"https:\/\/aeronoticias.com.pe\/noticiero\/#website"},"datePublished":"2013-09-09T19:48:37+00:00","author":{"@id":"https:\/\/aeronoticias.com.pe\/noticiero\/#\/schema\/person\/fc1e5d578f4b62ba1cf7ac2bba1170a0"},"description":"Portal de noticias del Per\u00fa sobre el transporte a\u00e9reo, aviaci\u00f3n, turismo, hoteleria, actualidad.","breadcrumb":{"@id":"https:\/\/aeronoticias.com.pe\/noticiero\/deportes\/prensa-chilena-comenta-declaraciones-de-markarian\/#breadcrumb"},"inLanguage":"es","potentialAction":[{"@type":"ReadAction","target":["https:\/\/aeronoticias.com.pe\/noticiero\/deportes\/prensa-chilena-comenta-declaraciones-de-markarian\/"]}]},{"@type":"BreadcrumbList","@id":"https:\/\/aeronoticias.com.pe\/noticiero\/deportes\/prensa-chilena-comenta-declaraciones-de-markarian\/#breadcrumb","itemListElement":[{"@type":"ListItem","position":1,"name":"Portada","item":"https:\/\/aeronoticias.com.pe\/noticiero\/"},{"@type":"ListItem","position":2,"name":"Prensa chilena comenta declaraciones de Markari\u00e1n"}]},{"@type":"WebSite","@id":"https:\/\/aeronoticias.com.pe\/noticiero\/#website","url":"https:\/\/aeronoticias.com.pe\/noticiero\/","name":"Aeronoticias.com.pe","description":"Noticias de tranporte aereo, turismo, hoteles, gastronomia, actualidad, internacional","potentialAction":[{"@type":"SearchAction","target":{"@type":"EntryPoint","urlTemplate":"https:\/\/aeronoticias.com.pe\/noticiero\/?s={search_term_string}"},"query-input":{"@type":"PropertyValueSpecification","valueRequired":true,"valueName":"search_term_string"}}],"inLanguage":"es"},{"@type":"Person","@id":"https:\/\/aeronoticias.com.pe\/noticiero\/#\/schema\/person\/fc1e5d578f4b62ba1cf7ac2bba1170a0","name":"Redacci\u00f3n Aeronoticias","url":"https:\/\/aeronoticias.com.pe\/noticiero\/author\/piloto\/"}]}},"_links":{"self":[{"href":"https:\/\/aeronoticias.com.pe\/noticiero\/wp-json\/wp\/v2\/posts\/40134","targetHints":{"allow":["GET"]}}],"collection":[{"href":"https:\/\/aeronoticias.com.pe\/noticiero\/wp-json\/wp\/v2\/posts"}],"about":[{"href":"https:\/\/aeronoticias.com.pe\/noticiero\/wp-json\/wp\/v2\/types\/post"}],"author":[{"embeddable":true,"href":"https:\/\/aeronoticias.com.pe\/noticiero\/wp-json\/wp\/v2\/users\/1"}],"replies":[{"embeddable":true,"href":"https:\/\/aeronoticias.com.pe\/noticiero\/wp-json\/wp\/v2\/comments?post=40134"}],"version-history":[{"count":0,"href":"https:\/\/aeronoticias.com.pe\/noticiero\/wp-json\/wp\/v2\/posts\/40134\/revisions"}],"wp:attachment":[{"href":"https:\/\/aeronoticias.com.pe\/noticiero\/wp-json\/wp\/v2\/media?parent=40134"}],"wp:term":[{"taxonomy":"category","embeddable":true,"href":"https:\/\/aeronoticias.com.pe\/noticiero\/wp-json\/wp\/v2\/categories?post=40134"},{"taxonomy":"post_tag","embeddable":true,"href":"https:\/\/aeronoticias.com.pe\/noticiero\/wp-json\/wp\/v2\/tags?post=40134"}],"curies":[{"name":"wp","href":"https:\/\/api.w.org\/{rel}","templated":true}]}}