{"id":40138,"date":"2013-09-10T02:32:24","date_gmt":"2013-09-10T02:32:24","guid":{"rendered":"http:\/\/desarrollo.mcvicious.com\/aero2020\/2013\/09\/10\/latam-registro-un-aumento-del-16-en-su-trafico-de-pasajeros-en-agosto\/"},"modified":"2013-09-10T02:32:24","modified_gmt":"2013-09-10T02:32:24","slug":"latam-registro-un-aumento-del-16-en-su-trafico-de-pasajeros-en-agosto","status":"publish","type":"post","link":"https:\/\/aeronoticias.com.pe\/noticiero\/transporte-aereo\/internacional\/latam-registro-un-aumento-del-16-en-su-trafico-de-pasajeros-en-agosto\/","title":{"rendered":"Latam Airlines registr\u00f3 un aumento del 1,6 % en su tr\u00e1fico de pasajeros en agosto"},"content":{"rendered":"<p style=\"text-align: justify;\"><strong>(Aeronoticias).-<\/strong> Latam, el mayor grupo latinoamericano de transporte a\u00e9reo, inform\u00f3 este lunes que el tr\u00e1fico de pasajeros de la compa\u00f1\u00eda creci\u00f3 en agosto un 1,6 %, mientras que la capacidad se redujo un 0,4 %, frente a cifras del mismo periodo del a\u00f1o anterior.<\/p>\n<p style=\"text-align: justify;\">Asimismo, el factor de ocupaci\u00f3n para el octavo mes del a\u00f1o aument\u00f3 1,6 puntos porcentuales a 80,9 %, mientras el tr\u00e1fico internacional de pasajeros represent\u00f3 aproximadamente un 52 % del total del mes, seg\u00fan un comunicado de la compa\u00f1\u00eda, con matriz en Santiago y presencia en Argentina, Brasil, Colombia, Chile, Ecuador, Paraguay y Per\u00fa.<\/p>\n<p style=\"text-align: justify;\">En tanto, el tr\u00e1fico de pasajeros en las operaciones en pa\u00edses de habla hispana de la compa\u00f1\u00eda (Argentina, Chile, Per\u00fa, Ecuador y Colombia) aument\u00f3 9 %, mientras que la capacidad se increment\u00f3 en un 13,2 %. Como resultado, el factor de ocupaci\u00f3n disminuy\u00f3 2,9 puntos porcentuales a 77,0 %.<\/p>\n<p>  <!--more-->  <\/p>\n<p style=\"text-align: justify;\">Por otro lado, el tr\u00e1fico de pasajeros en Brasil disminuy\u00f3 1,7 %, mientras que la capacidad se redujo 7,1 %. Como resultado, el factor de ocupaci\u00f3n aument\u00f3 4,3 puntos porcentuales a 78,7 %.<\/p>\n<p style=\"text-align: justify;\">El tr\u00e1fico internacional de pasajeros aument\u00f3 1,8 %, mientras que la capacidad creci\u00f3 en 0,7%. El factor de ocupaci\u00f3n para el mes aument\u00f3 0,9 puntos porcentuales a 83,6 %.<\/p>\n<p style=\"text-align: justify;\">El tr\u00e1fico de carga de LATAM baj\u00f3 1,2 %, mientras que la capacidad disminuy\u00f3 un 1,1 % y el factor de ocupaci\u00f3n se mantuvo estable en 56,8 %.<\/p>\n<p style=\"text-align: justify;\">Seg\u00fan explic\u00f3 la compa\u00f1\u00eda, la disminuci\u00f3n en el tr\u00e1fico se debe a una menor demanda hacia Latinoam\u00e9rica.La aerol\u00ednea Latam naci\u00f3 oficialmente a mediados del a\u00f1o pasado, fruto de la fusi\u00f3n de la chilena Lan y la brasile\u00f1a Tam, y se le considera la principal compa\u00f1\u00eda latinoamericana de aviaci\u00f3n, con llegada de pasajeros y carga a m\u00e1s de 150 destinos en todo el mundo.<\/p>\n<p style=\"text-align: justify;\">Con informaci\u00f3n de <strong>EFE<\/p>\n<p><img decoding=\"async\" src=\"images\/stories\/13\/09\/090913\/latam.jpg\" border=\"0\" alt=\"Latam registr\u00f3 un aumento del 1,6 % en su tr\u00e1fico de pasajeros en agosto\" title=\"Latam registr\u00f3 un aumento del 1,6 % en su tr\u00e1fico de pasajeros en agosto\" \/><br \/><\/strong><\/p>\n","protected":false},"excerpt":{"rendered":"<p>(Aeronoticias).- Latam, el mayor grupo latinoamericano de transporte a\u00e9reo, inform\u00f3 este lunes que el tr\u00e1fico de pasajeros de la compa\u00f1\u00eda creci\u00f3 en agosto un 1,6 %, mientras que la capacidad se redujo un 0,4 %, frente a cifras del mismo periodo del a\u00f1o anterior. Asimismo, el factor de ocupaci\u00f3n para el octavo mes del a\u00f1o [&hellip;]<\/p>\n","protected":false},"author":1,"featured_media":0,"comment_status":"open","ping_status":"open","sticky":false,"template":"","format":"standard","meta":{"tdm_status":"","tdm_grid_status":"","footnotes":""},"categories":[32],"tags":[],"class_list":{"0":"post-40138","1":"post","2":"type-post","3":"status-publish","4":"format-standard","6":"category-internacional"},"yoast_head":"<!-- This site is optimized with the Yoast SEO plugin v25.1 - https:\/\/yoast.com\/wordpress\/plugins\/seo\/ -->\n<title>Latam Airlines registr\u00f3 un aumento del 1,6 % en su tr\u00e1fico de pasajeros en agosto<\/title>\n<meta name=\"description\" content=\"Portal de noticias del Per\u00fa sobre el transporte a\u00e9reo, aviaci\u00f3n, turismo, hoteleria, actualidad.\" \/>\n<meta name=\"robots\" content=\"index, follow, max-snippet:-1, max-image-preview:large, max-video-preview:-1\" \/>\n<link rel=\"canonical\" href=\"https:\/\/aeronoticias.com.pe\/noticiero\/transporte-aereo\/internacional\/latam-registro-un-aumento-del-16-en-su-trafico-de-pasajeros-en-agosto\/\" \/>\n<meta property=\"og:locale\" content=\"es_ES\" \/>\n<meta property=\"og:type\" content=\"article\" \/>\n<meta property=\"og:title\" content=\"Latam Airlines registr\u00f3 un aumento del 1,6 % en su tr\u00e1fico de pasajeros en agosto\" \/>\n<meta property=\"og:description\" content=\"Portal de noticias del Per\u00fa sobre el transporte a\u00e9reo, aviaci\u00f3n, turismo, hoteleria, actualidad.\" \/>\n<meta property=\"og:url\" content=\"https:\/\/aeronoticias.com.pe\/noticiero\/transporte-aereo\/internacional\/latam-registro-un-aumento-del-16-en-su-trafico-de-pasajeros-en-agosto\/\" \/>\n<meta property=\"og:site_name\" content=\"Aeronoticias.com.pe\" \/>\n<meta property=\"article:publisher\" content=\"https:\/\/www.facebook.com\/Aeronoticias.com.pe\/\" \/>\n<meta property=\"article:published_time\" content=\"2013-09-10T02:32:24+00:00\" \/>\n<meta name=\"author\" content=\"Redacci\u00f3n Aeronoticias\" \/>\n<meta name=\"twitter:card\" content=\"summary_large_image\" \/>\n<meta name=\"twitter:creator\" content=\"@aeronoticias\" \/>\n<meta name=\"twitter:site\" content=\"@aeronoticias\" \/>\n<meta name=\"twitter:label1\" content=\"Escrito por\" \/>\n\t<meta name=\"twitter:data1\" content=\"Redacci\u00f3n Aeronoticias\" \/>\n\t<meta name=\"twitter:label2\" content=\"Tiempo de lectura\" \/>\n\t<meta name=\"twitter:data2\" content=\"2 minutos\" \/>\n<script type=\"application\/ld+json\" class=\"yoast-schema-graph\">{\"@context\":\"https:\/\/schema.org\",\"@graph\":[{\"@type\":\"WebPage\",\"@id\":\"https:\/\/aeronoticias.com.pe\/noticiero\/transporte-aereo\/internacional\/latam-registro-un-aumento-del-16-en-su-trafico-de-pasajeros-en-agosto\/\",\"url\":\"https:\/\/aeronoticias.com.pe\/noticiero\/transporte-aereo\/internacional\/latam-registro-un-aumento-del-16-en-su-trafico-de-pasajeros-en-agosto\/\",\"name\":\"Latam Airlines registr\u00f3 un aumento del 1,6 % en su tr\u00e1fico de pasajeros en agosto\",\"isPartOf\":{\"@id\":\"https:\/\/aeronoticias.com.pe\/noticiero\/#website\"},\"datePublished\":\"2013-09-10T02:32:24+00:00\",\"author\":{\"@id\":\"https:\/\/aeronoticias.com.pe\/noticiero\/#\/schema\/person\/fc1e5d578f4b62ba1cf7ac2bba1170a0\"},\"description\":\"Portal de noticias del Per\u00fa sobre el transporte a\u00e9reo, aviaci\u00f3n, turismo, hoteleria, actualidad.\",\"breadcrumb\":{\"@id\":\"https:\/\/aeronoticias.com.pe\/noticiero\/transporte-aereo\/internacional\/latam-registro-un-aumento-del-16-en-su-trafico-de-pasajeros-en-agosto\/#breadcrumb\"},\"inLanguage\":\"es\",\"potentialAction\":[{\"@type\":\"ReadAction\",\"target\":[\"https:\/\/aeronoticias.com.pe\/noticiero\/transporte-aereo\/internacional\/latam-registro-un-aumento-del-16-en-su-trafico-de-pasajeros-en-agosto\/\"]}]},{\"@type\":\"BreadcrumbList\",\"@id\":\"https:\/\/aeronoticias.com.pe\/noticiero\/transporte-aereo\/internacional\/latam-registro-un-aumento-del-16-en-su-trafico-de-pasajeros-en-agosto\/#breadcrumb\",\"itemListElement\":[{\"@type\":\"ListItem\",\"position\":1,\"name\":\"Portada\",\"item\":\"https:\/\/aeronoticias.com.pe\/noticiero\/\"},{\"@type\":\"ListItem\",\"position\":2,\"name\":\"Latam Airlines registr\u00f3 un aumento del 1,6 % en su tr\u00e1fico de pasajeros en agosto\"}]},{\"@type\":\"WebSite\",\"@id\":\"https:\/\/aeronoticias.com.pe\/noticiero\/#website\",\"url\":\"https:\/\/aeronoticias.com.pe\/noticiero\/\",\"name\":\"Aeronoticias.com.pe\",\"description\":\"Noticias de tranporte aereo, turismo, hoteles, gastronomia, actualidad, internacional\",\"potentialAction\":[{\"@type\":\"SearchAction\",\"target\":{\"@type\":\"EntryPoint\",\"urlTemplate\":\"https:\/\/aeronoticias.com.pe\/noticiero\/?s={search_term_string}\"},\"query-input\":{\"@type\":\"PropertyValueSpecification\",\"valueRequired\":true,\"valueName\":\"search_term_string\"}}],\"inLanguage\":\"es\"},{\"@type\":\"Person\",\"@id\":\"https:\/\/aeronoticias.com.pe\/noticiero\/#\/schema\/person\/fc1e5d578f4b62ba1cf7ac2bba1170a0\",\"name\":\"Redacci\u00f3n Aeronoticias\",\"url\":\"https:\/\/aeronoticias.com.pe\/noticiero\/author\/piloto\/\"}]}<\/script>\n<!-- \/ Yoast SEO plugin. -->","yoast_head_json":{"title":"Latam Airlines registr\u00f3 un aumento del 1,6 % en su tr\u00e1fico de pasajeros en agosto","description":"Portal de noticias del Per\u00fa sobre el transporte a\u00e9reo, aviaci\u00f3n, turismo, hoteleria, actualidad.","robots":{"index":"index","follow":"follow","max-snippet":"max-snippet:-1","max-image-preview":"max-image-preview:large","max-video-preview":"max-video-preview:-1"},"canonical":"https:\/\/aeronoticias.com.pe\/noticiero\/transporte-aereo\/internacional\/latam-registro-un-aumento-del-16-en-su-trafico-de-pasajeros-en-agosto\/","og_locale":"es_ES","og_type":"article","og_title":"Latam Airlines registr\u00f3 un aumento del 1,6 % en su tr\u00e1fico de pasajeros en agosto","og_description":"Portal de noticias del Per\u00fa sobre el transporte a\u00e9reo, aviaci\u00f3n, turismo, hoteleria, actualidad.","og_url":"https:\/\/aeronoticias.com.pe\/noticiero\/transporte-aereo\/internacional\/latam-registro-un-aumento-del-16-en-su-trafico-de-pasajeros-en-agosto\/","og_site_name":"Aeronoticias.com.pe","article_publisher":"https:\/\/www.facebook.com\/Aeronoticias.com.pe\/","article_published_time":"2013-09-10T02:32:24+00:00","author":"Redacci\u00f3n Aeronoticias","twitter_card":"summary_large_image","twitter_creator":"@aeronoticias","twitter_site":"@aeronoticias","twitter_misc":{"Escrito por":"Redacci\u00f3n Aeronoticias","Tiempo de lectura":"2 minutos"},"schema":{"@context":"https:\/\/schema.org","@graph":[{"@type":"WebPage","@id":"https:\/\/aeronoticias.com.pe\/noticiero\/transporte-aereo\/internacional\/latam-registro-un-aumento-del-16-en-su-trafico-de-pasajeros-en-agosto\/","url":"https:\/\/aeronoticias.com.pe\/noticiero\/transporte-aereo\/internacional\/latam-registro-un-aumento-del-16-en-su-trafico-de-pasajeros-en-agosto\/","name":"Latam Airlines registr\u00f3 un aumento del 1,6 % en su tr\u00e1fico de pasajeros en agosto","isPartOf":{"@id":"https:\/\/aeronoticias.com.pe\/noticiero\/#website"},"datePublished":"2013-09-10T02:32:24+00:00","author":{"@id":"https:\/\/aeronoticias.com.pe\/noticiero\/#\/schema\/person\/fc1e5d578f4b62ba1cf7ac2bba1170a0"},"description":"Portal de noticias del Per\u00fa sobre el transporte a\u00e9reo, aviaci\u00f3n, turismo, hoteleria, actualidad.","breadcrumb":{"@id":"https:\/\/aeronoticias.com.pe\/noticiero\/transporte-aereo\/internacional\/latam-registro-un-aumento-del-16-en-su-trafico-de-pasajeros-en-agosto\/#breadcrumb"},"inLanguage":"es","potentialAction":[{"@type":"ReadAction","target":["https:\/\/aeronoticias.com.pe\/noticiero\/transporte-aereo\/internacional\/latam-registro-un-aumento-del-16-en-su-trafico-de-pasajeros-en-agosto\/"]}]},{"@type":"BreadcrumbList","@id":"https:\/\/aeronoticias.com.pe\/noticiero\/transporte-aereo\/internacional\/latam-registro-un-aumento-del-16-en-su-trafico-de-pasajeros-en-agosto\/#breadcrumb","itemListElement":[{"@type":"ListItem","position":1,"name":"Portada","item":"https:\/\/aeronoticias.com.pe\/noticiero\/"},{"@type":"ListItem","position":2,"name":"Latam Airlines registr\u00f3 un aumento del 1,6 % en su tr\u00e1fico de pasajeros en agosto"}]},{"@type":"WebSite","@id":"https:\/\/aeronoticias.com.pe\/noticiero\/#website","url":"https:\/\/aeronoticias.com.pe\/noticiero\/","name":"Aeronoticias.com.pe","description":"Noticias de tranporte aereo, turismo, hoteles, gastronomia, actualidad, internacional","potentialAction":[{"@type":"SearchAction","target":{"@type":"EntryPoint","urlTemplate":"https:\/\/aeronoticias.com.pe\/noticiero\/?s={search_term_string}"},"query-input":{"@type":"PropertyValueSpecification","valueRequired":true,"valueName":"search_term_string"}}],"inLanguage":"es"},{"@type":"Person","@id":"https:\/\/aeronoticias.com.pe\/noticiero\/#\/schema\/person\/fc1e5d578f4b62ba1cf7ac2bba1170a0","name":"Redacci\u00f3n Aeronoticias","url":"https:\/\/aeronoticias.com.pe\/noticiero\/author\/piloto\/"}]}},"_links":{"self":[{"href":"https:\/\/aeronoticias.com.pe\/noticiero\/wp-json\/wp\/v2\/posts\/40138","targetHints":{"allow":["GET"]}}],"collection":[{"href":"https:\/\/aeronoticias.com.pe\/noticiero\/wp-json\/wp\/v2\/posts"}],"about":[{"href":"https:\/\/aeronoticias.com.pe\/noticiero\/wp-json\/wp\/v2\/types\/post"}],"author":[{"embeddable":true,"href":"https:\/\/aeronoticias.com.pe\/noticiero\/wp-json\/wp\/v2\/users\/1"}],"replies":[{"embeddable":true,"href":"https:\/\/aeronoticias.com.pe\/noticiero\/wp-json\/wp\/v2\/comments?post=40138"}],"version-history":[{"count":0,"href":"https:\/\/aeronoticias.com.pe\/noticiero\/wp-json\/wp\/v2\/posts\/40138\/revisions"}],"wp:attachment":[{"href":"https:\/\/aeronoticias.com.pe\/noticiero\/wp-json\/wp\/v2\/media?parent=40138"}],"wp:term":[{"taxonomy":"category","embeddable":true,"href":"https:\/\/aeronoticias.com.pe\/noticiero\/wp-json\/wp\/v2\/categories?post=40138"},{"taxonomy":"post_tag","embeddable":true,"href":"https:\/\/aeronoticias.com.pe\/noticiero\/wp-json\/wp\/v2\/tags?post=40138"}],"curies":[{"name":"wp","href":"https:\/\/api.w.org\/{rel}","templated":true}]}}